{"id":234922,"date":"2025-11-14T04:40:19","date_gmt":"2025-11-14T04:40:19","guid":{"rendered":"https:\/\/www.europesays.com\/es\/234922\/"},"modified":"2025-11-14T04:40:19","modified_gmt":"2025-11-14T04:40:19","slug":"me-gustan-latinos-y-arabes","status":"publish","type":"post","link":"https:\/\/www.europesays.com\/es\/234922\/","title":{"rendered":"\u00abMe gustan latinos y \u00e1rabes\u00bb"},"content":{"rendered":"<p style=\"\">En un fin de semana en Madrid, <strong>Crist\u00f3bal<\/strong> (30) se enamor\u00f3 de un compa\u00f1ero de estudios. Nada particular si no fuese porque en ese momento cursaba formaci\u00f3n en el seminario en Salamanca. Pero, siguiendo el precepto de que \u00ablos caminos de Dios son inescrutables\u00bb,  &#8230; decidi\u00f3 abandonar su sue\u00f1o de ser sacerdote. Y acab\u00f3 con el coraz\u00f3n roto. \u00abEsa persona se dio cuenta de que yo no era lo que esperaba, que se hab\u00eda confundido. Yo quer\u00eda algo con \u00e9l, de hecho, le iba a proponer salirnos de all\u00ed\u00bb, relat\u00f3 este jueves 13 de noviembre dejando boquiabierto al <a href=\"https:\/\/www.abc.es\/play\/television\/noticias\/parece-poco-ridiculo-soltero-reprende-cita-tras-20251112214600-nt.html\" target=\"_self\" data-voc-vtm-id=\"in-text-traffic\" title=\"equipo de &#039;First Dates\" data-mrf-link=\"www.abc.es\" rel=\"nofollow noopener\">equipo de &#8216;First Dates<\/a>&#8216;.<\/p>\n<p class=\"voc-p\" style=\"\">Actualmente <strong>Crist\u00f3ba<\/strong>l trabaja de teleoperador en la capital, mientras que el hombre que le provoc\u00f3 mal de amores se ha convertido \u00aben un pijo tonto de Abogados Cristianos\u00bb, como ha podido averiguar en las redes sociales del susodicho. \u00c9l, por su parte, en esta nueva etapa de su vida ha conocido un mont\u00f3n de chicos, si bien todos estaban de paso o de turismo. <\/p>\n<p class=\"voc-p\" style=\"\">Y es que el jienense los busca extranjeros. \u00abMe gustan latinos y tambi\u00e9n \u00e1rabes. Pero no de Marruecos, sino de Emiratos, que son\u2026\u00bb, coment\u00f3, relatando despu\u00e9s en privado los detalles m\u00e1s \u00edntimos de una noche loca en una discoteca en la que conoci\u00f3 a un emirat\u00ed y \u00abterminamos cayendo los dos\u00bb.<\/p>\n<p>\nJos\u00e9 Caros no se atreve a decirle a Crist\u00f3bal que no le gusta\n<\/p>\n<p class=\"voc-p\" style=\"\"><strong>&#8216;First Dates&#8217;<\/strong> lo emparej\u00f3 con <strong>Jos\u00e9 Carlos<\/strong> (32), profesor y capillita sevillano, a quien Crist\u00f3bal recibi\u00f3 con un intento de baile sexy. La sorpresa no tuvo el efecto esperado en su cita: al verlo solo pens\u00f3 \u00ab&#8217;tierra tr\u00e1game&#8217;\u00bb. Nada que ver con lo que experiment\u00f3 el ex seminarista. En los totales, resumi\u00f3 lo que le pareci\u00f3 <strong>Jos\u00e9 Carlos<\/strong> con un esclarecedor \u00abme pone\u00bb. El docente luc\u00eda \u00abpijo, con camisa y viste formal\u00bb, todo lo que <strong>Crist\u00f3bal<\/strong> quer\u00eda en un chico. <\/p>\n<p class=\"voc-p\" style=\"\">Y el inter\u00e9s de uno versus el desinter\u00e9s del otro, se traslad\u00f3 a la mesa. El de Ja\u00e9n hizo todo lo posible con conectar con su pretendiente. Le cont\u00f3 para romper el hielo que iba para sacerdote, hasta que se dio cuenta a tiempo de que no era su camino. Ante tal revelaci\u00f3n, <strong>Jos\u00e9 Carlos<\/strong> lleg\u00f3 a la conclusi\u00f3n de que el \u00abcelibato no lo llev\u00f3 muy a rajatabla\u00bb en el seminario. <\/p>\n<p class=\"voc-p\" style=\"\">Una vez en la mesa, <strong>Crist\u00f3bal<\/strong> se lanz\u00f3 directamente a preguntarle a su cita sus primeras impresiones. \u00ab\u00bfQu\u00e9 te he parecido? Cuando me has visto bailando pensaba que te ibas a ir por la puerta\u00bb, apunt\u00f3. El soltero sevillano ech\u00f3 balones fuera con un ambiguo \u00abcosas peores he visto ya\u00bb. La aut\u00e9ntica opini\u00f3n que le merec\u00eda su cita se la guard\u00f3 para el momento de charlar con el equipo del restaurante. \u00abNo valgo para decirle a nadie &#8216;quillo, que no me gustas, paso de ti&#8217;. Eres feo de cojones, no hay por donde cogerte\u00bb, solt\u00f3, sin filtros. <\/p>\n<p class=\"voc-p\" style=\"\"><strong>Jos\u00e9 Carlos<\/strong> continu\u00f3 sin atreverse a sincerarse con <strong>Crist\u00f3ba<\/strong>l hasta el momento de la decisi\u00f3n final. Y eso que tuvo que esquivar la insistencia de \u00e9l en el reservado del programa para robarle un beso en la boca. De hecho, el ex seminarista no se dio por vencido ni siquiera con la negativa del sevillano a tener una segunda cita m\u00e1s all\u00e1 de una amistad. No descart\u00f3 \u00abque con unos vinillos de m\u00e1s venga detr\u00e1s\u00bb.<\/p>\n","protected":false},"excerpt":{"rendered":"En un fin de semana en Madrid, Crist\u00f3bal (30) se enamor\u00f3 de un compa\u00f1ero de estudios. Nada particular&hellip;\n","protected":false},"author":2,"featured_media":234923,"comment_status":"","ping_status":"","sticky":false,"template":"","format":"standard","meta":{"footnotes":""},"categories":[171],"tags":[20624,1733,25447,331,17365,2721,146,147,25,24,1084,2720,3239,25860,38828,23,575,214],"class_list":{"0":"post-234922","1":"post","2":"type-post","3":"status-publish","4":"format-standard","5":"has-post-thumbnail","7":"category-tv","8":"tag-abandonar","9":"tag-amor","10":"tag-arabes","11":"tag-busca","12":"tag-cura","13":"tag-dates","14":"tag-entertainment","15":"tag-entretenimiento","16":"tag-es","17":"tag-espana","18":"tag-estudios","19":"tag-first","20":"tag-gustan","21":"tag-latinos","22":"tag-seminarista","23":"tag-spain","24":"tag-tras","25":"tag-tv"},"share_on_mastodon":{"url":"https:\/\/pubeurope.com\/@es\/115546215208882657","error":""},"_links":{"self":[{"href":"https:\/\/www.europesays.com\/es\/wp-json\/wp\/v2\/posts\/234922","targetHints":{"allow":["GET"]}}],"collection":[{"href":"https:\/\/www.europesays.com\/es\/wp-json\/wp\/v2\/posts"}],"about":[{"href":"https:\/\/www.europesays.com\/es\/wp-json\/wp\/v2\/types\/post"}],"author":[{"embeddable":true,"href":"https:\/\/www.europesays.com\/es\/wp-json\/wp\/v2\/users\/2"}],"replies":[{"embeddable":true,"href":"https:\/\/www.europesays.com\/es\/wp-json\/wp\/v2\/comments?post=234922"}],"version-history":[{"count":0,"href":"https:\/\/www.europesays.com\/es\/wp-json\/wp\/v2\/posts\/234922\/revisions"}],"wp:featuredmedia":[{"embeddable":true,"href":"https:\/\/www.europesays.com\/es\/wp-json\/wp\/v2\/media\/234923"}],"wp:attachment":[{"href":"https:\/\/www.europesays.com\/es\/wp-json\/wp\/v2\/media?parent=234922"}],"wp:term":[{"taxonomy":"category","embeddable":true,"href":"https:\/\/www.europesays.com\/es\/wp-json\/wp\/v2\/categories?post=234922"},{"taxonomy":"post_tag","embeddable":true,"href":"https:\/\/www.europesays.com\/es\/wp-json\/wp\/v2\/tags?post=234922"}],"curies":[{"name":"wp","href":"https:\/\/api.w.org\/{rel}","templated":true}]}}