{"id":23493,"date":"2025-08-03T19:55:08","date_gmt":"2025-08-03T19:55:08","guid":{"rendered":"https:\/\/www.europesays.com\/es\/23493\/"},"modified":"2025-08-03T19:55:08","modified_gmt":"2025-08-03T19:55:08","slug":"ufc-hay-fecha-para-el-combate-della-maddalena-vs-makhachev","status":"publish","type":"post","link":"https:\/\/www.europesays.com\/es\/23493\/","title":{"rendered":"UFC: Hay fecha para el combate Della Maddalena vs. Makhachev"},"content":{"rendered":"<p>Se vienen grandes peleas en la <strong><a href=\"https:\/\/juanfutbol.com\/tema\/ufc\" rel=\"nofollow noopener\" target=\"_blank\">UFC<\/a><\/strong> en el segundo semestre del a\u00f1o y finalmente se ha confirmado uno de los combates m\u00e1s esperados. El campe\u00f3n daguestan\u00ed, <strong><a href=\"https:\/\/juanfutbol.com\/tema\/islam-makhachev\" rel=\"nofollow noopener\" target=\"_blank\">Islam Makhachev<\/a><\/strong> intentar\u00e1 expandir su dominio a las 170, compitiendo en su debut en la categor\u00eda por el cintur\u00f3n ante el australiano, <strong>Jack Della Maddalena<\/strong>. La pelea ha sido confirmada por el propio Khabib Nurmagomedov, poniendo fecha y sede para la batalla por el t\u00edtulo de peso w\u00e9lter. <\/p>\n<p>Luego de limpiar la categor\u00eda del peso medio, Islam Makhachev intentar\u00e1 convertirse en doble campe\u00f3n de la UFC, retando a Jack Della Maddalena en el peso w\u00e9lter. Este combate se viene calentando desde hace meses y restaban las confirmaciones para darlo por hecho.<\/p>\n<p>                        Ver Tambi\u00e9n                    <\/p>\n<p>                    <img decoding=\"async\" src=\"https:\/\/www.europesays.com\/es\/wp-content\/uploads\/2025\/08\/Notas-Compartidas-11-150x150.jpg\" alt=\"\" class=\"img-fluid\" style=\"width: 100px; height: 100px; object-fit: cover;\"\/><\/p>\n<p>Por parte de la UFC y Dana White, contin\u00faa el silencio con respecto a esta pelea. Sin embargo, en una aparici\u00f3n p\u00fablica, fue la leyenda de las MMA y entrenador de Makhachev, Khabib Nurmagomedov quien confirm\u00f3 el acuerdo. <\/p>\n<p>\u201c<strong>Tenemos un trato con la UFC. Makhachev pelear\u00e1 en Madison Square Garden. Dijeron que s\u00ed<\/strong>\u201d fueron las palabras de Khabib hace solo unas horas, confirmando as\u00ed lo que los fan\u00e1ticos tanto esperaban.<\/p>\n<p>\u00bfCu\u00e1ndo ser\u00e1 la pelea Jack della Maddalena vs. Islam Makhachev?<\/p>\n<p><strong>Khabib Nurmagomedov, al mencionar la sede de la pelea, confirma que el combate entre Jack della Maddalena e Islam Makhachev ser\u00e1 el \u2018main event\u2019 de UFC 322, que se celebrar\u00e1 en la ciudad de Nueva York el s\u00e1bado 15 de noviembre.<\/strong> <\/p>\n","protected":false},"excerpt":{"rendered":"Se vienen grandes peleas en la UFC en el segundo semestre del a\u00f1o y finalmente se ha confirmado&hellip;\n","protected":false},"author":2,"featured_media":23494,"comment_status":"","ping_status":"","sticky":false,"template":"","format":"standard","meta":{"footnotes":""},"categories":[276],"tags":[168,25,24,5375,23,167,343],"class_list":{"0":"post-23493","1":"post","2":"type-post","3":"status-publish","4":"format-standard","5":"has-post-thumbnail","7":"category-ufc","8":"tag-deportes","9":"tag-es","10":"tag-espana","11":"tag-islam-makhachev","12":"tag-spain","13":"tag-sports","14":"tag-ufc"},"share_on_mastodon":{"url":"","error":""},"_links":{"self":[{"href":"https:\/\/www.europesays.com\/es\/wp-json\/wp\/v2\/posts\/23493","targetHints":{"allow":["GET"]}}],"collection":[{"href":"https:\/\/www.europesays.com\/es\/wp-json\/wp\/v2\/posts"}],"about":[{"href":"https:\/\/www.europesays.com\/es\/wp-json\/wp\/v2\/types\/post"}],"author":[{"embeddable":true,"href":"https:\/\/www.europesays.com\/es\/wp-json\/wp\/v2\/users\/2"}],"replies":[{"embeddable":true,"href":"https:\/\/www.europesays.com\/es\/wp-json\/wp\/v2\/comments?post=23493"}],"version-history":[{"count":0,"href":"https:\/\/www.europesays.com\/es\/wp-json\/wp\/v2\/posts\/23493\/revisions"}],"wp:featuredmedia":[{"embeddable":true,"href":"https:\/\/www.europesays.com\/es\/wp-json\/wp\/v2\/media\/23494"}],"wp:attachment":[{"href":"https:\/\/www.europesays.com\/es\/wp-json\/wp\/v2\/media?parent=23493"}],"wp:term":[{"taxonomy":"category","embeddable":true,"href":"https:\/\/www.europesays.com\/es\/wp-json\/wp\/v2\/categories?post=23493"},{"taxonomy":"post_tag","embeddable":true,"href":"https:\/\/www.europesays.com\/es\/wp-json\/wp\/v2\/tags?post=23493"}],"curies":[{"name":"wp","href":"https:\/\/api.w.org\/{rel}","templated":true}]}}