{"id":234935,"date":"2025-11-14T04:49:08","date_gmt":"2025-11-14T04:49:08","guid":{"rendered":"https:\/\/www.europesays.com\/es\/234935\/"},"modified":"2025-11-14T04:49:08","modified_gmt":"2025-11-14T04:49:08","slug":"el-equilibrismo-de-junts-vota-con-el-pp-contra-aznar-y-salva-al-gobierno-en-las-nucleares-espana","status":"publish","type":"post","link":"https:\/\/www.europesays.com\/es\/234935\/","title":{"rendered":"El equilibrismo de Junts: vota con el PP, contra Aznar y salva al Gobierno en las nucleares | Espa\u00f1a"},"content":{"rendered":"<p class=\"\">Junts est\u00e1 en un momento cr\u00edtico <a href=\"https:\/\/www.congreso.es\/es\/home\" target=\"_self\" rel=\"nofollow noopener\" title=\"https:\/\/www.congreso.es\/es\/home\">en el Congreso<\/a>. La formaci\u00f3n independentista hace equilibrios para intentar compaginar su ruptura con el Gobierno de coalici\u00f3n mientras vota con y contra el PP, ataca con dureza a Pedro S\u00e1nchez, Jos\u00e9 Mar\u00eda Aznar, la FAES y el Tribunal Supremo y, de paso, saca alguna iniciativa adelante que favorezca a Catalu\u00f1a. Todo en el mismo d\u00eda. Sucedi\u00f3 este jueves, para desconcierto de casi todos los dem\u00e1s partidos de la C\u00e1mara. El Gobierno vivi\u00f3 as\u00ed como la gran victoria la derrota de <a href=\"https:\/\/elpais.com\/espana\/2025-11-13\/junts-salva-al-gobierno-con-una-abstencion-que-impide-aprobar-la-iniciativa-del-pp-sobre-la-vida-de-las-centrales-nucleares.html\" target=\"_self\" rel=\"nofollow noopener\" title=\"https:\/\/elpais.com\/espana\/2025-11-13\/junts-salva-al-gobierno-con-una-abstencion-que-impide-aprobar-la-iniciativa-del-pp-sobre-la-vida-de-las-centrales-nucleares.html\">una enmienda del PP para alargar la vida de la nuclear de Almaraz<\/a> gracias a una abstenci\u00f3n de Junts. Y los nacionalistas catalanes reaccionaron: \u201cM\u00e1s grande ser\u00e1 la derrota final\u201d. <\/p>\n<p class=\"\">Termin\u00f3 <a href=\"https:\/\/app.congreso.es\/AudiovisualCongreso\/audiovisualEmisionSemiDirecto?codOrgano=400&amp;codSesion=146&amp;idLegislaturaElegida=15&amp;fechaSesion=13\/11\/2025\" target=\"_self\" rel=\"nofollow noopener\" title=\"https:\/\/app.congreso.es\/AudiovisualCongreso\/audiovisualEmisionSemiDirecto?codOrgano=400&amp;codSesion=146&amp;idLegislaturaElegida=15&amp;fechaSesion=13\/11\/2025\">el pleno que discuti\u00f3 y aprob\u00f3 mayoritariamente dos importantes leyes, <\/a>tras varias semanas sin este tipo de debates por los problemas de estabilidad del Ejecutivo, y los siete diputados de Junts permanecieron unos minutos sentados en sus esca\u00f1os. Coordin\u00e1ndose. La bancada socialista, tan necesitada, se levant\u00f3 como un resorte para aplaudir largamente al ministro de Transportes, \u00d3scar Puente, como si fuera el protagonista del \u00e9xito nada m\u00e1s culminar las votaciones de todas las enmiendas a la ley de movilidad sostenible, donde el PP col\u00f3 en el Senado su pretensi\u00f3n de alargar la vida de la central de Almaraz, en C\u00e1ceres. Fue un \u00e9xito inesperado, en un momento simb\u00f3lico, con el PP de Feij\u00f3o, Aznar y Ayuso arremetiendo otra vez contra la amnist\u00eda en el d\u00eda en que recibi\u00f3 un importante aval europeo.<\/p>\n<p class=\"\">El presidente <a href=\"https:\/\/elpais.com\/espana\/2025-11-13\/el-gobierno-considera-una-victoria-rotunda-el-informe-del-abogado-general-de-la-ue-sobre-la-ley-de-amnistia.html\" target=\"_self\" rel=\"nofollow noopener\" title=\"https:\/\/elpais.com\/espana\/2025-11-13\/el-gobierno-considera-una-victoria-rotunda-el-informe-del-abogado-general-de-la-ue-sobre-la-ley-de-amnistia.html\">S\u00e1nchez y la vicepresidenta Mar\u00eda Jes\u00fas Montero tambi\u00e9n mostraron su enorme satisfacci\u00f3n por el c\u00f3mputo y significado de las votaciones.<\/a> Hac\u00eda d\u00edas que se vaticinaba una sonora derrota en ese punto de las nucleares y no ocurri\u00f3. La enmienda del PP no prosper\u00f3 por un voto. Decay\u00f3 al sumar solo 171 apoyos, frente a los 172 rechazos de todos los partidos que refrendaron hace dos a\u00f1os la investidura de S\u00e1nchez y con la abstenci\u00f3n de Junts. Otros puntos s\u00ed contaron con los votos de Junts, ese no. En el PP, molestos, optaron por destacar que el Ejecutivo hab\u00eda perdido otras enmiendas y, sobre todo, retaron a Junts y a los diputados socialistas extreme\u00f1os a explicar su rechazo a prolongar la vida de Almaraz.<\/p>\n<p class=\"\">En el Ejecutivo y el PSOE, sin embargo, estaban exultantes. No tanto por el trasfondo de la medida, que los cargos locales y el candidato a las elecciones en Extremadura del 21 de diciembre tendr\u00e1n problemas para justificar en su campa\u00f1a, como por lo que significa pol\u00edticamente apenas 24 horas despu\u00e9s de que <a href=\"https:\/\/elpais.com\/opinion\/2025-11-09\/el-fantasma-de-puigdemont.html\" target=\"_self\" rel=\"nofollow noopener\" title=\"https:\/\/elpais.com\/opinion\/2025-11-09\/el-fantasma-de-puigdemont.html\">la portavoz de Junts, M\u00edriam Nogueras<\/a>, hubiera descalificado al presidente del Gobierno como \u201cc\u00ednico, hip\u00f3crita y sin palabra\u201d y hubiera ratificado que su relaci\u00f3n est\u00e1 rota y sin salida.<\/p>\n<p class=\"\">S\u00e1nchez y su equipo se han tomado con mucha parsimonia estas nuevas amenazas de Junts y seleccionaran mucho a partir de ahora las propuestas y leyes a llevar al Parlamento, pero piensan que muchas, con contenidos buenos para Catalu\u00f1a, acabar\u00e1n prosperando. Este jueves se registraron en el pleno 116 votaciones desglosadas y el Ejecutivo gan\u00f3 100 y perdi\u00f3 16. Junts vot\u00f3 69 veces con la mayor\u00eda progresista y 47 veces diferente. En el balance total de mitad de mandato se han producido 1.575 votaciones y la mayor\u00eda actual ha ganado el 88% (1.379) y perdido 196.<\/p>\n<p class=\"\">Nogueras las pas\u00f3 canutas para justificar la posici\u00f3n de Junts, que en principio demanda la continuidad de las centrales instaladas en Catalu\u00f1a. Primero asegur\u00f3 que su abstenci\u00f3n era \u201ccoherente\u201d porque hab\u00edan votado lo mismo la semana pasada en el Senado, pero luego argument\u00f3 que el contenido de la enmienda era malo, sin rigor y que no estaba negociado con ellos. Tambi\u00e9n apunt\u00f3 que el texto hablaba de Almaraz y no de Asc\u00f3 y se\u00f1al\u00f3 que ahora habr\u00e1 tiempo para afrontar \u201cel problema existente\u201d de la energ\u00eda nuclear en Catalu\u00f1a, que aporta el 60% de la luz y electricidad. Ah\u00ed aprovech\u00f3 para atacar al PSC, al presidente socialista de la Generalitat, Salvador Illa, a los alcaldes de ERC de Tarragona, porque ese partido vot\u00f3 contra la enmienda popular, y luego ya deriv\u00f3 con arremetidas contra pr\u00e1cticamente todo.<\/p>\n<p class=\"\">Nogueras se mostr\u00f3 muy molesta con que el Gobierno interprete esta votaci\u00f3n como una gran victoria e insisti\u00f3 en que S\u00e1nchez contin\u00faa sin entender, pese a haberle requerido el mi\u00e9rcoles que subiera el volumen de su pinganillo en el debate, que Junts lo que demanda es que cumpla con las promesas y compromisos no saldados. La diputada fue interpelada sobre que el Gobierno puede continuar su labor en el Congreso al no prestarse Junts a votar la moci\u00f3n de censura con PP y Vox y ah\u00ed salt\u00f3: \u201cNo voy a entrar en eso pero el bot\u00f3n de las elecciones lo tenemos nosotros\u201d.<\/p>\n<p class=\"\">Nogueras defendi\u00f3 la determinaci\u00f3n de Junts de no negociar nada con el Gobierno, avanz\u00f3 que no respaldar\u00e1 el techo de gasto ni la senda de estabilidad que el Consejo de Ministros podr\u00eda discutir el pr\u00f3ximo martes y estableci\u00f3 un paralelismo entre esa postura y la que defendi\u00f3 su formaci\u00f3n el 30 de enero de 2024 cuando se opuso en un primer momento a la ley de amnist\u00eda. Nogueras entiende que aquel plant\u00f3n y las enmiendas exigidas m\u00e1s tarde por Junts ha permitido que <a href=\"https:\/\/elpais.com\/espana\/2025-11-13\/el-abogado-general-de-la-ue-despeja-el-camino-para-la-amnistia-de-puigdemont-pero-pone-reparos-a-ciertas-disposiciones-de-la-ley-de-amnistia.html\" target=\"_self\" rel=\"nofollow noopener\" title=\"https:\/\/elpais.com\/espana\/2025-11-13\/el-abogado-general-de-la-ue-despeja-el-camino-para-la-amnistia-de-puigdemont-pero-pone-reparos-a-ciertas-disposiciones-de-la-ley-de-amnistia.html\">el Abogado General de la Uni\u00f3n Europea haya avalado ahora el contenido de aquella norma <\/a>y que Carles Puigdemont est\u00e9 \u201cm\u00e1s cerca\u201d de regresar a Espa\u00f1a. La voz de Puigdemont en Madrid concluy\u00f3: \u201cPlantarse da resultados y aqu\u00ed han perdido y se han chafado \u2018el que tenga que hacer que haga\u2019 de Jos\u00e9 Mar\u00eda Aznar, su FAES, Vox y el Tribunal Supremo. Es un gran d\u00eda\u201d.<\/p>\n","protected":false},"excerpt":{"rendered":"Junts est\u00e1 en un momento cr\u00edtico en el Congreso. La formaci\u00f3n independentista hace equilibrios para intentar compaginar su&hellip;\n","protected":false},"author":2,"featured_media":234936,"comment_status":"","ping_status":"","sticky":false,"template":"","format":"standard","meta":{"footnotes":""},"categories":[8],"tags":[17,18,3834,13916,4456,6913,5220,61102,11003,25,24,13,14,11,54992,54994,3837,19,20,35916,9,10,15,16,23,12,21,22],"class_list":{"0":"post-234935","1":"post","2":"type-post","3":"status-publish","4":"format-standard","5":"has-post-thumbnail","7":"category-espana","8":"tag-breaking-news","9":"tag-breakingnews","10":"tag-carles-puigdemont","11":"tag-centrales-nucleares","12":"tag-congreso-diputados","13":"tag-debates-parlamentarios","14":"tag-energia","15":"tag-energia-no-renovable","16":"tag-energia-nuclear","17":"tag-es","18":"tag-espana","19":"tag-featured-news","20":"tag-featurednews","21":"tag-headlines","22":"tag-investidura-parlamentaria","23":"tag-investidura-parlamentaria-pedro-sanchez-2023","24":"tag-juntsxcat","25":"tag-latest-news","26":"tag-latestnews","27":"tag-miriam-nogueras","28":"tag-news","29":"tag-noticias","30":"tag-noticias-destacadas","31":"tag-noticiasdestacadas","32":"tag-spain","33":"tag-titulares","34":"tag-ultimas-noticias","35":"tag-ultimasnoticias"},"share_on_mastodon":{"url":"","error":"Validation failed: Text character limit of 500 exceeded"},"_links":{"self":[{"href":"https:\/\/www.europesays.com\/es\/wp-json\/wp\/v2\/posts\/234935","targetHints":{"allow":["GET"]}}],"collection":[{"href":"https:\/\/www.europesays.com\/es\/wp-json\/wp\/v2\/posts"}],"about":[{"href":"https:\/\/www.europesays.com\/es\/wp-json\/wp\/v2\/types\/post"}],"author":[{"embeddable":true,"href":"https:\/\/www.europesays.com\/es\/wp-json\/wp\/v2\/users\/2"}],"replies":[{"embeddable":true,"href":"https:\/\/www.europesays.com\/es\/wp-json\/wp\/v2\/comments?post=234935"}],"version-history":[{"count":0,"href":"https:\/\/www.europesays.com\/es\/wp-json\/wp\/v2\/posts\/234935\/revisions"}],"wp:featuredmedia":[{"embeddable":true,"href":"https:\/\/www.europesays.com\/es\/wp-json\/wp\/v2\/media\/234936"}],"wp:attachment":[{"href":"https:\/\/www.europesays.com\/es\/wp-json\/wp\/v2\/media?parent=234935"}],"wp:term":[{"taxonomy":"category","embeddable":true,"href":"https:\/\/www.europesays.com\/es\/wp-json\/wp\/v2\/categories?post=234935"},{"taxonomy":"post_tag","embeddable":true,"href":"https:\/\/www.europesays.com\/es\/wp-json\/wp\/v2\/tags?post=234935"}],"curies":[{"name":"wp","href":"https:\/\/api.w.org\/{rel}","templated":true}]}}