{"id":234939,"date":"2025-11-14T04:55:11","date_gmt":"2025-11-14T04:55:11","guid":{"rendered":"https:\/\/www.europesays.com\/es\/234939\/"},"modified":"2025-11-14T04:55:11","modified_gmt":"2025-11-14T04:55:11","slug":"alcaraz-se-clasifica-a-las-semifinales-de-las-nitto-atp-finals-nitto-atp-finals","status":"publish","type":"post","link":"https:\/\/www.europesays.com\/es\/234939\/","title":{"rendered":"Alcaraz se clasifica a las semifinales de las Nitto ATP Finals | Nitto ATP Finals"},"content":{"rendered":"<p>&#13;<br \/>\n            El espa\u00f1ol puede asegurar el ATP Year-End No. 1 presented by PIF este jueves&#13;\n        <\/p>\n<p>Carlos Alcaraz se ha clasificado a las semifinales de las Nitto ATP Finals despu\u00e9s de la victoria de Alex de Mi\u00f1aur por 7-6(3), 6-3 ante Taylor Fritz en la tarde del jueves.<\/p>\n<p>El espa\u00f1ol gan\u00f3 sus dos primeros partidos en esta edici\u00f3n del evento broche de temporada y liderar\u00e1 el Grupo Jimmy Connors si derrota a Lorenzo Musetti este jueves, un escenario que otorgar\u00eda a De Mi\u00f1aur la segunda plaza. Si Alcaraz pierde ante Musetti, terminar\u00e1 segundo por detr\u00e1s del italiano.<\/p>\n<p>Alcaraz tambi\u00e9n buscar\u00e1 asegurar el ATP Year-End No. 1 presented by PIF cuando ingrese en el Inalpi Arena a las 8:30 p.m CET. Si el espa\u00f1ol suma su 70\u00aa victoria del a\u00f1o, cerrar\u00e1 la temporada como No. 1 mundial y dejar\u00e1 sin opciones a Jannik Sinner. Si Alcaraz pierde ante Musetti, medir\u00eda a Sinner en las semifinales. En caso de que el italiano venciera a Alcaraz y revalidara invicto el t\u00edtulo, cerrar\u00e1 la temporada como No. 1 mundial.<\/p>\n<p>Alcaraz afronta su tercera participaci\u00f3n en las Nitto ATP Finals, siendo su mejor resultado las semifinales firmadas en 2023. El murciano ha levantado ocho t\u00edtulos en 2025, incluyendo coronas de Grand Slam en Roland Garros y el US Open. Carlos tambi\u00e9n ha ganado trofeos ATP Masters 1000 en Montecarlo, Roma y Cincinnati.<\/p>\n","protected":false},"excerpt":{"rendered":"&#13; El espa\u00f1ol puede asegurar el ATP Year-End No. 1 presented by PIF este jueves&#13; Carlos Alcaraz se&hellip;\n","protected":false},"author":2,"featured_media":234940,"comment_status":"","ping_status":"","sticky":false,"template":"","format":"standard","meta":{"footnotes":""},"categories":[274],"tags":[168,25,24,23,167,327,326],"class_list":{"0":"post-234939","1":"post","2":"type-post","3":"status-publish","4":"format-standard","5":"has-post-thumbnail","7":"category-tenis","8":"tag-deportes","9":"tag-es","10":"tag-espana","11":"tag-spain","12":"tag-sports","13":"tag-tenis","14":"tag-tennis"},"share_on_mastodon":{"url":"https:\/\/pubeurope.com\/@es\/115546274075059608","error":""},"_links":{"self":[{"href":"https:\/\/www.europesays.com\/es\/wp-json\/wp\/v2\/posts\/234939","targetHints":{"allow":["GET"]}}],"collection":[{"href":"https:\/\/www.europesays.com\/es\/wp-json\/wp\/v2\/posts"}],"about":[{"href":"https:\/\/www.europesays.com\/es\/wp-json\/wp\/v2\/types\/post"}],"author":[{"embeddable":true,"href":"https:\/\/www.europesays.com\/es\/wp-json\/wp\/v2\/users\/2"}],"replies":[{"embeddable":true,"href":"https:\/\/www.europesays.com\/es\/wp-json\/wp\/v2\/comments?post=234939"}],"version-history":[{"count":0,"href":"https:\/\/www.europesays.com\/es\/wp-json\/wp\/v2\/posts\/234939\/revisions"}],"wp:featuredmedia":[{"embeddable":true,"href":"https:\/\/www.europesays.com\/es\/wp-json\/wp\/v2\/media\/234940"}],"wp:attachment":[{"href":"https:\/\/www.europesays.com\/es\/wp-json\/wp\/v2\/media?parent=234939"}],"wp:term":[{"taxonomy":"category","embeddable":true,"href":"https:\/\/www.europesays.com\/es\/wp-json\/wp\/v2\/categories?post=234939"},{"taxonomy":"post_tag","embeddable":true,"href":"https:\/\/www.europesays.com\/es\/wp-json\/wp\/v2\/tags?post=234939"}],"curies":[{"name":"wp","href":"https:\/\/api.w.org\/{rel}","templated":true}]}}