{"id":234984,"date":"2025-11-14T05:34:11","date_gmt":"2025-11-14T05:34:11","guid":{"rendered":"https:\/\/www.europesays.com\/es\/234984\/"},"modified":"2025-11-14T05:34:11","modified_gmt":"2025-11-14T05:34:11","slug":"uno-de-los-primeros-policias-en-entrar-en-el-bataclan-la-noche-del-ataque-terrorista-lamento-no-haber-podido-salvar-mas-vidas-internacional","status":"publish","type":"post","link":"https:\/\/www.europesays.com\/es\/234984\/","title":{"rendered":"Uno de los primeros polic\u00edas en entrar en el Bataclan la noche del ataque terrorista: \u201cLamento no haber podido salvar m\u00e1s vidas\u201d | Internacional"},"content":{"rendered":"<p class=\"\">El 13 de noviembre de 2015, Michel Caboshe y una decena de polic\u00edas de la BAC 75N, la brigada anticrimen nocturna de Par\u00eds, hac\u00edan un poco de deporte antes de comenzar su turno. \u201cSolemos hacerlo antes de empezar. Recibimos una llamada. Se nos solicitaba en <a href=\"https:\/\/elpais.com\/internacional\/2025-11-12\/la-dificil-reconstruccion-del-bataclan-no-volver-es-permitir-que-triunfe-el-miedo.html\" target=\"_self\" rel=\"nofollow noopener\" title=\"https:\/\/elpais.com\/internacional\/2025-11-12\/la-dificil-reconstruccion-del-bataclan-no-volver-es-permitir-que-triunfe-el-miedo.html\">la zona de Bataclan.<\/a> No est\u00e1bamos a\u00fan de servicio, pero nos preparamos, nos uniformamos y salimos. Aunque oficialmente a\u00fan no est\u00e1bamos de servicio\u201d, subraya.<\/p>\n<p class=\"\">Caboshe y los compa\u00f1eros de su unidad fueron los primeros en entrar en la sala Bataclan la noche de los atentados terroristas del 13 de noviembre, antes incluso de que lo hiciera la BRI, la Brigada R\u00e1pida de Intervenci\u00f3n de la polic\u00eda, m\u00e1s especializada en una toma de rehenes. En realidad, la BAC act\u00faa para delitos m\u00e1s comunes, no es una unidad de \u00e9lite, as\u00ed que a\u00fan no ten\u00eda el permiso de la prefectura para intervenir.<\/p>\n<p class=\"\">Sin embargo, los polic\u00edas entraron. Como no sab\u00edan exactamente lo que se iban a encontrar, Caboshe envi\u00f3 un mensaje a su familia de despedida \u201cpor si acaso\u201d. \u201cNos fuimos a Bataclan sin pensarlo, los terroristas a\u00fan estaban dentro. No sab\u00edamos d\u00f3nde estaban ni cu\u00e1ntos eran, y r\u00e1pidamente constituimos la unidad por grupos. Yo estaba en segunda posici\u00f3n, la luz del proyector de la escena me dificultaba la visi\u00f3n. Enseguida percib\u00ed el olor a p\u00f3lvora, los cargadores que estaban por el suelo. Hab\u00eda un mar de sangre\u201d.<\/p>\n<p class=\"\">Este agente recuerda aquella noche ante un grupo de periodistas <a href=\"https:\/\/elpais.com\/internacional\/2025-11-09\/bataclan-diez-anos-del-trauma-que-cambio-francia.html\" target=\"_self\" rel=\"nofollow noopener\" title=\"https:\/\/elpais.com\/internacional\/2025-11-09\/bataclan-diez-anos-del-trauma-que-cambio-francia.html\">en la puerta de la sala de conciertos Bataclan diez a\u00f1os despu\u00e9s,<\/a> poco antes de que comience la ceremonia oficial de homenaje a las 90 personas que perdieron la vida en el establecimiento. Cuando ellos llegaron, uno de los comisarios de la BAC, Guillaume Cardy, ya estaba dentro. Fue el agente que mat\u00f3 a uno de los tres terroristas que atacaron la sala a partir de las 21.40 disparando a los asistentes a un concierto.<\/p>\n<p class=\"\">\u201cUna parte de la unidad estaba en l\u00ednea frente al escenario. Cada grupo tom\u00f3 su posici\u00f3n. Yo estaba en el lado de la derecha de la pista. Otros estaban en la parte izquierda y algunos frente a la pista. Nuestra intervenci\u00f3n se desarroll\u00f3 desde las diez de la noche hasta la liberaci\u00f3n completa de la pista, horas m\u00e1s tarde\u201d, explica este agente, junto con otros dos compa\u00f1eros que participaron en el dispositivo.<\/p>\n<p class=\"\"><a href=\"https:\/\/elpais.com\/internacional\/2025-11-10\/david-fritz-victima-del-bataclan-la-peor-herida-del-superviviente-es-la-culpabilidad.html\" target=\"_self\" rel=\"nofollow noopener\" title=\"https:\/\/elpais.com\/internacional\/2025-11-10\/david-fritz-victima-del-bataclan-la-peor-herida-del-superviviente-es-la-culpabilidad.html\">Fueron sacando a la gente como pudieron<\/a> y es en ese punto donde, 10 a\u00f1os despu\u00e9s, a\u00fan se cuestiona su intervenci\u00f3n, si \u201cpod\u00eda haber hecho m\u00e1s\u201d. \u201cTuvimos que tomar decisiones que marcan para siempre. Hab\u00eda que hacer una criba, diferenciar entre los heridos y los muertos, ir evacu\u00e1ndolos y hacer primeros auxilios en el momento. Es como medicina de guerra. \u00bfQui\u00e9n est\u00e1 por encima de la vida humana? Nadie. Por eso me reprocho haber tenido que elegir entre la vida y la muerte, entre los heridos graves y urgentes, pero hab\u00eda que tomar decisiones. A\u00fan me pregunto: \u00bfLas que hice fueron las buenas?\u201d.<\/p>\n<p class=\"\">La operaci\u00f3n en la sala Bataclan se hizo en varias fases: los polic\u00edas de la BAC entraron en la pista y trataron de sacar a la gente tras abatir a uno de los yihadistas, y los agentes de la BRI y la RAID, otra unidad de \u00e9lite, accedieron a los pisos superiores, donde estaban los otros dos terroristas con 11 rehenes. Alrededor de las 22.20, m\u00e1s de 70 agentes de las unidades de \u00e9lite de la polic\u00eda (BRI y RAID) estaban en la sala. Los rehenes fueron finalmente evacuados, y <a href=\"https:\/\/elpais.com\/internacional\/2025-11-13\/el-nuevo-perfil-del-yihadista-en-francia-diez-anos-despues-de-bataclan-joven-aislado-y-con-arma-blanca.html\" target=\"_self\" rel=\"nofollow noopener\" title=\"https:\/\/elpais.com\/internacional\/2025-11-13\/el-nuevo-perfil-del-yihadista-en-francia-diez-anos-despues-de-bataclan-joven-aislado-y-con-arma-blanca.html\">los dos terroristas <\/a>murieron al activar sus cinturones de explosivos. <\/p>\n<p class=\"\">Guillaume Cardy, el comisario de la BAC que entr\u00f3 de los primeros y aniquil\u00f3 a uno de los terroristas, ha sido ascendido y ahora dirige la RAID, la unidad de \u00e9lite m\u00e1s prestigiosa de la polic\u00eda nacional. Caboushe dej\u00f3 la polic\u00eda y ahora tiene una empresa de seguridad. Se les ofreci\u00f3 apoyo psicol\u00f3gico, que \u00e9l rechaz\u00f3. El tiempo \u201cha servido para curar heridas\u201d.<\/p>\n<p class=\"\">En la ceremonia de homenaje a las v\u00edctimas de Bataclan se han le\u00eddo los nombres de las 90 personas que fallecieron en la sala. La lectura ha durado unos diez minutos. Hab\u00eda m\u00e1s de 1.000 asistentes, entre ellos muchos supervivientes y familiares, con los que estos agentes han podido hablar, y que les recuerdan que s\u00ed, que tomaron las decisiones correctas. \u201cAlgunas nos lo han reconocido, con el tiempo me doy cuenta de que he podido tener dudas desde el punto de vista operacional, pero que lo hicimos lo mejor que pudimos\u201d, a\u00f1ade Caboushe.<\/p>\n","protected":false},"excerpt":{"rendered":"El 13 de noviembre de 2015, Michel Caboshe y una decena de polic\u00edas de la BAC 75N, la&hellip;\n","protected":false},"author":2,"featured_media":234985,"comment_status":"","ping_status":"","sticky":false,"template":"","format":"standard","meta":{"footnotes":""},"categories":[42],"tags":[20003,59689,17,18,13,14,317,61107,11,61,62,63,64,19,20,9,10,15,16,4759,592,12,21,22,431,65,66,67,18553],"class_list":{"0":"post-234984","1":"post","2":"type-post","3":"status-publish","4":"format-standard","5":"has-post-thumbnail","7":"category-internacional","8":"tag-ataques-a-personas","9":"tag-atentado-paris-13-n","10":"tag-breaking-news","11":"tag-breakingnews","12":"tag-featured-news","13":"tag-featurednews","14":"tag-francia","15":"tag-fuerzas-seguridad","16":"tag-headlines","17":"tag-internacional","18":"tag-international","19":"tag-international-news","20":"tag-internationalnews","21":"tag-latest-news","22":"tag-latestnews","23":"tag-news","24":"tag-noticias","25":"tag-noticias-destacadas","26":"tag-noticiasdestacadas","27":"tag-paris","28":"tag-terrorismo","29":"tag-titulares","30":"tag-ultimas-noticias","31":"tag-ultimasnoticias","32":"tag-victimas","33":"tag-world","34":"tag-world-news","35":"tag-worldnews","36":"tag-yihadismo"},"share_on_mastodon":{"url":"","error":"Validation failed: Text character limit of 500 exceeded"},"_links":{"self":[{"href":"https:\/\/www.europesays.com\/es\/wp-json\/wp\/v2\/posts\/234984","targetHints":{"allow":["GET"]}}],"collection":[{"href":"https:\/\/www.europesays.com\/es\/wp-json\/wp\/v2\/posts"}],"about":[{"href":"https:\/\/www.europesays.com\/es\/wp-json\/wp\/v2\/types\/post"}],"author":[{"embeddable":true,"href":"https:\/\/www.europesays.com\/es\/wp-json\/wp\/v2\/users\/2"}],"replies":[{"embeddable":true,"href":"https:\/\/www.europesays.com\/es\/wp-json\/wp\/v2\/comments?post=234984"}],"version-history":[{"count":0,"href":"https:\/\/www.europesays.com\/es\/wp-json\/wp\/v2\/posts\/234984\/revisions"}],"wp:featuredmedia":[{"embeddable":true,"href":"https:\/\/www.europesays.com\/es\/wp-json\/wp\/v2\/media\/234985"}],"wp:attachment":[{"href":"https:\/\/www.europesays.com\/es\/wp-json\/wp\/v2\/media?parent=234984"}],"wp:term":[{"taxonomy":"category","embeddable":true,"href":"https:\/\/www.europesays.com\/es\/wp-json\/wp\/v2\/categories?post=234984"},{"taxonomy":"post_tag","embeddable":true,"href":"https:\/\/www.europesays.com\/es\/wp-json\/wp\/v2\/tags?post=234984"}],"curies":[{"name":"wp","href":"https:\/\/api.w.org\/{rel}","templated":true}]}}