{"id":234995,"date":"2025-11-14T05:45:15","date_gmt":"2025-11-14T05:45:15","guid":{"rendered":"https:\/\/www.europesays.com\/es\/234995\/"},"modified":"2025-11-14T05:45:15","modified_gmt":"2025-11-14T05:45:15","slug":"si-el-tiene-que-estar-preocupado-como-estaran-los-demas","status":"publish","type":"post","link":"https:\/\/www.europesays.com\/es\/234995\/","title":{"rendered":"Si \u00e9l tiene que estar preocupado, c\u00f3mo estar\u00e1n los dem\u00e1s"},"content":{"rendered":"<p class=\"ft-text\">Los parones internacionales se han convertido en un foco de ruido medi\u00e1tico para el Real Madrid. Incluso cuando los tropiezos eran una an\u00e9cdota, el cambio de Vinicius protestando contra Xabi Alonso, su entrenador caus\u00f3 una revoluci\u00f3n. <strong>Cualquier detalle se amplifica, por la dimensi\u00f3n del equipo y todo lo que genera<\/strong>. Pero en esta ventana, la situaci\u00f3n se ha agudizado, tras los dos tropiezos consecutivos en Anfield y Vallecas, <a class=\"ft-link ft-link--decoration\" href=\"https:\/\/www.sport.es\/es\/noticias\/real-madrid\/viejo-nuevo-real-madrid-xabi-alonso-123537937\" rel=\"nofollow noopener\" target=\"_blank\">que han puesto en el punto de mira la relaci\u00f3n del t\u00e9cnico vasco y su plantilla<\/a>.<\/p>\n<p>Camacho: \u00abLos futbolistas se tienen que adaptar\u00bb<\/p>\n<p class=\"ft-text\">Sin embargo, para hombres como Jos\u00e9 Antonio Camacho, Carlo Ancelotti o Vicente del Bosque, que se han sentado en ese banquillo y conocen la trastienda del club, su empat\u00eda es m\u00e1xima con el t\u00e9cnico al que se le ha encargado una complicada reconstrucci\u00f3n del Real Madrid. \u00abLo importante es que est\u00e1 primero en Liga y dentro del &#8216;top 8&#8217; en Champions. <strong>El problema es que en el Real Madrid hay que ganar todos los partidos desde el primer minuto hasta el \u00faltimo<\/strong> desde el inicio de la temporada. Eso muy largo y cuando tienes que estar bien es en febrero\u00bb, reconoce Camacho.<\/p>\n<p class=\"ft-text\">\u00abCreo que a vosotros los periodistas os toca el debate, pero no podemos estar opinando todo el tiempo. Al final se vuelve todo el mundo loco. Yo creo que \u00e9l tiene la capacidad suficiente para saber lo que tiene que hacer y bueno, en cada partido, depende del campo, va a pasar una cosa u otra. <strong>Depende tambi\u00e9n si los contrarios pierden o ganan. <\/strong>Pero es que, si hablamos de Xabi Alonso, imag\u00ednate los que van detr\u00e1s, que creo que son bastantes m\u00e1s. \u00bfC\u00f3mo va a estar preocupado?\u00bb, argumenta Camacho.<\/p>\n<p class=\"ft-text\">Leyenda viva del Real Madrid, el de Cieza se retir\u00f3 en 1989 y pocos a\u00f1os despu\u00e9s ascendi\u00f3 al Rayo a Primera como entrenador. Su \u00e9xito con el Espanyol y su paso por el Sevilla le sirvieron para regresar al Real Madrid en el verano de 1998, pero no lleg\u00f3 siquiera a debutar: dimiti\u00f3.<strong> En 2004, con Florentino P\u00e9rez en la presidencia y no con Lorenzo Sanz, accedi\u00f3 de nuevo al cargo<\/strong>, pero apenas aguant\u00f3 tres jornadas de liga. Los fichajes no correspondidos impulsaron su decisi\u00f3n.<\/p>\n<p>Del Bosque: \u00abA veces hay que ser m\u00e1s prudente\u00bb<\/p>\n<p class=\"ft-text\">Esta historia evidencia la importancia que siempre le ha dado el presidente blanco a los jugadores con respecto a los t\u00e9cnicos. \u00abAl final, hay cinco cambios, los futbolistas se tienen que adaptar.<strong> \u00bfQuitar a una estrella como Mbapp\u00e9 o Vinicius? Es m\u00e1s dif\u00edcil, porque juegan a ser Bal\u00f3n de Oro, Bota de Oro&#8230;<\/strong> Pero tienen que terminar entendi\u00e9ndolo\u00bb, argumenta Camacho sobre las disputas p\u00fablicas que se han venido registrado esta temporada en el l\u00edder de LaLiga y el \u00fanico equipo espa\u00f1ol actualmente en el &#8216;top 8&#8217; de la Champions.<\/p>\n<p class=\"ft-text\">Esa foto actual es la que lleva a Camacho a decir: \u00abEsto es el Madrid. Si dij\u00e9semos que el Madrid es segundo, a seis puntos del l\u00edder&#8230; Pero, \u00bfqui\u00e9n va primero? Pues eso. Si Xabi Alonso tiene que estar preocupado, c\u00f3mo estar\u00e1 el resto&#8230; <strong>\u00bfQui\u00e9n es el entrenador ideal para el Madrid? Pues el que gana<\/strong>. El que lo logra, siempre es un fen\u00f3meno\u00bb, zanja un hombre que tambi\u00e9n fue seleccionador y que, por tanto, sufri\u00f3 la presi\u00f3n multipolar de un panorama medi\u00e1tico que era hostil.<\/p>\n<p class=\"ft-text\">Por, Del Bosque, que lo tuvo en la selecci\u00f3n, y lo conoce bien, le da un consejo: \u00abA veces que hay que ser m\u00e1s prudente y no ser demasiado expl\u00edcito. <strong>No lo digo solo por Xabi, que lo hace de calle, pero en ocasiones cabe ser menos transparente<\/strong>\u00ab. Porque al vasco se le nota menos, a diferencia de lo que suced\u00eda con su predecesor, Carlo Ancelotti, quien manejaba a la perfecci\u00f3n las ruedas de prensa que se le atragantan al actual t\u00e9cnico blanco. Con todo, el italiano, otro de sus mentores, est\u00e1 seguro de que \u00abtriunfar\u00e1 en el Real Madrid, porque veo a un equipo s\u00f3lido\u00bb.<\/p>\n","protected":false},"excerpt":{"rendered":"Los parones internacionales se han convertido en un foco de ruido medi\u00e1tico para el Real Madrid. Incluso cuando&hellip;\n","protected":false},"author":2,"featured_media":234996,"comment_status":"","ping_status":"","sticky":false,"template":"","format":"standard","meta":{"footnotes":""},"categories":[268],"tags":[3732,168,1539,25,24,280,282,205,798,281,23,167,55610,1781,10344],"class_list":{"0":"post-234995","1":"post","2":"type-post","3":"status-publish","4":"format-standard","5":"has-post-thumbnail","7":"category-futbol","8":"tag-alonso","9":"tag-deportes","10":"tag-entrenadores","11":"tag-es","12":"tag-espana","13":"tag-football","14":"tag-futbol","15":"tag-madrid","16":"tag-real","17":"tag-soccer","18":"tag-spain","19":"tag-sports","20":"tag-vuelcan","21":"tag-xabi","22":"tag-xabi-alonso"},"share_on_mastodon":{"url":"https:\/\/pubeurope.com\/@es\/115546470732633843","error":""},"_links":{"self":[{"href":"https:\/\/www.europesays.com\/es\/wp-json\/wp\/v2\/posts\/234995","targetHints":{"allow":["GET"]}}],"collection":[{"href":"https:\/\/www.europesays.com\/es\/wp-json\/wp\/v2\/posts"}],"about":[{"href":"https:\/\/www.europesays.com\/es\/wp-json\/wp\/v2\/types\/post"}],"author":[{"embeddable":true,"href":"https:\/\/www.europesays.com\/es\/wp-json\/wp\/v2\/users\/2"}],"replies":[{"embeddable":true,"href":"https:\/\/www.europesays.com\/es\/wp-json\/wp\/v2\/comments?post=234995"}],"version-history":[{"count":0,"href":"https:\/\/www.europesays.com\/es\/wp-json\/wp\/v2\/posts\/234995\/revisions"}],"wp:featuredmedia":[{"embeddable":true,"href":"https:\/\/www.europesays.com\/es\/wp-json\/wp\/v2\/media\/234996"}],"wp:attachment":[{"href":"https:\/\/www.europesays.com\/es\/wp-json\/wp\/v2\/media?parent=234995"}],"wp:term":[{"taxonomy":"category","embeddable":true,"href":"https:\/\/www.europesays.com\/es\/wp-json\/wp\/v2\/categories?post=234995"},{"taxonomy":"post_tag","embeddable":true,"href":"https:\/\/www.europesays.com\/es\/wp-json\/wp\/v2\/tags?post=234995"}],"curies":[{"name":"wp","href":"https:\/\/api.w.org\/{rel}","templated":true}]}}