{"id":234999,"date":"2025-11-14T05:47:08","date_gmt":"2025-11-14T05:47:08","guid":{"rendered":"https:\/\/www.europesays.com\/es\/234999\/"},"modified":"2025-11-14T05:47:08","modified_gmt":"2025-11-14T05:47:08","slug":"mirasierra-el-triangulo-de-la-tristeza-y-el-cabreo-de-las-clases-altas","status":"publish","type":"post","link":"https:\/\/www.europesays.com\/es\/234999\/","title":{"rendered":"Mirasierra, el tri\u00e1ngulo de la tristeza y el cabreo de las clases altas"},"content":{"rendered":"<p>En los \u00faltimos a\u00f1os, la construcci\u00f3n de nuevos bloques de viviendas, centros comerciales y educativos privados ha colapsado la madrile\u00f1a calle Costa Brava. Sus vecinos, que han pagado el precio del m2 equivalente al de un exclusivo barrio, viven una realidad muy distinta a la de la colonia original de Mirasierra<\/p>\n<p>En Madrid, dicen, hay barrios de clase obrera y barrios bien. Seg\u00fan por d\u00f3nde entres, Mirasierra no es un barrio bien, son dos barrios bien pegados con dos realidades bien distintas.<\/p>\n<p>La primera Mirasierra: el jard\u00edn acorazado<\/p>\n<p>Si uno entra por la parte vieja, por la antigua carretera de la playa, lo primero que se encontrar\u00e1 son muros altos, setos bien podados y <strong>el silencio que solo puede comprar el dinero<\/strong>. Aqu\u00ed las casas se asientan en parcelas del tama\u00f1o de un campo de f\u00fatbol. Es la geograf\u00eda de la baja densidad y la alta seguridad. El viejo lujo, el de la tierra.<\/p>\n<p>En esta colonia viven empresarios, altos directivos y diplom\u00e1ticos. Tambi\u00e9n lo hac\u00edan los jugadores del Real Madrid cuando la Ciudad Deportiva estaba en la Castellana. Clases altas que han comprado un pedazo de terreno a veinte minutos del centro.<\/p>\n<p>Pero no toda Mirasierra es la misma. A pocos metros de all\u00ed, justo en el lado opuesto, hace tiempo que una calle tumb\u00f3 alguno de estos viejos chal\u00e9s aburridos y levant\u00f3 bloques. No son edificios de protecci\u00f3n oficial, sino moles verticales cerradas con portero 24 horas y piscina. Lo que ha supuesto que <strong>donde antes viv\u00edan cuatro, ahora lo hagan 40<\/strong>. En el n\u00famero 13 sin ir m\u00e1s lejos, donde hasta hace poco hab\u00eda unas oficinas de la familia Ban\u00fas, alma mater de Mirasierra, ahora hay otra nueva promoci\u00f3n de viviendas.<\/p>\n<p>No es lo \u00fanico que ha proliferado en Costa Brava en los \u00faltimos a\u00f1os. Tambi\u00e9n <strong>se han edificado centros educativos privados<\/strong> que est\u00e1n atrayendo a estudiantes y familias de otros barrios. A los que ya exist\u00edan como El Prado, Montealto, Virgen de Mirasierra, Vedruna o Villanueva \u2014todos ellos cat\u00f3licos o del Opus Dei\u2014, se ha sumado el Richmond Park School y m\u00e1s recientemente Esade.<\/p>\n<p>Como se podr\u00e1n imaginar, todo esto ha afectado a la densidad poblacional de la calle y, por descontado, al tr\u00e1fico rodado.<\/p>\n<p>La segunda Mirasierra: el tri\u00e1ngulo de la tristeza<\/p>\n<p><strong>Y aqu\u00ed viene la primera queja de los vecinos<\/strong> de este excelso barrio: la falta de una carretera que soporte el incremento del n\u00famero de coches y un entorno urbano en condiciones, como por ejemplo mejores aceras. \u00abMirasierra se ha convertido en un embudo. A las ocho de la ma\u00f1ana sacar el coche a la M-40 es como participar en un reality show de esos que salen en la tele. Y lo mismo ocurre a las cinco de la tarde,\u00bb me cuenta una mujer al mismo tiempo que intenta meter dos ni\u00f1os vestidos de uniforme en un coche de gama alta.<\/p>\n<p>Compraron la comodidad de un barrio exclusivo con la estaci\u00f3n de Metro Paco de Luc\u00eda a dos pasos, pero ahora, la nueva densidad les ha tra\u00eddo la venganza: el tr\u00e1fico. <strong>Lo que nos lleva a la segunda queja<\/strong> de lo que me empieza a recordar a la pel\u00edcula de El tri\u00e1ngulo de la tristeza. El metro pasa por debajo y el tren ligero por un costado emitiendo un sonido chirriante y seco como el de una trilladora. Probablemente sea el \u00fanico sitio donde una infraestructura p\u00fablica se atreva a arruinar la siesta al dinero. Es un drama de lujo. Lloran porque la Comunidad de Madrid no ha insonorizado bien el t\u00fanel. Lloran porque sus enso\u00f1adoras tardes se ven empa\u00f1adas por la vibraci\u00f3n que les recuerda que hay vida p\u00fablica debajo de sus urbanizaciones. Quieren el silencio que tienen los de la colonia, pero claro, <strong>Costa Brava no es Mirasierra, por mucho que les hayan vendido la burra<\/strong>.<\/p>\n<p><img decoding=\"async\" src=\"https:\/\/static.ecestaticos.com\/file\/be3\/a5c\/c53\/be3a5cc53327ccc15bfe4c3712af3471.jpg\" alt=\"El centro comercial en la calle costa brava 36, cuando a\u00fan no estaba construido. Foto: Ten Brinke \/ tenbrinke.com\"\/><\/p>\n<p>El tr\u00e1fico est\u00e1 colapsado porque lo que antes era una calle exclusiva ahora es un enjambre de vecinos que tienen que sacar a sus hijos del colegio en el mismo sitio y a la misma hora. <strong>Es una carretera dise\u00f1ada para el tr\u00e1fico de los a\u00f1os setenta<\/strong> que ahora traga el de siete centros educativos privados y cientos de nuevos pisos. Iron\u00edas de la vida, <strong>los viejos ricos de la vieja colonia tambi\u00e9n se quejan de que los nuevos ricos traen tr\u00e1fico y ruido<\/strong>, formando un tri\u00e1ngulo de la queja perfecto.<\/p>\n<p>En el fondo, todo es lo mismo: el crecimiento mal gestionado. Si se est\u00e1n preguntando por el Ayuntamiento o la Comunidad, supongo que se estar\u00e1n frotando las manos. El urbanismo del lujo da licencias y las licencias dan dinero. Pero nadie se preocupa de insonorizar un t\u00fanel o de adaptar las v\u00edas de entrada y salida al barrio para afrontar la avalancha de nuevos vecinos. En Mirasierra, si vives en un chal\u00e9, compras silencio. Pero si lo haces en un piso, compras atascos. En ambos casos, <strong>pagas una fortuna por quejarte<\/strong>. Es un cabreo del primer mundo, pero, cr\u00e9anme, es un verdadero cabreo.<\/p>\n","protected":false},"excerpt":{"rendered":"En los \u00faltimos a\u00f1os, la construcci\u00f3n de nuevos bloques de viviendas, centros comerciales y educativos privados ha colapsado&hellip;\n","protected":false},"author":2,"featured_media":235000,"comment_status":"","ping_status":"","sticky":false,"template":"","format":"standard","meta":{"footnotes":""},"categories":[173],"tags":[229,233,231,230,232,234,146,147,25,24,23],"class_list":{"0":"post-234999","1":"post","2":"type-post","3":"status-publish","4":"format-standard","5":"has-post-thumbnail","7":"category-arte-y-diseno","8":"tag-arte","9":"tag-arte-y-diseno","10":"tag-arts","11":"tag-arts-and-design","12":"tag-design","13":"tag-diseno","14":"tag-entertainment","15":"tag-entretenimiento","16":"tag-es","17":"tag-espana","18":"tag-spain"},"share_on_mastodon":{"url":"https:\/\/pubeurope.com\/@es\/115546478836097186","error":""},"_links":{"self":[{"href":"https:\/\/www.europesays.com\/es\/wp-json\/wp\/v2\/posts\/234999","targetHints":{"allow":["GET"]}}],"collection":[{"href":"https:\/\/www.europesays.com\/es\/wp-json\/wp\/v2\/posts"}],"about":[{"href":"https:\/\/www.europesays.com\/es\/wp-json\/wp\/v2\/types\/post"}],"author":[{"embeddable":true,"href":"https:\/\/www.europesays.com\/es\/wp-json\/wp\/v2\/users\/2"}],"replies":[{"embeddable":true,"href":"https:\/\/www.europesays.com\/es\/wp-json\/wp\/v2\/comments?post=234999"}],"version-history":[{"count":0,"href":"https:\/\/www.europesays.com\/es\/wp-json\/wp\/v2\/posts\/234999\/revisions"}],"wp:featuredmedia":[{"embeddable":true,"href":"https:\/\/www.europesays.com\/es\/wp-json\/wp\/v2\/media\/235000"}],"wp:attachment":[{"href":"https:\/\/www.europesays.com\/es\/wp-json\/wp\/v2\/media?parent=234999"}],"wp:term":[{"taxonomy":"category","embeddable":true,"href":"https:\/\/www.europesays.com\/es\/wp-json\/wp\/v2\/categories?post=234999"},{"taxonomy":"post_tag","embeddable":true,"href":"https:\/\/www.europesays.com\/es\/wp-json\/wp\/v2\/tags?post=234999"}],"curies":[{"name":"wp","href":"https:\/\/api.w.org\/{rel}","templated":true}]}}