{"id":235003,"date":"2025-11-14T05:50:15","date_gmt":"2025-11-14T05:50:15","guid":{"rendered":"https:\/\/www.europesays.com\/es\/235003\/"},"modified":"2025-11-14T05:50:15","modified_gmt":"2025-11-14T05:50:15","slug":"conciertos-de-helloween-en-madrid-ultimas-entradas-para-el-domingo-mapa-de-accesos-horarios-y-tienda-pop-up-en-el-centro","status":"publish","type":"post","link":"https:\/\/www.europesays.com\/es\/235003\/","title":{"rendered":"Conciertos de Helloween en Madrid: \u00daltimas entradas para el domingo, mapa de accesos, horarios y tienda pop up en el centro"},"content":{"rendered":"<p>Desde este panel podr\u00e1 configurar las cookies que el sitio web puede instalar en su navegador, excepto las cookies t\u00e9cnicas o funcionales que son necesarias para la navegaci\u00f3n y la utilizaci\u00f3n de las diferentes opciones o servicios que se ofrecen.<\/p>\n<p>Las cookies seleccionadas indican que el usuario autoriza la instalaci\u00f3n en su navegador y el tratamiento de datos bajo las condiciones reflejadas en la Pol\u00edtica de cookies.<\/p>\n<p>El usuario puede marcar o desmarcar el selector seg\u00fan se desee aceptar o rechazar la instalaci\u00f3n de cookies.<\/p>\n","protected":false},"excerpt":{"rendered":"Desde este panel podr\u00e1 configurar las cookies que el sitio web puede instalar en su navegador, excepto las&hellip;\n","protected":false},"author":2,"featured_media":188694,"comment_status":"","ping_status":"","sticky":false,"template":"","format":"standard","meta":{"footnotes":""},"categories":[170],"tags":[61108,50085,146,147,25,24,1500,61109,4622,184,185,23],"class_list":{"0":"post-235003","1":"post","2":"type-post","3":"status-publish","4":"format-standard","5":"has-post-thumbnail","7":"category-musica","8":"tag-40-years-anniversary-tour","9":"tag-beast-in-black","10":"tag-entertainment","11":"tag-entretenimiento","12":"tag-es","13":"tag-espana","14":"tag-helloween","15":"tag-keeper-of-the-seven-keys","16":"tag-mr2022","17":"tag-music","18":"tag-musica","19":"tag-spain"},"share_on_mastodon":{"url":"https:\/\/pubeurope.com\/@es\/115546490759680264","error":""},"_links":{"self":[{"href":"https:\/\/www.europesays.com\/es\/wp-json\/wp\/v2\/posts\/235003","targetHints":{"allow":["GET"]}}],"collection":[{"href":"https:\/\/www.europesays.com\/es\/wp-json\/wp\/v2\/posts"}],"about":[{"href":"https:\/\/www.europesays.com\/es\/wp-json\/wp\/v2\/types\/post"}],"author":[{"embeddable":true,"href":"https:\/\/www.europesays.com\/es\/wp-json\/wp\/v2\/users\/2"}],"replies":[{"embeddable":true,"href":"https:\/\/www.europesays.com\/es\/wp-json\/wp\/v2\/comments?post=235003"}],"version-history":[{"count":0,"href":"https:\/\/www.europesays.com\/es\/wp-json\/wp\/v2\/posts\/235003\/revisions"}],"wp:featuredmedia":[{"embeddable":true,"href":"https:\/\/www.europesays.com\/es\/wp-json\/wp\/v2\/media\/188694"}],"wp:attachment":[{"href":"https:\/\/www.europesays.com\/es\/wp-json\/wp\/v2\/media?parent=235003"}],"wp:term":[{"taxonomy":"category","embeddable":true,"href":"https:\/\/www.europesays.com\/es\/wp-json\/wp\/v2\/categories?post=235003"},{"taxonomy":"post_tag","embeddable":true,"href":"https:\/\/www.europesays.com\/es\/wp-json\/wp\/v2\/tags?post=235003"}],"curies":[{"name":"wp","href":"https:\/\/api.w.org\/{rel}","templated":true}]}}