{"id":235004,"date":"2025-11-14T05:51:32","date_gmt":"2025-11-14T05:51:32","guid":{"rendered":"https:\/\/www.europesays.com\/es\/235004\/"},"modified":"2025-11-14T05:51:32","modified_gmt":"2025-11-14T05:51:32","slug":"fechas-cines-y-detalles-de-en-silencio","status":"publish","type":"post","link":"https:\/\/www.europesays.com\/es\/235004\/","title":{"rendered":"fechas, cines y detalles de &#8216;En silencio&#8217;"},"content":{"rendered":"<p class=\"ft-text\">El<strong> <\/strong><a class=\"ft-link ft-link--decoration\" href=\"https:\/\/www.elcorreoweb.es\/tags\/festival-de-cine-de-sevilla\/\" rel=\"nofollow noopener\" target=\"_blank\"><strong>Festival de Cine Europeo de Sevilla<\/strong><\/a> acoge este jueves 13 de noviembre, en el <a class=\"ft-link ft-link--decoration\" href=\"https:\/\/www.elcorreoweb.es\/tags\/cartuja-center\/\" target=\"_blank\" rel=\"nofollow noopener\">Cartuja Center<\/a>, la presentaci\u00f3n de <a class=\"ft-link ft-link--decoration\" href=\"https:\/\/www.elcorreoweb.es\/cultura\/2025\/09\/09\/remontada-pantalla-documental-sara-salamo-121406178.html\" target=\"_blank\" rel=\"nofollow noopener\"><strong>En silencio<\/strong><\/a>, el documental escrito y dirigido por Sara S\u00e1lamo que retrata el proceso de recuperaci\u00f3n f\u00edsica y emocional del futbolista <a class=\"ft-link ft-link--decoration\" href=\"https:\/\/www.elcorreoweb.es\/andalucia\/2025\/10\/05\/isco-alarcon-alma-verdiblanca-premio-deporte-andaluz-122239167.html\" target=\"_blank\" rel=\"nofollow noopener\">Isco Alarc\u00f3n<\/a>. La cinta, que se proyecta dentro de la secci\u00f3n <strong>Panorama Andaluz<\/strong><strong>,<\/strong> <strong>llegar\u00e1 a los cines el 21 de noviembre<\/strong> tras su paso por el <a class=\"ft-link ft-link--decoration\" href=\"https:\/\/www.elcorreoweb.es\/tags\/festival-de-cine-de-san-sebastian\/\" target=\"_blank\" rel=\"nofollow noopener\">Festival de Cine de San Sebasti\u00e1n<\/a>.<\/p>\n<p class=\"ft-text\">Durante el pr\u00f3ximo fin de semana, el equipo de la pel\u00edcula ofrecer\u00e1 <strong>pases con coloquio<\/strong> en varios cines de Sevilla, donde compartir\u00e1n su experiencia y el proceso creativo del proyecto. Las entradas se agotaron en pocas horas en la mayor\u00eda de salas (Avenida 5 Cines, Yelmo y MK2), quedando disponibles \u00fanicamente algunas localidades para la sesi\u00f3n del <strong>s\u00e1bado 16 a las 20:00 horas<\/strong> en <strong>Cinesa <\/strong><a class=\"ft-link ft-link--decoration\" href=\"https:\/\/www.elcorreoweb.es\/tags\/camas\/\" target=\"_blank\" rel=\"nofollow noopener\">Camas<\/a>.<\/p>\n<p>Una mirada \u00edntima al silencio y la vulnerabilidad<\/p>\n<p class=\"ft-text\">En silencio naci\u00f3 tras la grave lesi\u00f3n que dej\u00f3 a Isco fuera de los terrenos de juego justo antes de la convocatoria para la <strong>Eurocopa 2024<\/strong>. Desde la intimidad del hogar, S\u00e1lamo decidi\u00f3 registrar con su c\u00e1mara los meses de recuperaci\u00f3n, evitando los artificios habituales del g\u00e9nero documental: <strong>sin entrevistas, sin voces en off y sin \u00e9pica<\/strong>.<\/p>\n<p class=\"ft-text\">La pel\u00edcula propone una mirada honesta y sensible sobre la <strong>vulnerabilidad de un deportista de \u00e9lite<\/strong>, explorando temas como la <strong>salud mental<\/strong>, el <strong>miedo<\/strong>, el <strong>fracaso<\/strong> y la <strong>reconstrucci\u00f3n personal<\/strong>. M\u00e1s all\u00e1 del f\u00fatbol, la cinta plantea una reflexi\u00f3n sobre el peso del juicio p\u00fablico y la importancia de aceptar el silencio como parte del proceso.<\/p>\n<p class=\"ft-text\">Estrenado mundialmente en el certamen donostirarra dentro de la secci\u00f3n Made in Spain, el documental ha sido elogiado por su <strong>lenguaje visual delicado<\/strong> y su <strong>narrativa emocional<\/strong>, que trasciende el deporte para abrir un espacio de empat\u00eda y comprensi\u00f3n hacia las ca\u00eddas invisibles del \u00e9xito.<\/p>\n","protected":false},"excerpt":{"rendered":"El Festival de Cine Europeo de Sevilla acoge este jueves 13 de noviembre, en el Cartuja Center, la&hellip;\n","protected":false},"author":2,"featured_media":235005,"comment_status":"","ping_status":"","sticky":false,"template":"","format":"standard","meta":{"footnotes":""},"categories":[169],"tags":[4958,177,6084,146,147,25,24,61110,176,18527,175,10286,23,809],"class_list":{"0":"post-235004","1":"post","2":"type-post","3":"status-publish","4":"format-standard","5":"has-post-thumbnail","7":"category-cine","8":"tag-alarcon","9":"tag-cine","10":"tag-documental","11":"tag-entertainment","12":"tag-entretenimiento","13":"tag-es","14":"tag-espana","15":"tag-festival-de-cine-de-sevilla","16":"tag-film","17":"tag-isco","18":"tag-movies","19":"tag-real-betis","20":"tag-spain","21":"tag-ver"},"share_on_mastodon":{"url":"https:\/\/pubeurope.com\/@es\/115546494417871815","error":""},"_links":{"self":[{"href":"https:\/\/www.europesays.com\/es\/wp-json\/wp\/v2\/posts\/235004","targetHints":{"allow":["GET"]}}],"collection":[{"href":"https:\/\/www.europesays.com\/es\/wp-json\/wp\/v2\/posts"}],"about":[{"href":"https:\/\/www.europesays.com\/es\/wp-json\/wp\/v2\/types\/post"}],"author":[{"embeddable":true,"href":"https:\/\/www.europesays.com\/es\/wp-json\/wp\/v2\/users\/2"}],"replies":[{"embeddable":true,"href":"https:\/\/www.europesays.com\/es\/wp-json\/wp\/v2\/comments?post=235004"}],"version-history":[{"count":0,"href":"https:\/\/www.europesays.com\/es\/wp-json\/wp\/v2\/posts\/235004\/revisions"}],"wp:featuredmedia":[{"embeddable":true,"href":"https:\/\/www.europesays.com\/es\/wp-json\/wp\/v2\/media\/235005"}],"wp:attachment":[{"href":"https:\/\/www.europesays.com\/es\/wp-json\/wp\/v2\/media?parent=235004"}],"wp:term":[{"taxonomy":"category","embeddable":true,"href":"https:\/\/www.europesays.com\/es\/wp-json\/wp\/v2\/categories?post=235004"},{"taxonomy":"post_tag","embeddable":true,"href":"https:\/\/www.europesays.com\/es\/wp-json\/wp\/v2\/tags?post=235004"}],"curies":[{"name":"wp","href":"https:\/\/api.w.org\/{rel}","templated":true}]}}