{"id":235006,"date":"2025-11-14T05:52:15","date_gmt":"2025-11-14T05:52:15","guid":{"rendered":"https:\/\/www.europesays.com\/es\/235006\/"},"modified":"2025-11-14T05:52:15","modified_gmt":"2025-11-14T05:52:15","slug":"video-el-tio-de-rubiales-le-ataca-con-huevos-en-plena-presentacion-de-su-libro-matar-a-rubiales","status":"publish","type":"post","link":"https:\/\/www.europesays.com\/es\/235006\/","title":{"rendered":"V\u00cdDEO: El t\u00edo de Rubiales le ataca con huevos en plena presentaci\u00f3n de su libro &#8216;Matar a Rubiales&#8217;"},"content":{"rendered":"<p>  Por&amp;nbsp<a href=\"https:\/\/es.euronews.com\/perfiles\/2828\" rel=\"nofollow noopener\" target=\"_blank\">Christina Thykjaer<\/a><\/p>\n<p>\n                    Publicado                 13\/11\/2025 &#8211; 20:55 CET<br \/>\n                \u2022Ultima actualizaci\u00f3n<br \/>\n                                     22:02\n                                        <\/p>\n<p>Todo estaba preparado para la presentaci\u00f3n de su libro &#8216;Matar a Rubiales&#8217; este jueves, pero, al parecer, el t\u00edo del expresidente de la Real Federaci\u00f3n Espa\u00f1ola de F\u00fatbol <strong>se tom\u00f3 el t\u00edtulo demasiado al pie de la letra<\/strong>. Durante la presentaci\u00f3n, Luis Rub\u00e9n Rubiales, hermano del padre de <a href=\"https:\/\/es.euronews.com\/2025\/06\/25\/la-audiencia-nacional-confirma-la-condena-a-luis-rubiales-por-agresion-sexual-a-jennifer-h\" rel=\"nofollow noopener\" target=\"_blank\">Luis Rubiales<\/a>, <strong>irrumpi\u00f3 de repente y lanz\u00f3 varios huevos a su sobrino<\/strong> mientras le gritaba \u00absinverg\u00fcenza\u00bb.<\/p>\n<p><strong>El hombre fue detenido poco despu\u00e9s,<\/strong> seg\u00fan confirmaron fuentes policiales a medios locales. El momento qued\u00f3 grabado por varios asistentes y las im\u00e1genes se han viralizado r\u00e1pidamente en redes sociales. En declaraciones a &#8216;COPE&#8217;, Rubiales confirm\u00f3 que su t\u00edo fue el agresor: \u00abEs un t\u00edo carnal m\u00edo que es de mi edad. <strong>Es una persona desquiciada. Pensaba que iba armado\u00bb.<\/strong><\/p>\n<p>En su libro, el expresidente de la RFEF relata <strong>su versi\u00f3n del beso no consentido<\/strong> que dio a la jugadora de la selecci\u00f3n espa\u00f1ola Jenni Hermoso el 20 de agosto de 2023. Tras la victoria en el Mundial femenino, <a href=\"https:\/\/es.euronews.com\/2025\/02\/20\/luis-rubiales-condenado-a-18-meses-de-multa-por-agresion-sexual-tras-beso-a-jennifer-hermo\" rel=\"nofollow noopener\" target=\"_blank\">Rubiales bes\u00f3 en la boca a la futbolista<\/a> durante la ceremonia de entrega de trofeos, un gesto que desencaden\u00f3 una crisis institucional y su posterior destituci\u00f3n.<\/p>\n<p>La imagen del beso desat\u00f3 una aut\u00e9ntica tormenta sin precedentes en el f\u00fatbol espa\u00f1ol e internacional. Jenni Hermoso afirm\u00f3 p\u00fablicamente que <strong>en ning\u00fan momento dio su consentimiento<\/strong> y denunci\u00f3 que la presi\u00f3n para respaldar la versi\u00f3n de Rubiales hab\u00eda sido \u00abcontinua y constante\u00bb.<\/p>\n<p>La Federaci\u00f3n Espa\u00f1ola de F\u00fatbol (RFEF) sali\u00f3 inicialmente en defensa de su presidente, pero la reacci\u00f3n social fue inmediata: <strong>jugadoras, clubes, organismos deportivos y hasta el Gobierno exigieron responsabilidades<\/strong>. El caso trascendi\u00f3 muy pronto el \u00e1mbito deportivo y se convirti\u00f3 en un s\u00edmbolo del abuso de poder y de la desigualdad de g\u00e9nero en el deporte, generando protestas, campa\u00f1as globales y pronunciamientos de la FIFA, <a href=\"https:\/\/es.euronews.com\/2023\/10\/30\/fifa-suspende-durante-tres-anos-a-luis-rubiales\" rel=\"nofollow noopener\" target=\"_blank\">que suspendi\u00f3 a Rubiales de manera provisional<\/a>.<\/p>\n<p>En paralelo, 81 jugadoras, incluidas todas las campeonas del mundo, anunciaron que no volver\u00edan a la selecci\u00f3n mientras Rubiales o quienes avalaron su comportamiento siguieran en sus cargos. La presi\u00f3n termin\u00f3 provocando la dimisi\u00f3n del presidente, as\u00ed <strong>como la destituci\u00f3n de Jorge Vilda<\/strong>, el entonces seleccionador, cuyo entorno tambi\u00e9n fue se\u00f1alado por malas pr\u00e1cticas y coerci\u00f3n hacia Hermoso.<\/p>\n<p>El caso abri\u00f3 investigaciones penales por agresi\u00f3n sexual y coacciones, y la instrucci\u00f3n termin\u00f3 <strong>involucrando a varios altos cargos de la Federaci\u00f3n<\/strong>. Lo que empez\u00f3 como un gesto en la entrega de trofeos acab\u00f3 convirti\u00e9ndose en una crisis institucional, deportiva y pol\u00edtica que marc\u00f3 un antes y un despu\u00e9s en el f\u00fatbol femenino espa\u00f1ol.<\/p>\n","protected":false},"excerpt":{"rendered":"Por&amp;nbspChristina Thykjaer Publicado 13\/11\/2025 &#8211; 20:55 CET \u2022Ultima actualizaci\u00f3n 22:02 Todo estaba preparado para la presentaci\u00f3n de su&hellip;\n","protected":false},"author":2,"featured_media":235007,"comment_status":"","ping_status":"","sticky":false,"template":"","format":"standard","meta":{"footnotes":""},"categories":[93],"tags":[634,168,25,24,282,225,7518,23,167],"class_list":{"0":"post-235006","1":"post","2":"type-post","3":"status-publish","4":"format-standard","5":"has-post-thumbnail","7":"category-deportes","8":"tag-deporte","9":"tag-deportes","10":"tag-es","11":"tag-espana","12":"tag-futbol","13":"tag-libros","14":"tag-luis-rubiales","15":"tag-spain","16":"tag-sports"},"share_on_mastodon":{"url":"https:\/\/pubeurope.com\/@es\/115546498209651584","error":""},"_links":{"self":[{"href":"https:\/\/www.europesays.com\/es\/wp-json\/wp\/v2\/posts\/235006","targetHints":{"allow":["GET"]}}],"collection":[{"href":"https:\/\/www.europesays.com\/es\/wp-json\/wp\/v2\/posts"}],"about":[{"href":"https:\/\/www.europesays.com\/es\/wp-json\/wp\/v2\/types\/post"}],"author":[{"embeddable":true,"href":"https:\/\/www.europesays.com\/es\/wp-json\/wp\/v2\/users\/2"}],"replies":[{"embeddable":true,"href":"https:\/\/www.europesays.com\/es\/wp-json\/wp\/v2\/comments?post=235006"}],"version-history":[{"count":0,"href":"https:\/\/www.europesays.com\/es\/wp-json\/wp\/v2\/posts\/235006\/revisions"}],"wp:featuredmedia":[{"embeddable":true,"href":"https:\/\/www.europesays.com\/es\/wp-json\/wp\/v2\/media\/235007"}],"wp:attachment":[{"href":"https:\/\/www.europesays.com\/es\/wp-json\/wp\/v2\/media?parent=235006"}],"wp:term":[{"taxonomy":"category","embeddable":true,"href":"https:\/\/www.europesays.com\/es\/wp-json\/wp\/v2\/categories?post=235006"},{"taxonomy":"post_tag","embeddable":true,"href":"https:\/\/www.europesays.com\/es\/wp-json\/wp\/v2\/tags?post=235006"}],"curies":[{"name":"wp","href":"https:\/\/api.w.org\/{rel}","templated":true}]}}