{"id":235020,"date":"2025-11-14T06:05:13","date_gmt":"2025-11-14T06:05:13","guid":{"rendered":"https:\/\/www.europesays.com\/es\/235020\/"},"modified":"2025-11-14T06:05:13","modified_gmt":"2025-11-14T06:05:13","slug":"tadej-pogacar-y-ferrand-prevot-favoritos-para-la-bicicleta-de-oro-2026","status":"publish","type":"post","link":"https:\/\/www.europesays.com\/es\/235020\/","title":{"rendered":"Tadej Pogacar y Ferrand Pr\u00e9vot favoritos para la Bicicleta de Oro 2026"},"content":{"rendered":"<p data-gtm-element-container=\"modulo-texto-link\" class=\"paragraph\">El esloveno <strong>Tadej Pogacar<\/strong> (UAE) en la modalidad masculina y la francesa <strong>Pauline Ferrand Pr\u00e9vot <\/strong>en la femenina son los favoritos para ser reconocidos con la <strong>Bicicleta de Oro<\/strong> como los mejores ciclistas de la temporada 2025, seg\u00fan la lista anunciada de candidatos.<\/p>\n<p data-gtm-element-container=\"modulo-texto-link\" class=\"paragraph\">Pocas dudas en el apartado masculino con <strong>Pogacar<\/strong>, campe\u00f3n del Mundo, de Europa, del Tour de Francia y con un total de 20 triunfos en el ejercicio 2025, cifras imbatibles que le conducen al l\u00edder del UAE hacia su tercera <strong>Bicicleta de Oro<\/strong>, trofeo que ya logr\u00f3 en 2021 y 2024 y que otorga la revista especializada francesa <strong>V\u00e9lo Magazine<\/strong> con un jurado conformado por periodistas de 20 pa\u00edses.<\/p>\n<p data-gtm-element-container=\"modulo-texto-link\" class=\"paragraph\">En la lista de finalistas <strong>Pogacar <\/strong>comparte tal honor con compa\u00f1eros de equipo, como el portugu\u00e9s Joao Almeida, con 11 triunfos en la temporada, entre ellos la <strong>Itzulia<\/strong>, Tour de <strong>Romand\u00eda <\/strong>y Vuelta a <strong>Suiza<\/strong>, adem\u00e1s de la segunda plaza en la Vuelta.<\/p>\n<p data-gtm-element-container=\"modulo-texto-link\" class=\"paragraph\">Otro finalista del UAE es el mexicano <strong>Isaac del Toro<\/strong>, de 21 a\u00f1os, segundo en el Giro de Italia, con 18 victorias contabilizadas en 2025.<\/p>\n<p data-gtm-element-container=\"modulo-texto-link\" class=\"paragraph\">En el listado de aspirantes figuran el ganador de la Vuelta y segundo en el Tour, el dan\u00e9s <strong>Jonas Vingegaard<\/strong>, el belga <strong>Remco Evenepoel<\/strong>, campe\u00f3n de Europa y del Mundo en contrarreloj, con 8 triunfos en la temporada.<\/p>\n<p data-gtm-element-container=\"modulo-texto-link\" class=\"paragraph\">La n\u00f3mina de finalistas la completan el irland\u00e9s <strong>Ben Healy<\/strong> (EF Education), el dan\u00e9s <strong>Mads Pedersen<\/strong> (Lidl Trek), el belga <strong>Tim Merlier <\/strong>(Soudal Quick Step), el neerland\u00e9s <strong>Mathieu Van der Poel<\/strong> (Alpecin Deceuninck) y el brit\u00e1nico vencedor del Giro de Italia <strong>Simon Yates<\/strong> (Visma).<\/p>\n<p>    Lee tambi\u00e9n<\/p>\n<p data-gtm-element-container=\"modulo-texto-link\" class=\"paragraph\">En categor\u00eda femenina el pron\u00f3stico no est\u00e1 tan claro como en el apartado masculino. La francesa <strong>Pauline Ferrand Prevot<\/strong> (Visma), ganadora del Tour de Francia y de la Par\u00eds Roubaix cuenta con elevadas opciones al galard\u00f3n.<\/p>\n<p data-gtm-element-container=\"modulo-texto-link\" class=\"paragraph\">En un segundo escal\u00f3n de la lista optan a la Bicicleta de Oro la italiana <strong>Elisa Longo Borghini <\/strong>(UAE), campeona nacional y del Giro, la mauriciana <strong>Kimberley Le Court <\/strong>(Insurance Soudal), la polaca <strong>Katarzyna Niewiadoma<\/strong> (Canyon Sram), las neerlandesas <strong>Demi Vollering<\/strong> (FDJ), ganadora de Vuelta a Espa\u00f1a,<strong> Itzulia y Strade Bianche, Lorena Wiebes, Puck Pieterse<\/strong> (Fenix Deceuninck) y <strong>Mischa Bredewold<\/strong> (SD Worx) y la suiza del Movistar <strong>Marlen Reusser.\u00a0<\/strong>La vencedora ser\u00e1 quien suceda en el palmar\u00e9s a la belga y dos veces campeona mundial\u00a0<strong>Lotte Kopecky.<\/strong><\/p>\n","protected":false},"excerpt":{"rendered":"El esloveno Tadej Pogacar (UAE) en la modalidad masculina y la francesa Pauline Ferrand Pr\u00e9vot en la femenina&hellip;\n","protected":false},"author":2,"featured_media":189679,"comment_status":"","ping_status":"","sticky":false,"template":"","format":"standard","meta":{"footnotes":""},"categories":[273],"tags":[313,312,168,25,24,23,167],"class_list":{"0":"post-235020","1":"post","2":"type-post","3":"status-publish","4":"format-standard","5":"has-post-thumbnail","7":"category-ciclismo","8":"tag-ciclismo","9":"tag-cycling","10":"tag-deportes","11":"tag-es","12":"tag-espana","13":"tag-spain","14":"tag-sports"},"share_on_mastodon":{"url":"https:\/\/pubeurope.com\/@es\/115546549363843846","error":""},"_links":{"self":[{"href":"https:\/\/www.europesays.com\/es\/wp-json\/wp\/v2\/posts\/235020","targetHints":{"allow":["GET"]}}],"collection":[{"href":"https:\/\/www.europesays.com\/es\/wp-json\/wp\/v2\/posts"}],"about":[{"href":"https:\/\/www.europesays.com\/es\/wp-json\/wp\/v2\/types\/post"}],"author":[{"embeddable":true,"href":"https:\/\/www.europesays.com\/es\/wp-json\/wp\/v2\/users\/2"}],"replies":[{"embeddable":true,"href":"https:\/\/www.europesays.com\/es\/wp-json\/wp\/v2\/comments?post=235020"}],"version-history":[{"count":0,"href":"https:\/\/www.europesays.com\/es\/wp-json\/wp\/v2\/posts\/235020\/revisions"}],"wp:featuredmedia":[{"embeddable":true,"href":"https:\/\/www.europesays.com\/es\/wp-json\/wp\/v2\/media\/189679"}],"wp:attachment":[{"href":"https:\/\/www.europesays.com\/es\/wp-json\/wp\/v2\/media?parent=235020"}],"wp:term":[{"taxonomy":"category","embeddable":true,"href":"https:\/\/www.europesays.com\/es\/wp-json\/wp\/v2\/categories?post=235020"},{"taxonomy":"post_tag","embeddable":true,"href":"https:\/\/www.europesays.com\/es\/wp-json\/wp\/v2\/tags?post=235020"}],"curies":[{"name":"wp","href":"https:\/\/api.w.org\/{rel}","templated":true}]}}