{"id":235021,"date":"2025-11-14T06:07:14","date_gmt":"2025-11-14T06:07:14","guid":{"rendered":"https:\/\/www.europesays.com\/es\/235021\/"},"modified":"2025-11-14T06:07:14","modified_gmt":"2025-11-14T06:07:14","slug":"16-rebotes-ofensivos-en-contra-no-son-detalles","status":"publish","type":"post","link":"https:\/\/www.europesays.com\/es\/235021\/","title":{"rendered":"16 rebotes ofensivos en contra no son detalles"},"content":{"rendered":"<p>\n        <strong>\u201cHemos competido <\/strong>m\u00e1s en la segunda parte que en la primera, pero <a href=\"https:\/\/www.noticiasdealava.eus\/baskonia\/2025\/11\/13\/sangrante-debilidad-interior-10347497.html\" title=\"53 puntos\" target=\"_blank\" class=\"link copy\" rel=\"nofollow noopener\"><strong>53 puntos<\/strong><\/a><strong> al descanso<\/strong> han sido demasiados y <strong>lo hemos pagado<\/strong>. <strong>Tampoco ha sido cuesti\u00f3n de detalles<\/strong>, <strong>16 rebotes ofensivos no son detalles<\/strong>, sino <strong>un cap\u00edtulo importante\u201d.<\/strong> As\u00ed comenz\u00f3 <strong>Paolo Galbiati<\/strong> su comparecencia posterior al duelo de este jueves entre el <strong>Maccabi y el Baskonia (89-83)<\/strong> en <strong>Belgrado<\/strong>.\n<\/p>\n<p>            <a href=\"https:\/\/www.noticiasdealava.eus\/baskonia\/2025\/11\/13\/mejoria-premio-baskonia-belgrado-89-10347454.html\" title=\"Mejor\u00eda sin premio del Baskonia en Belgrado (89-83)\" class=\"new__media\" rel=\"nofollow noopener\" target=\"_blank\"><\/p>\n<p>                <img alt=\"Mejor\u00eda sin premio del Baskonia en Belgrado (89-83)\" data-src=\"https:\/\/www.europesays.com\/es\/wp-content\/uploads\/2025\/11\/d6ce3525-08f5-4d01-8e7f-4452d60ca377_16-9-aspect-ratio_default_0_x1082y610.jpg\" class=\"lozad\"\/><\/p>\n<p>        <\/a><\/p>\n<p>        <a href=\"https:\/\/www.noticiasdealava.eus\/baskonia\/2025\/11\/13\/mejoria-premio-baskonia-belgrado-89-10347454.html\" title=\"Mejor\u00eda sin premio del Baskonia en Belgrado (89-83)\" class=\"new__headline\" rel=\"nofollow noopener\" target=\"_blank\"><br \/>\n            Mejor\u00eda sin premio del Baskonia en Belgrado (89-83)<br \/>\n        <\/a><\/p>\n<p class=\"article-body__text \">\n        El t\u00e9cnico italiano, en la l\u00ednea de lo anterior, <strong>lament\u00f3 el ritmo apresurado<\/strong> con el que avanza la competici\u00f3n: \u201c<strong>Somos j\u00f3venes, rookies<\/strong>. Tenemos que <strong>seguir trabajando<\/strong>, <strong>insistiendo<\/strong>, pero <strong>esto no espera<\/strong>, <strong>no tenemos tiempo de sobra<\/strong>. <strong>Debemos reaccionar<\/strong> y <strong>dar un paso adelante lo antes posible<\/strong>\u201d.\n<\/p>\n<p class=\"article-photo__footer\">\n            Todas las fotos del Maccabi &#8211; Baskonia            Efe        <\/p>\n<p class=\"article-body__text \">\n        Asimismo, Galbiati explic\u00f3 que, si bien <strong>en ataque lo pueden \u201chacer mejor\u201d<\/strong>, no fue para \u00e9l <strong>un mal partido en ese sentido<\/strong>. \u201c<strong>Son agresivos, duros<\/strong>. Y <strong>se han aprovechado de eso<\/strong>. <strong>Les hemos dado muchas segundas oportunidades<\/strong> y nos han ganado porque <strong>nuestra defensa no ha sido perfecta<\/strong>\u201d, agreg\u00f3.\n<\/p>\n<p>            <a href=\"https:\/\/www.noticiasdealava.eus\/baskonia\/2025\/11\/13\/1x1-maccabi-baskonia-kurucs-unica-10347484.html\" title=\"El 1x1 del Maccabi-Baskonia: Kurucs, la \u00fanica luz en defensa\" class=\"new__media\" rel=\"nofollow noopener\" target=\"_blank\"><\/p>\n<p>                <img alt=\"El 1x1 del Maccabi-Baskonia: Kurucs, la \u00fanica luz en defensa\" data-src=\"https:\/\/www.europesays.com\/es\/wp-content\/uploads\/2025\/11\/731392e2-4c15-48e1-9710-ab741a8097bf_16-9-aspect-ratio_default_0.jpg\" class=\"lozad\"\/><\/p>\n<p>        <\/a><\/p>\n<p>        <a href=\"https:\/\/www.noticiasdealava.eus\/baskonia\/2025\/11\/13\/1x1-maccabi-baskonia-kurucs-unica-10347484.html\" title=\"El 1x1 del Maccabi-Baskonia: Kurucs, la \u00fanica luz en defensa\" class=\"new__headline\" rel=\"nofollow noopener\" target=\"_blank\"><br \/>\n            El 1&#215;1 del Maccabi-Baskonia: Kurucs, la \u00fanica luz en defensa<br \/>\n        <\/a><\/p>\n<p class=\"article-body__text \">\n        El <strong>entrenador baskonista<\/strong>, finalmente, prefiri\u00f3 <strong>no valorar el arbitraje<\/strong> recibido en Belgrado, que fue <strong>desfavorable para su escuadra<\/strong> en algunos <strong>momentos importantes<\/strong>: \u201c<strong>No hablo sobre los \u00e1rbitros<\/strong>, no es mi estilo\u201d.<\/p>\n","protected":false},"excerpt":{"rendered":"\u201cHemos competido m\u00e1s en la segunda parte que en la primera, pero 53 puntos al descanso han sido&hellip;\n","protected":false},"author":2,"featured_media":235022,"comment_status":"","ping_status":"","sticky":false,"template":"","format":"standard","meta":{"footnotes":""},"categories":[269],"tags":[39761,299,298,4714,168,25,24,17490,15139,22411,23,167],"class_list":{"0":"post-235021","1":"post","2":"type-post","3":"status-publish","4":"format-standard","5":"has-post-thumbnail","7":"category-baloncesto","8":"tag-39761","9":"tag-baloncesto","10":"tag-basketball","11":"tag-baskonia","12":"tag-deportes","13":"tag-es","14":"tag-espana","15":"tag-galbiati","16":"tag-maccabi","17":"tag-rebotes","18":"tag-spain","19":"tag-sports"},"share_on_mastodon":{"url":"https:\/\/pubeurope.com\/@es\/115546557248827437","error":""},"_links":{"self":[{"href":"https:\/\/www.europesays.com\/es\/wp-json\/wp\/v2\/posts\/235021","targetHints":{"allow":["GET"]}}],"collection":[{"href":"https:\/\/www.europesays.com\/es\/wp-json\/wp\/v2\/posts"}],"about":[{"href":"https:\/\/www.europesays.com\/es\/wp-json\/wp\/v2\/types\/post"}],"author":[{"embeddable":true,"href":"https:\/\/www.europesays.com\/es\/wp-json\/wp\/v2\/users\/2"}],"replies":[{"embeddable":true,"href":"https:\/\/www.europesays.com\/es\/wp-json\/wp\/v2\/comments?post=235021"}],"version-history":[{"count":0,"href":"https:\/\/www.europesays.com\/es\/wp-json\/wp\/v2\/posts\/235021\/revisions"}],"wp:featuredmedia":[{"embeddable":true,"href":"https:\/\/www.europesays.com\/es\/wp-json\/wp\/v2\/media\/235022"}],"wp:attachment":[{"href":"https:\/\/www.europesays.com\/es\/wp-json\/wp\/v2\/media?parent=235021"}],"wp:term":[{"taxonomy":"category","embeddable":true,"href":"https:\/\/www.europesays.com\/es\/wp-json\/wp\/v2\/categories?post=235021"},{"taxonomy":"post_tag","embeddable":true,"href":"https:\/\/www.europesays.com\/es\/wp-json\/wp\/v2\/tags?post=235021"}],"curies":[{"name":"wp","href":"https:\/\/api.w.org\/{rel}","templated":true}]}}