{"id":235025,"date":"2025-11-14T06:09:12","date_gmt":"2025-11-14T06:09:12","guid":{"rendered":"https:\/\/www.europesays.com\/es\/235025\/"},"modified":"2025-11-14T06:09:12","modified_gmt":"2025-11-14T06:09:12","slug":"no-tengo-ninera-solo-a-mis-padres","status":"publish","type":"post","link":"https:\/\/www.europesays.com\/es\/235025\/","title":{"rendered":"No tengo ni\u00f1era, solo a mis padres"},"content":{"rendered":"<p class=\"c-paragraph\"><a href=\"https:\/\/www.20minutos.es\/tags\/personas\/cristina-pedroche.html\" title=\"Cristina Pedroche\" rel=\"nofollow noopener\" target=\"_blank\">Cristina Pedroche<\/a> se convirti\u00f3 en foco de las cr\u00edticas cuando hace unos d\u00edas public\u00f3 en su cuenta de <a href=\"https:\/\/www.20minutos.es\/tags\/temas\/instagram.html\" title=\"Instagram\" rel=\"nofollow noopener\" target=\"_blank\">Instagram <\/a>unos stories en los que declaraba que estaba \u00absaturada y sobrepasada\u00bb con la maternidad. \u00ab<b>Estaba intentando grabar unas cosas en casa y es que es imposible con dos ni\u00f1os<\/b>\u00ab, se quej\u00f3.<\/p>\n<p class=\"c-paragraph\">Este jueves 13 de noviembre, la comunicadora ha presentado su l\u00ednea de calzado Barefoot con la firma Joma, donde los medios han podido preguntarle por sus pol\u00e9micas declaraciones. \u00ab<b>Me molesta, que digan, que yo por tener m\u00e1s recursos y otro tipo de vida, me duele menos<\/b>\u00ab, se ha sincerado Pedroche, <a href=\"https:\/\/www.europapress.es\/chance\/gente\/noticia-pedroche-defiende-polemica-conciliacion-no-tengo-ninera-solo-padres-20251113151751.html\" rel=\"nofollow noreferrer noopener\" target=\"_blank\">tal y como recoge Europa Press<\/a>.<\/p>\n<p class=\"c-paragraph\">\u00ab<b>Me dicen que mi maternidad no es real<\/b>, pues&#8230; Yo creo que en eso estamos, intentando que todas las maternidades sean reales\u00bb, ha explicado la presentadora. \u00ab<b>No tengo cuidadoras, no tengo ni\u00f1era, no tengo gente que me ayude<\/b>, solo tengo a mis padres porque yo lo decido\u00bb, ha asegurado.<\/p>\n<p class=\"c-paragraph\">Pedroche no considera que haya que se\u00f1alarla por tener \u00abm\u00e1s medios\u00bb: \u00ab<b>Eso no significa que a m\u00ed me duela menos irme a trabajar que a otra madre<\/b>\u00ab. Por su parte, ha a\u00f1adido que su pareja, <a href=\"https:\/\/www.20minutos.es\/tags\/personas\/david-munoz.html\" title=\"David Mu\u00f1oz\" rel=\"nofollow noopener\" target=\"_blank\">Dabiz Mu\u00f1oz<\/a>, le suele aconsejar \u00abno contar nada\u00bb.<\/p>\n<p class=\"c-paragraph\">No obstante, la presentadora piensa que con su testimonio <b>est\u00e1 \u00abdando voz a otras madres\u00bb<\/b>: \u00abNo me puedo quejar de mi conciliaci\u00f3n, porque yo soy una privilegiada y yo tengo un trabajo que me apasiona y voy solo unas horitas, pero <b>me molesta que la gente diga que no puedo hablar de conciliaci\u00f3n y denunciarlo<\/b>\u00ab.<\/p>\n","protected":false},"excerpt":{"rendered":"Cristina Pedroche se convirti\u00f3 en foco de las cr\u00edticas cuando hace unos d\u00edas public\u00f3 en su cuenta de&hellip;\n","protected":false},"author":2,"featured_media":235026,"comment_status":"","ping_status":"","sticky":false,"template":"","format":"standard","meta":{"footnotes":""},"categories":[174],"tags":[255,7538,146,147,25,24,256,32459,23],"class_list":{"0":"post-235025","1":"post","2":"type-post","3":"status-publish","4":"format-standard","5":"has-post-thumbnail","7":"category-famosos","8":"tag-celebrities","9":"tag-cristina","10":"tag-entertainment","11":"tag-entretenimiento","12":"tag-es","13":"tag-espana","14":"tag-famosos","15":"tag-pedroche","16":"tag-spain"},"share_on_mastodon":{"url":"https:\/\/pubeurope.com\/@es\/115546565252094610","error":""},"_links":{"self":[{"href":"https:\/\/www.europesays.com\/es\/wp-json\/wp\/v2\/posts\/235025","targetHints":{"allow":["GET"]}}],"collection":[{"href":"https:\/\/www.europesays.com\/es\/wp-json\/wp\/v2\/posts"}],"about":[{"href":"https:\/\/www.europesays.com\/es\/wp-json\/wp\/v2\/types\/post"}],"author":[{"embeddable":true,"href":"https:\/\/www.europesays.com\/es\/wp-json\/wp\/v2\/users\/2"}],"replies":[{"embeddable":true,"href":"https:\/\/www.europesays.com\/es\/wp-json\/wp\/v2\/comments?post=235025"}],"version-history":[{"count":0,"href":"https:\/\/www.europesays.com\/es\/wp-json\/wp\/v2\/posts\/235025\/revisions"}],"wp:featuredmedia":[{"embeddable":true,"href":"https:\/\/www.europesays.com\/es\/wp-json\/wp\/v2\/media\/235026"}],"wp:attachment":[{"href":"https:\/\/www.europesays.com\/es\/wp-json\/wp\/v2\/media?parent=235025"}],"wp:term":[{"taxonomy":"category","embeddable":true,"href":"https:\/\/www.europesays.com\/es\/wp-json\/wp\/v2\/categories?post=235025"},{"taxonomy":"post_tag","embeddable":true,"href":"https:\/\/www.europesays.com\/es\/wp-json\/wp\/v2\/tags?post=235025"}],"curies":[{"name":"wp","href":"https:\/\/api.w.org\/{rel}","templated":true}]}}