{"id":235027,"date":"2025-11-14T06:10:10","date_gmt":"2025-11-14T06:10:10","guid":{"rendered":"https:\/\/www.europesays.com\/es\/235027\/"},"modified":"2025-11-14T06:10:10","modified_gmt":"2025-11-14T06:10:10","slug":"las-obras-maestras-del-bbva-llegan-al-museo-de-bellas-artes-de-valencia","status":"publish","type":"post","link":"https:\/\/www.europesays.com\/es\/235027\/","title":{"rendered":"Las obras maestras del BBVA llegan al Museo de Bellas Artes de Val\u00e8ncia"},"content":{"rendered":"<p class=\"h3\">Fernando Bustamante<\/p>\n<p>                        Actualizado:<br \/>\n                        13\/11\/2025 14:30<\/p>\n<p>                    <a href=\"https:\/\/www.levante-emv.com\/fotos\/cultura\/2025\/11\/13\/obras-maestras-bbva-llegan-museo-123681731.html#foto=1\" class=\"button swiper-button-next\" id=\"swiperButtonNext\" rel=\"nofollow noopener\" target=\"_blank\">Ver galer\u00eda &gt;<\/a><\/p>\n<p class=\"h3\">\n                                            Sorolla, Murillo, Van Dyck, Zuloaga o Goya se re\u00fanen en la exposici\u00f3n &#8216;Cl\u00e1sicos y modernos&#8217;.\n                                    <\/p>\n<p><a class=\"swiper-imagen\" href=\"https:\/\/www.levante-emv.com\/fotos\/cultura\/2025\/11\/13\/obras-maestras-bbva-llegan-museo-123681731.html#foto=2\" rel=\"nofollow noopener\" target=\"_blank\"><\/p>\n<p>                    <img loading=\"lazy\" decoding=\"async\" class=\"lazy-place\" src=\"data:image\/png;base64,iVBORw0KGgoAAAANSUhEUgAAAAEAAAABCAQAAAC1HAwCAAAAC0lEQVR42mNkYAAAAAYAAjCB0C8AAAAASUVORK5CYII=\" alt=\" \" height=\"1202\" width=\"1600\" style=\" max-height: calc(100vh - 58px); height: 0; padding-top: 75%; \"\/><\/p>\n<p><\/a><br \/>\n                    Las obras maestras del BBVA llegan al Museo de Bellas Artes de Val\u00e8ncia<\/p>\n<p class=\"swiper-slide__author\">Fernando Bustamante<\/p>\n<p class=\"swiper-slide__description\">\n                                                                        Sorolla, Murillo, Van Dyck, Zuloaga o Goya se re\u00fanen en la exposici\u00f3n &#8216;Cl\u00e1sicos y modernos&#8217;.\n                                            <\/p>\n<p><a class=\"swiper-imagen\" href=\"https:\/\/www.levante-emv.com\/fotos\/cultura\/2025\/11\/13\/obras-maestras-bbva-llegan-museo-123681731.html#foto=3\" rel=\"nofollow noopener\" target=\"_blank\"><\/p>\n<p>                    <img loading=\"lazy\" decoding=\"async\" class=\"lazy-place\" src=\"data:image\/png;base64,iVBORw0KGgoAAAANSUhEUgAAAAEAAAABCAQAAAC1HAwCAAAAC0lEQVR42mNkYAAAAAYAAjCB0C8AAAAASUVORK5CYII=\" alt=\" \" height=\"1202\" width=\"1600\" style=\" max-height: calc(100vh - 58px); height: 0; padding-top: 75%; \"\/><\/p>\n<p><\/a><br \/>\n                    Las obras maestras del BBVA llegan al Museo de Bellas Artes de Val\u00e8ncia<\/p>\n<p class=\"swiper-slide__author\">Fernando Bustamante<\/p>\n<p class=\"swiper-slide__description\">\n                                                                        Sorolla, Murillo, Van Dyck, Zuloaga o Goya se re\u00fanen en la exposici\u00f3n &#8216;Cl\u00e1sicos y modernos&#8217;.\n                                            <\/p>\n<p><a class=\"swiper-imagen\" href=\"https:\/\/www.levante-emv.com\/fotos\/cultura\/2025\/11\/13\/obras-maestras-bbva-llegan-museo-123681731.html#foto=4\" rel=\"nofollow noopener\" target=\"_blank\"><\/p>\n<p>                    <img loading=\"lazy\" decoding=\"async\" class=\"lazy-place\" src=\"data:image\/png;base64,iVBORw0KGgoAAAANSUhEUgAAAAEAAAABCAQAAAC1HAwCAAAAC0lEQVR42mNkYAAAAAYAAjCB0C8AAAAASUVORK5CYII=\" alt=\" \" height=\"1202\" width=\"1600\" style=\" max-height: calc(100vh - 58px); height: 0; padding-top: 75%; \"\/><\/p>\n<p><\/a><br \/>\n                    Las obras maestras del BBVA llegan al Museo de Bellas Artes de Val\u00e8ncia<\/p>\n<p class=\"swiper-slide__author\">Fernando Bustamante<\/p>\n<p class=\"swiper-slide__description\">\n                                                                        Sorolla, Murillo, Van Dyck, Zuloaga o Goya se re\u00fanen en la exposici\u00f3n &#8216;Cl\u00e1sicos y modernos&#8217;.\n                                            <\/p>\n<p><a class=\"swiper-imagen\" href=\"https:\/\/www.levante-emv.com\/fotos\/cultura\/2025\/11\/13\/obras-maestras-bbva-llegan-museo-123681731.html#foto=5\" rel=\"nofollow noopener\" target=\"_blank\"><\/p>\n<p>                    <img loading=\"lazy\" decoding=\"async\" class=\"lazy-place\" src=\"data:image\/png;base64,iVBORw0KGgoAAAANSUhEUgAAAAEAAAABCAQAAAC1HAwCAAAAC0lEQVR42mNkYAAAAAYAAjCB0C8AAAAASUVORK5CYII=\" alt=\" \" height=\"1202\" width=\"1600\" style=\" max-height: calc(100vh - 58px); height: 0; padding-top: 75%; \"\/><\/p>\n<p><\/a><br \/>\n                    Las obras maestras del BBVA llegan al Museo de Bellas Artes de Val\u00e8ncia<\/p>\n<p class=\"swiper-slide__author\">Fernando Bustamante<\/p>\n<p class=\"swiper-slide__description\">\n                                                                        Sorolla, Murillo, Van Dyck, Zuloaga o Goya se re\u00fanen en la exposici\u00f3n &#8216;Cl\u00e1sicos y modernos&#8217;.\n                                            <\/p>\n<p><a class=\"swiper-imagen\" href=\"https:\/\/www.levante-emv.com\/fotos\/cultura\/2025\/11\/13\/obras-maestras-bbva-llegan-museo-123681731.html#foto=6\" rel=\"nofollow noopener\" target=\"_blank\"><\/p>\n<p>                    <img loading=\"lazy\" decoding=\"async\" class=\"lazy-place\" src=\"data:image\/png;base64,iVBORw0KGgoAAAANSUhEUgAAAAEAAAABCAQAAAC1HAwCAAAAC0lEQVR42mNkYAAAAAYAAjCB0C8AAAAASUVORK5CYII=\" alt=\" \" height=\"1202\" width=\"1600\" style=\" max-height: calc(100vh - 58px); height: 0; padding-top: 75%; \"\/><\/p>\n<p><\/a><br \/>\n                    Las obras maestras del BBVA llegan al Museo de Bellas Artes de Val\u00e8ncia<\/p>\n<p class=\"swiper-slide__author\">Fernando Bustamante<\/p>\n<p class=\"swiper-slide__description\">\n                                                                        Sorolla, Murillo, Van Dyck, Zuloaga o Goya se re\u00fanen en la exposici\u00f3n &#8216;Cl\u00e1sicos y modernos&#8217;.\n                                            <\/p>\n<p><a class=\"swiper-imagen\" href=\"https:\/\/www.levante-emv.com\/fotos\/cultura\/2025\/11\/13\/obras-maestras-bbva-llegan-museo-123681731.html#foto=7\" rel=\"nofollow noopener\" target=\"_blank\"><\/p>\n<p>                    <img loading=\"lazy\" decoding=\"async\" class=\"lazy-place\" src=\"data:image\/png;base64,iVBORw0KGgoAAAANSUhEUgAAAAEAAAABCAQAAAC1HAwCAAAAC0lEQVR42mNkYAAAAAYAAjCB0C8AAAAASUVORK5CYII=\" alt=\" \" height=\"1202\" width=\"1600\" style=\" max-height: calc(100vh - 58px); height: 0; padding-top: 75%; \"\/><\/p>\n<p><\/a><br \/>\n                    Las obras maestras del BBVA llegan al Museo de Bellas Artes de Val\u00e8ncia<\/p>\n<p class=\"swiper-slide__author\">Fernando Bustamante<\/p>\n<p class=\"swiper-slide__description\">\n                                                                        Sorolla, Murillo, Van Dyck, Zuloaga o Goya se re\u00fanen en la exposici\u00f3n &#8216;Cl\u00e1sicos y modernos&#8217;.\n                                            <\/p>\n<p><a class=\"swiper-imagen\" href=\"https:\/\/www.levante-emv.com\/fotos\/cultura\/2025\/11\/13\/obras-maestras-bbva-llegan-museo-123681731.html#foto=8\" rel=\"nofollow noopener\" target=\"_blank\"><\/p>\n<p>                    <img loading=\"lazy\" decoding=\"async\" class=\"lazy-place\" src=\"data:image\/png;base64,iVBORw0KGgoAAAANSUhEUgAAAAEAAAABCAQAAAC1HAwCAAAAC0lEQVR42mNkYAAAAAYAAjCB0C8AAAAASUVORK5CYII=\" alt=\" \" height=\"1202\" width=\"1600\" style=\" max-height: calc(100vh - 58px); height: 0; padding-top: 75%; \"\/><\/p>\n<p><\/a><br \/>\n                    Las obras maestras del BBVA llegan al Museo de Bellas Artes de Val\u00e8ncia<\/p>\n<p class=\"swiper-slide__author\">Fernando Bustamante<\/p>\n<p class=\"swiper-slide__description\">\n                                                                        Sorolla, Murillo, Van Dyck, Zuloaga o Goya se re\u00fanen en la exposici\u00f3n &#8216;Cl\u00e1sicos y modernos&#8217;.\n                                            <\/p>\n<p><a class=\"swiper-imagen\" href=\"https:\/\/www.levante-emv.com\/fotos\/cultura\/2025\/11\/13\/obras-maestras-bbva-llegan-museo-123681731.html#foto=9\" rel=\"nofollow noopener\" target=\"_blank\"><\/p>\n<p>                    <img loading=\"lazy\" decoding=\"async\" class=\"lazy-place\" src=\"data:image\/png;base64,iVBORw0KGgoAAAANSUhEUgAAAAEAAAABCAQAAAC1HAwCAAAAC0lEQVR42mNkYAAAAAYAAjCB0C8AAAAASUVORK5CYII=\" alt=\" \" height=\"1109\" width=\"1600\" style=\" max-height: calc(100vh - 58px); height: 0; padding-top: 69%; \"\/><\/p>\n<p><\/a><br \/>\n                    Las obras maestras del BBVA llegan al Museo de Bellas Artes de Val\u00e8ncia<\/p>\n<p class=\"swiper-slide__author\">Fernando Bustamante<\/p>\n<p class=\"swiper-slide__description\">\n                                                                        Sorolla, Murillo, Van Dyck, Zuloaga o Goya se re\u00fanen en la exposici\u00f3n &#8216;Cl\u00e1sicos y modernos&#8217;.\n                                            <\/p>\n<p><a class=\"swiper-imagen\" href=\"https:\/\/www.levante-emv.com\/fotos\/cultura\/2025\/11\/13\/obras-maestras-bbva-llegan-museo-123681731.html#foto=10\" rel=\"nofollow noopener\" target=\"_blank\"><\/p>\n<p>                    <img loading=\"lazy\" decoding=\"async\" class=\"lazy-place\" src=\"data:image\/png;base64,iVBORw0KGgoAAAANSUhEUgAAAAEAAAABCAQAAAC1HAwCAAAAC0lEQVR42mNkYAAAAAYAAjCB0C8AAAAASUVORK5CYII=\" alt=\" \" height=\"1175\" width=\"1600\" style=\" max-height: calc(100vh - 58px); height: 0; padding-top: 73%; \"\/><\/p>\n<p><\/a><br \/>\n                    Las obras maestras del BBVA llegan al Museo de Bellas Artes de Val\u00e8ncia<\/p>\n<p class=\"swiper-slide__author\">Fernando Bustamante<\/p>\n<p class=\"swiper-slide__description\">\n                                                                        Sorolla, Murillo, Van Dyck, Zuloaga o Goya se re\u00fanen en la exposici\u00f3n &#8216;Cl\u00e1sicos y modernos&#8217;.\n                                            <\/p>\n<p><a class=\"swiper-imagen\" href=\"https:\/\/www.levante-emv.com\/fotos\/cultura\/2025\/11\/13\/obras-maestras-bbva-llegan-museo-123681731.html#foto=11\" rel=\"nofollow noopener\" target=\"_blank\"><\/p>\n<p>                    <img loading=\"lazy\" decoding=\"async\" class=\"lazy-place\" src=\"data:image\/png;base64,iVBORw0KGgoAAAANSUhEUgAAAAEAAAABCAQAAAC1HAwCAAAAC0lEQVR42mNkYAAAAAYAAjCB0C8AAAAASUVORK5CYII=\" alt=\" \" height=\"1202\" width=\"1600\" style=\" max-height: calc(100vh - 58px); height: 0; padding-top: 75%; \"\/><\/p>\n<p><\/a><br \/>\n                    Las obras maestras del BBVA llegan al Museo de Bellas Artes de Val\u00e8ncia<\/p>\n<p class=\"swiper-slide__author\">Fernando Bustamante<\/p>\n<p class=\"swiper-slide__description\">\n                                                                        Sorolla, Murillo, Van Dyck, Zuloaga o Goya se re\u00fanen en la exposici\u00f3n &#8216;Cl\u00e1sicos y modernos&#8217;.\n                                            <\/p>\n<p><a class=\"swiper-imagen\" href=\"https:\/\/www.levante-emv.com\/fotos\/cultura\/2025\/11\/13\/obras-maestras-bbva-llegan-museo-123681731.html#foto=12\" rel=\"nofollow noopener\" target=\"_blank\"><\/p>\n<p>                    <img loading=\"lazy\" decoding=\"async\" class=\"lazy-place\" src=\"data:image\/png;base64,iVBORw0KGgoAAAANSUhEUgAAAAEAAAABCAQAAAC1HAwCAAAAC0lEQVR42mNkYAAAAAYAAjCB0C8AAAAASUVORK5CYII=\" alt=\" \" height=\"1174\" width=\"1600\" style=\" max-height: calc(100vh - 58px); height: 0; padding-top: 73%; \"\/><\/p>\n<p><\/a><br \/>\n                    Las obras maestras del BBVA llegan al Museo de Bellas Artes de Val\u00e8ncia<\/p>\n<p class=\"swiper-slide__author\">Fernando Bustamante<\/p>\n<p class=\"swiper-slide__description\">\n                                                                        Sorolla, Murillo, Van Dyck, Zuloaga o Goya se re\u00fanen en la exposici\u00f3n &#8216;Cl\u00e1sicos y modernos&#8217;.\n                                            <\/p>\n<p><a class=\"swiper-imagen\" href=\"https:\/\/www.levante-emv.com\/fotos\/cultura\/2025\/11\/13\/obras-maestras-bbva-llegan-museo-123681731.html#foto=13\" rel=\"nofollow noopener\" target=\"_blank\"><\/p>\n<p>                    <img loading=\"lazy\" decoding=\"async\" class=\"lazy-place\" src=\"data:image\/png;base64,iVBORw0KGgoAAAANSUhEUgAAAAEAAAABCAQAAAC1HAwCAAAAC0lEQVR42mNkYAAAAAYAAjCB0C8AAAAASUVORK5CYII=\" alt=\" \" height=\"1202\" width=\"1600\" style=\" max-height: calc(100vh - 58px); height: 0; padding-top: 75%; \"\/><\/p>\n<p><\/a><br \/>\n                    Las obras maestras del BBVA llegan al Museo de Bellas Artes de Val\u00e8ncia<\/p>\n<p class=\"swiper-slide__author\">Fernando Bustamante<\/p>\n<p class=\"swiper-slide__description\">\n                                                                        Sorolla, Murillo, Van Dyck, Zuloaga o Goya se re\u00fanen en la exposici\u00f3n &#8216;Cl\u00e1sicos y modernos&#8217;.\n                                            <\/p>\n<p><a class=\"swiper-imagen\" href=\"https:\/\/www.levante-emv.com\/fotos\/cultura\/2025\/11\/13\/obras-maestras-bbva-llegan-museo-123681731.html#foto=14\" rel=\"nofollow noopener\" target=\"_blank\"><\/p>\n<p>                    <img loading=\"lazy\" decoding=\"async\" class=\"lazy-place\" src=\"data:image\/png;base64,iVBORw0KGgoAAAANSUhEUgAAAAEAAAABCAQAAAC1HAwCAAAAC0lEQVR42mNkYAAAAAYAAjCB0C8AAAAASUVORK5CYII=\" alt=\" \" height=\"1202\" width=\"1600\" style=\" max-height: calc(100vh - 58px); height: 0; padding-top: 75%; \"\/><\/p>\n<p><\/a><br \/>\n                    Las obras maestras del BBVA llegan al Museo de Bellas Artes de Val\u00e8ncia<\/p>\n<p class=\"swiper-slide__author\">Fernando Bustamante<\/p>\n<p class=\"swiper-slide__description\">\n                                                                        Sorolla, Murillo, Van Dyck, Zuloaga o Goya se re\u00fanen en la exposici\u00f3n &#8216;Cl\u00e1sicos y modernos&#8217;.\n                                            <\/p>\n<p><a class=\"swiper-imagen\" href=\"https:\/\/www.levante-emv.com\/fotos\/cultura\/2025\/11\/13\/obras-maestras-bbva-llegan-museo-123681731.html#foto=15\" rel=\"nofollow noopener\" target=\"_blank\"><\/p>\n<p>                    <img loading=\"lazy\" decoding=\"async\" class=\"lazy-place\" src=\"data:image\/png;base64,iVBORw0KGgoAAAANSUhEUgAAAAEAAAABCAQAAAC1HAwCAAAAC0lEQVR42mNkYAAAAAYAAjCB0C8AAAAASUVORK5CYII=\" alt=\" \" height=\"1202\" width=\"1600\" style=\" max-height: calc(100vh - 58px); height: 0; padding-top: 75%; \"\/><\/p>\n<p><\/a><br \/>\n                    Las obras maestras del BBVA llegan al Museo de Bellas Artes de Val\u00e8ncia<\/p>\n<p class=\"swiper-slide__author\">Fernando Bustamante<\/p>\n<p class=\"swiper-slide__description\">\n                                                                        Sorolla, Murillo, Van Dyck, Zuloaga o Goya se re\u00fanen en la exposici\u00f3n &#8216;Cl\u00e1sicos y modernos&#8217;.\n                                            <\/p>\n<p><a class=\"swiper-imagen\" href=\"https:\/\/www.levante-emv.com\/fotos\/cultura\/2025\/11\/13\/obras-maestras-bbva-llegan-museo-123681731.html#foto=16\" rel=\"nofollow noopener\" target=\"_blank\"><\/p>\n<p>                    <img loading=\"lazy\" decoding=\"async\" class=\"lazy-place\" src=\"data:image\/png;base64,iVBORw0KGgoAAAANSUhEUgAAAAEAAAABCAQAAAC1HAwCAAAAC0lEQVR42mNkYAAAAAYAAjCB0C8AAAAASUVORK5CYII=\" alt=\" \" height=\"1202\" width=\"1600\" style=\" max-height: calc(100vh - 58px); height: 0; padding-top: 75%; \"\/><\/p>\n<p><\/a><br \/>\n                    Las obras maestras del BBVA llegan al Museo de Bellas Artes de Val\u00e8ncia<\/p>\n<p class=\"swiper-slide__author\">Fernando Bustamante<\/p>\n<p class=\"swiper-slide__description\">\n                                                                        Sorolla, Murillo, Van Dyck, Zuloaga o Goya se re\u00fanen en la exposici\u00f3n &#8216;Cl\u00e1sicos y modernos&#8217;.\n                                            <\/p>\n<p><a class=\"swiper-imagen\" href=\"https:\/\/www.levante-emv.com\/fotos\/cultura\/2025\/11\/13\/obras-maestras-bbva-llegan-museo-123681731.html#foto=17\" rel=\"nofollow noopener\" target=\"_blank\"><\/p>\n<p>                    <img loading=\"lazy\" decoding=\"async\" class=\"lazy-place\" src=\"data:image\/png;base64,iVBORw0KGgoAAAANSUhEUgAAAAEAAAABCAQAAAC1HAwCAAAAC0lEQVR42mNkYAAAAAYAAjCB0C8AAAAASUVORK5CYII=\" alt=\" \" height=\"1101\" width=\"1600\" style=\" max-height: calc(100vh - 58px); height: 0; padding-top: 69%; \"\/><\/p>\n<p><\/a><br \/>\n                    Las obras maestras del BBVA llegan al Museo de Bellas Artes de Val\u00e8ncia<\/p>\n<p class=\"swiper-slide__author\">Fernando Bustamante<\/p>\n<p class=\"swiper-slide__description\">\n                                                                        Sorolla, Murillo, Van Dyck, Zuloaga o Goya se re\u00fanen en la exposici\u00f3n &#8216;Cl\u00e1sicos y modernos&#8217;.\n                                            <\/p>\n<p><a class=\"swiper-imagen\" href=\"https:\/\/www.levante-emv.com\/fotos\/cultura\/2025\/11\/13\/obras-maestras-bbva-llegan-museo-123681731.html\" rel=\"nofollow noopener\" target=\"_blank\"><\/p>\n<p>                    <img loading=\"lazy\" decoding=\"async\" class=\"lazy-place\" src=\"data:image\/png;base64,iVBORw0KGgoAAAANSUhEUgAAAAEAAAABCAQAAAC1HAwCAAAAC0lEQVR42mNkYAAAAAYAAjCB0C8AAAAASUVORK5CYII=\" alt=\" \" height=\"1202\" width=\"1600\" style=\" max-height: calc(100vh - 58px); height: 0; padding-top: 75%; \"\/><\/p>\n<p><\/a><br \/>\n                    Las obras maestras del BBVA llegan al Museo de Bellas Artes de Val\u00e8ncia<\/p>\n<p class=\"swiper-slide__author\">Fernando Bustamante<\/p>\n<p class=\"swiper-slide__description\">\n                                                                        Sorolla, Murillo, Van Dyck, Zuloaga o Goya se re\u00fanen en la exposici\u00f3n &#8216;Cl\u00e1sicos y modernos&#8217;.\n                                            <\/p>\n","protected":false},"excerpt":{"rendered":"Fernando Bustamante Actualizado: 13\/11\/2025 14:30 Ver galer\u00eda &gt; Sorolla, Murillo, Van Dyck, Zuloaga o Goya se re\u00fanen en&hellip;\n","protected":false},"author":2,"featured_media":235028,"comment_status":"","ping_status":"","sticky":false,"template":"","format":"standard","meta":{"footnotes":""},"categories":[173],"tags":[229,233,231,230,3285,232,234,146,147,25,24,6752,38506,470,474,23],"class_list":{"0":"post-235027","1":"post","2":"type-post","3":"status-publish","4":"format-standard","5":"has-post-thumbnail","7":"category-arte-y-diseno","8":"tag-arte","9":"tag-arte-y-diseno","10":"tag-arts","11":"tag-arts-and-design","12":"tag-bbva","13":"tag-design","14":"tag-diseno","15":"tag-entertainment","16":"tag-entretenimiento","17":"tag-es","18":"tag-espana","19":"tag-llegan","20":"tag-maestras","21":"tag-museo","22":"tag-obras","23":"tag-spain"},"share_on_mastodon":{"url":"https:\/\/pubeurope.com\/@es\/115546568991993187","error":""},"_links":{"self":[{"href":"https:\/\/www.europesays.com\/es\/wp-json\/wp\/v2\/posts\/235027","targetHints":{"allow":["GET"]}}],"collection":[{"href":"https:\/\/www.europesays.com\/es\/wp-json\/wp\/v2\/posts"}],"about":[{"href":"https:\/\/www.europesays.com\/es\/wp-json\/wp\/v2\/types\/post"}],"author":[{"embeddable":true,"href":"https:\/\/www.europesays.com\/es\/wp-json\/wp\/v2\/users\/2"}],"replies":[{"embeddable":true,"href":"https:\/\/www.europesays.com\/es\/wp-json\/wp\/v2\/comments?post=235027"}],"version-history":[{"count":0,"href":"https:\/\/www.europesays.com\/es\/wp-json\/wp\/v2\/posts\/235027\/revisions"}],"wp:featuredmedia":[{"embeddable":true,"href":"https:\/\/www.europesays.com\/es\/wp-json\/wp\/v2\/media\/235028"}],"wp:attachment":[{"href":"https:\/\/www.europesays.com\/es\/wp-json\/wp\/v2\/media?parent=235027"}],"wp:term":[{"taxonomy":"category","embeddable":true,"href":"https:\/\/www.europesays.com\/es\/wp-json\/wp\/v2\/categories?post=235027"},{"taxonomy":"post_tag","embeddable":true,"href":"https:\/\/www.europesays.com\/es\/wp-json\/wp\/v2\/tags?post=235027"}],"curies":[{"name":"wp","href":"https:\/\/api.w.org\/{rel}","templated":true}]}}