{"id":235031,"date":"2025-11-14T06:13:10","date_gmt":"2025-11-14T06:13:10","guid":{"rendered":"https:\/\/www.europesays.com\/es\/235031\/"},"modified":"2025-11-14T06:13:10","modified_gmt":"2025-11-14T06:13:10","slug":"inaki-uoho-anton-guitarrista-de-extremoduro-pone-en-marcha-su-nuevo-grupo-rebrote-y-estrena-su-primera-cancion","status":"publish","type":"post","link":"https:\/\/www.europesays.com\/es\/235031\/","title":{"rendered":"I\u00f1aki &#8216;Uoho&#8217; Ant\u00f3n, guitarrista de Extremoduro, pone en marcha su nuevo grupo Rebrote y estrena su primera canci\u00f3n"},"content":{"rendered":"<p class=\"c-paragraph\">I\u00f1aki Ant\u00f3n, alias Uoho, quien fue guitarrista y productor de Extremoduro, ha anunciado el lanzamiento este jueves de la canci\u00f3n La flor de la verbena, la primera de su nuevo grupo, bautizado Rebrote, con el que retoma la actividad musical tras el <b>final, hace cuatro a\u00f1os<\/b>, de la hist\u00f3rica banda y superar un largo per\u00edodo de <b>recuperaci\u00f3n por covid persistente<\/b>.<\/p>\n<p class=\"c-paragraph\">\u00ab<b>De ese renacer, de esa necesidad vital de volver a crear<\/b>, nace Rebrote\u00bb, indica el comunicado de su oficina, en el que se informa de que la nueva banda supone el reencuentro del bilba\u00edno con varios de sus compa\u00f1eros en Extremoduro (Jos\u00e9 Ignacio Cantera a la bater\u00eda, Miguel Colina al bajo). Adem\u00e1s, participan Jaime Tejedor (guitarras), \u00cd\u00f1igo L\u00f3pez (coros) y Jaime Moreno, al micr\u00f3fono.<\/p>\n<p class=\"c-paragraph\">La flor de la verbena, que ya est\u00e1 disponible en plataformas digitales y es el <b>anticipo de un disco que ver\u00e1 la luz en enero<\/b>, se presenta como \u00abun tema de sonido potente y org\u00e1nico, fiel al esp\u00edritu del rock que siempre ha acompa\u00f1ado a Ant\u00f3n, pero con nuevas ra\u00edces, nuevos aires y una energ\u00eda renovada\u00bb.<\/p>\n<p class=\"c-paragraph\">Este nuevo proyecto musical surge tras el abrupto anuncio en 2021 de Extremoduro, al que hab\u00eda estado vinculado desde 1996 y que por diversos motivos <b>nunca lleg\u00f3 a celebrar su gira de despedida<\/b>.<\/p>\n<p class=\"c-paragraph\">En una entrevista posterior, el bilba\u00edno reconoci\u00f3 el <b>deterioro progresivo de su relaci\u00f3n con el que fuera l\u00edder de la m\u00edtica banda, <a href=\"https:\/\/www.20minutos.es\/tags\/personas\/robe-iniesta.html\" title=\"Robe Iniesta\" rel=\"nofollow noopener\" target=\"_blank\">Robe Iniesta<\/a><\/b>: \u00abHemos sido amigos durante 30 a\u00f1os y hemos sido familia. Mi familia era la suya, y la suya la m\u00eda. Pero en la vida se pierden cosas. \u00c9l me ve diferente a m\u00ed, eso me dijo un d\u00eda. Bueno, pues tengo un familiar menos\u00bb.<\/p>\n<p class=\"c-paragraph\">Tras el final de Extremoduro, Ant\u00f3n emprendi\u00f3 una nueva etapa en solitario bajo el nombre de Uoho y lanz\u00f3 dos vol\u00famenes bajo el t\u00edtulo de Interpretaciones en los que revisitaba su trayectoria mediante nuevas grabaciones, con su propia voz.<\/p>\n<p class=\"c-paragraph\">Posteriormente, sin embargo, se vio sumido en una covid persistente que lo mantuvo apartado de los escenarios y estudios hasta ahora en que \u00abplenamente recuperado\u00bb, indica el comunicado, \u00ab<b>regresa con m\u00e1s fuerza y lucidez que nunca<\/b>\u00ab.<\/p>\n","protected":false},"excerpt":{"rendered":"I\u00f1aki Ant\u00f3n, alias Uoho, quien fue guitarrista y productor de Extremoduro, ha anunciado el lanzamiento este jueves de&hellip;\n","protected":false},"author":2,"featured_media":235032,"comment_status":"","ping_status":"","sticky":false,"template":"","format":"standard","meta":{"footnotes":""},"categories":[170],"tags":[209,146,147,25,24,184,185,23],"class_list":{"0":"post-235031","1":"post","2":"type-post","3":"status-publish","4":"format-standard","5":"has-post-thumbnail","7":"category-musica","8":"tag-cultura","9":"tag-entertainment","10":"tag-entretenimiento","11":"tag-es","12":"tag-espana","13":"tag-music","14":"tag-musica","15":"tag-spain"},"share_on_mastodon":{"url":"https:\/\/pubeurope.com\/@es\/115546580998739483","error":""},"_links":{"self":[{"href":"https:\/\/www.europesays.com\/es\/wp-json\/wp\/v2\/posts\/235031","targetHints":{"allow":["GET"]}}],"collection":[{"href":"https:\/\/www.europesays.com\/es\/wp-json\/wp\/v2\/posts"}],"about":[{"href":"https:\/\/www.europesays.com\/es\/wp-json\/wp\/v2\/types\/post"}],"author":[{"embeddable":true,"href":"https:\/\/www.europesays.com\/es\/wp-json\/wp\/v2\/users\/2"}],"replies":[{"embeddable":true,"href":"https:\/\/www.europesays.com\/es\/wp-json\/wp\/v2\/comments?post=235031"}],"version-history":[{"count":0,"href":"https:\/\/www.europesays.com\/es\/wp-json\/wp\/v2\/posts\/235031\/revisions"}],"wp:featuredmedia":[{"embeddable":true,"href":"https:\/\/www.europesays.com\/es\/wp-json\/wp\/v2\/media\/235032"}],"wp:attachment":[{"href":"https:\/\/www.europesays.com\/es\/wp-json\/wp\/v2\/media?parent=235031"}],"wp:term":[{"taxonomy":"category","embeddable":true,"href":"https:\/\/www.europesays.com\/es\/wp-json\/wp\/v2\/categories?post=235031"},{"taxonomy":"post_tag","embeddable":true,"href":"https:\/\/www.europesays.com\/es\/wp-json\/wp\/v2\/tags?post=235031"}],"curies":[{"name":"wp","href":"https:\/\/api.w.org\/{rel}","templated":true}]}}