{"id":235033,"date":"2025-11-14T06:14:09","date_gmt":"2025-11-14T06:14:09","guid":{"rendered":"https:\/\/www.europesays.com\/es\/235033\/"},"modified":"2025-11-14T06:14:09","modified_gmt":"2025-11-14T06:14:09","slug":"harris-dickinson-de-rostro-bonito-a-heredero-de-ken-loach-hemos-perdido-la-confianza-en-los-politicos-cine-estrenos-y-criticas","status":"publish","type":"post","link":"https:\/\/www.europesays.com\/es\/235033\/","title":{"rendered":"Harris Dickinson, de rostro bonito a heredero de Ken Loach: \u201cHemos perdido la confianza en los pol\u00edticos\u201d | Cine: estrenos y cr\u00edticas"},"content":{"rendered":"<p class=\"\">En el cuerpo de Harris Dickinson (Londres, 29 a\u00f1os) hay varios tatuajes. En su hombro derecho, como se puede ver en alguna de sus pel\u00edculas, se puede leer \u201cKES\u201d, en referencia a <a href=\"https:\/\/elpais.com\/cultura\/2023-10-28\/ken-loach-nunca-ha-dado-tanto-miedo-la-ultraderecha-en-europa-como-hoy.html\" target=\"_self\" rel=\"nofollow noopener\" title=\"https:\/\/elpais.com\/cultura\/2023-10-28\/ken-loach-nunca-ha-dado-tanto-miedo-la-ultraderecha-en-europa-como-hoy.html\">la pel\u00edcula hom\u00f3nima de 1969 de Ken Loach,<\/a> que tambi\u00e9n era el filme favorito de <a href=\"https:\/\/elpais.com\/diario\/1996\/03\/14\/cultura\/826758014_850215.html\" target=\"_self\" rel=\"nofollow noopener\" title=\"https:\/\/elpais.com\/diario\/1996\/03\/14\/cultura\/826758014_850215.html\">Krzysztof Kieslowski<\/a>. Eso s\u00ed es una declaraci\u00f3n de intenciones. Festival de cine de San Sebasti\u00e1n. Urchin, el debut en el largo como director de Dickinson \u2014que se estrena este viernes en salas comerciales\u2014, se proyecta en la secci\u00f3n Perlak, y el londinense atiende a la prensa. As\u00ed que cuando se le pregunta por el tatuaje, levanta la manga corta de su camiseta, y luce orgulloso el referente. \u201cLoach es uno de mis chicos\u201d, r\u00ede.<\/p>\n<p>M\u00e1s informaci\u00f3n<\/p>\n<p class=\"\">La imagen ante el mundo de Dickinson probablemente est\u00e9 mediatizada por sus trabajos como actor: protagoniz\u00f3 El tri\u00e1ngulo de la tristeza (2022), de Ruben \u00d6stlund, el mismo a\u00f1o en que se le pudo ver en la saga The King\u2019s Man, fue el amante turbulento de Nicole Kidman en Babygirl (2024) \u2014Banderas habla maravillas de \u00e9l en aquel rodaje\u2014 y apareci\u00f3 en Blitz (2024), de Steve McQueen. Pero su carrera es mucho m\u00e1s, desde que en 2017 llam\u00f3 la atenci\u00f3n su trabajo en Beach Rats; y le han movido proyectos autorales y arriesgados (The Souvenir: Part II, El clan de hierro, La chica salvaje) m\u00e1s que los que le llegan por su rostro bonito (Mal\u00e9fica: maestra del mal). <\/p>\n<p class=\"\">Todo eso cambiar\u00e1 cuando se estrene el cuarteto de pel\u00edculas de Sam Mendes sobre The Beatles, en las que Dickinson interpretar\u00e1 a John Lennon. Al menos, esa ma\u00f1ana de septiembre donostiarra, el actor est\u00e1 tranquilo, chequea un momento su m\u00f3vil, y sonriente, con un hablar pausado, desgrana por qu\u00e9 ha dirigido, y por qu\u00e9 ha debutado con un filme eminentemente social como Urchin. \u201cDe ni\u00f1o pens\u00e9 que ser\u00eda un c\u00e1mara. Hac\u00eda v\u00eddeos de skate, y despu\u00e9s, en la universidad, empec\u00e9 a hacer mis propios cortos y una serie de comedia que publicaba en YouTube todas las semanas\u201d. Pero la escuela de cine era muy cara para un hijo de un trabajador social y una peluquera. \u201cLa actuaci\u00f3n se convirti\u00f3 en un proyecto m\u00e1s realista. Comenc\u00e9 en el teatro a los 20, 21 a\u00f1os, aunque nunca abandon\u00e9 la escritura\u201d. Incluso hubo un momento en que casi se enrola en la Royal Navy. \u201cYa estoy escribiendo mi segundo largo\u201d.<\/p>\n<p><img decoding=\"auto\" class=\"_re lazyload a_m-h\" height=\"173\"  width=\"414\"  src=\"https:\/\/www.europesays.com\/es\/wp-content\/uploads\/2025\/11\/EEMFBIJO65DP3MJ6QYRPR623KM.webp\" loading=\"lazy\"\/>Frank Dillane, en &#8216;Urchin&#8217;, de Harris Dickinson.<\/p>\n<p class=\"\">La pulsi\u00f3n se manten\u00eda y por ello dirigi\u00f3 el corto 2003 en 2021, cuando ya estaba ascendiendo en la interpretaci\u00f3n. \u201cSent\u00ed que ya ten\u00eda el permiso para rodar el largo\u201d. \u00bfY se plantea c\u00f3mo el p\u00fablico va a tomarse este cambio en su carrera? \u201cLa gente probablemente no sepa a qu\u00e9 he estado destinando mi tiempo. Cuando dije que quer\u00eda hacer esta pel\u00edcula, e incluso cuando la hice, percib\u00ed una sensaci\u00f3n general de&#8230; \u2018Ah, \u00bfquer\u00edas hacer una pel\u00edcula? \u00bfEres un actor privilegiado que ha decidido que quiere probar la direcci\u00f3n?\u2019. Lo que no saben es que era realmente mi objetivo. Lo que ocurre es que no he ido por ah\u00ed dici\u00e9ndolo. Desde fuera parece algo fr\u00edvolo, pero han dedicado a\u00f1os a esto\u201d.<\/p>\n<p class=\"\">Urchin nace de lo que vio a trav\u00e9s de la profesi\u00f3n de su padre y de su propia experiencia. \u201cEstuve trabajando en 2019 y 2020, con una organizaci\u00f3n en mi comunidad en el este de Londres con personas que viven en la calle desde hace a\u00f1os. Era un tema que me interesa y a la vez me indigna. El gobierno local no necesariamente ayuda de la manera correcta a pesar de sus esfuerzos. Esas lagunas fueron las que me motivaron a intentar contar una historia sobre alguien que est\u00e1 luchando contra s\u00ed mismo\u201d.<\/p>\n<p class=\"\">Su protagonista, Mike, arranca el filme durmiendo tirado en la acera de una calle londinense. Es de d\u00eda, los peatones le rodean con prisa. Un predicador vocifera intentando convencer a los viandantes de las maravillas de su religi\u00f3n. Esos gritos despiertan al sin techo, que tras discutir con el iluminado, se levanta e inicia su propio camino, en el que agredir\u00e1, para robarle, al \u00fanico hombre que le ayuda. \u201cEs importante querer a tus personajes, incluso cuando tienen comportamientos cuestionables\u201d, apunta Dickinson. \u201cQuer\u00eda mostrar la dificultad de alguien en ese escenario, sin centrarme en las instituciones, como si fuera una odisea, no reflejar las deficiencias de la libertad condicional o la reforma penitenciaria. Admiro mucho a las personas que trabajan en esos campos, como mi padre. No quiero que parezca que culpo a nadie\u201d.<\/p>\n<p class=\"\">Y llega el momento de ahondar en el mensaje de su tatuaje. \u201cMi madre es muy cin\u00e9fila. Me llevaba de peque\u00f1a al cine. Ella me descubri\u00f3 a <a href=\"https:\/\/elpais.com\/noticias\/mike-leigh\/\" target=\"_self\" rel=\"nofollow noopener\" title=\"https:\/\/elpais.com\/noticias\/mike-leigh\/\">Mike Leigh<\/a> y yo me identifiqu\u00e9 con los personajes de su mundo. Sent\u00eda que eran personas como las que estaban en mi vida y me resultaba intrigante\u201d. Despu\u00e9s llegaron \u201cKen Loach, Lynne Ramsay, que comenz\u00f3 en el realismo social, Shane Meadows, Andrea Arnold, Sarah Gavron, Clio Bernard, todo cineastas del Reino Unido, tambi\u00e9n Joanna Hogg&#8230; Son la base de una tradici\u00f3n de la que agradezco formar parte\u201d.<\/p>\n<p>Nicole Kidman y Harris Dickinson, en &#8216;Babygirl&#8217;.<\/p>\n<p class=\"\">A su protagonista, Frank Dillane, el hijo de un mito de la interpretaci\u00f3n, Stephen Dillane, lo vio en la serie Fear The Walking Dead. \u201cCuando empezamos a hacer las audiciones con los actores, entr\u00f3 en la sala e hizo una prueba incre\u00edble. Me pareci\u00f3 intrigante. Yo ten\u00eda claro que no quer\u00eda caer en el estereotipo de joven rebelde. Frank representaba exactamente lo que necesitaba, porque ten\u00eda que ser encantador y extra\u00f1o y ten\u00eda que avergonzarse y a la vez ser pat\u00e9tico. Un humano imperfecto\u201d. \u00bfY se guard\u00f3 para s\u00ed mismo el personaje secundario? \u201c\u00a1Qu\u00e9 va! A una semana de rodar, el actor contratado se fue, y Frank me mir\u00f3 y me dijo: \u2018Eres el \u00fanico que se sabe todo el guion\u2019. No me qued\u00f3 otra\u201d.<\/p>\n<p class=\"\">Urchin no es una pel\u00edcula pol\u00edtica, asegura el director, pero&#8230; \u201cQuer\u00eda involucrarme en causas, quer\u00eda movilizarme, aunque no sab\u00eda c\u00f3mo. Mucha gente siente el mismo nivel de frustraci\u00f3n. Deseamos un cambio; sin embargo, no sabemos por d\u00f3nde empezar. Si por el activismo, por un cambio legislativo nacido del Gobierno o por un apoyo individual. Hay una organizaci\u00f3n ben\u00e9fica incre\u00edble en Londres llamada Under One Sky. Van por la ciudad en grupos de cinco personas, y encuentran a personas en situaci\u00f3n vulnerable. Les dan comida, entregan sacos de dormir. Puede que no est\u00e9 cambiando todo el panorama, pero responden a una pregunta: \u00bfqu\u00e9 se puede hacer hoy que sea efectivo?\u201d. Y se lanza: \u201cHemos perdido la confianza en las estructuras jer\u00e1rquicas, hemos perdido la confianza en los pol\u00edticos. No quiero ser c\u00ednico, aunque \u00bfhacia d\u00f3nde vamos si hay tanta desconfianza en la gente? El cambio est\u00e1 en la comunidad, en los esfuerzos locales, en la comprensi\u00f3n y en la empat\u00eda. Con todo, no tengo una respuesta prof\u00e9tica\u201d.<\/p>\n<p><img decoding=\"auto\" class=\"_re lazyload a_m-h\" height=\"234\"  width=\"414\"  src=\"https:\/\/www.europesays.com\/es\/wp-content\/uploads\/2025\/11\/RHXAVVO645D3RMKQYJGL3O36CM.jpg\" loading=\"lazy\"\/>Harris Dickinson, en &#8216;Urchin&#8217;, dirigida por \u00e9l mismo.<\/p>\n<p class=\"\">La religi\u00f3n asoma en la primera y la \u00faltima secuencia. La del predicador en la calle se inspira en una experiencia propia. \u201cNo paraba de hablar y gritar, como si pasara de ser una ret\u00f3rica religiosa inocente a una rabia ciega. Algo confuso porque la religi\u00f3n se supone que es algo amable, aunque sabemos que no lo es\u201d, reflexiona. \u201cMe interesan la fe y la espiritualidad. Quiz\u00e1s muchos compartimos esa sensaci\u00f3n de confusi\u00f3n hacia la fe en general y sentimos que formamos parte de algo m\u00e1s grande, pero sin saber qu\u00e9 es y sin querer etiquetarlo\u201d.<\/p>\n","protected":false},"excerpt":{"rendered":"En el cuerpo de Harris Dickinson (Londres, 29 a\u00f1os) hay varios tatuajes. En su hombro derecho, como se&hellip;\n","protected":false},"author":2,"featured_media":235034,"comment_status":"","ping_status":"","sticky":false,"template":"","format":"standard","meta":{"footnotes":""},"categories":[169],"tags":[1014,3083,177,26334,28667,209,9265,794,146,147,25,24,176,7946,40774,7228,11364,175,753,48394,23],"class_list":{"0":"post-235033","1":"post","2":"type-post","3":"status-publish","4":"format-standard","5":"has-post-thumbnail","7":"category-cine","8":"tag-actores","9":"tag-antonio-banderas","10":"tag-cine","11":"tag-cine-autor","12":"tag-cine-europeo","13":"tag-cultura","14":"tag-directores-cine","15":"tag-drogas","16":"tag-entertainment","17":"tag-entretenimiento","18":"tag-es","19":"tag-espana","20":"tag-film","21":"tag-john-lennon","22":"tag-ken-loach","23":"tag-londres","24":"tag-mike-leigh","25":"tag-movies","26":"tag-peliculas","27":"tag-sam-mendes","28":"tag-spain"},"share_on_mastodon":{"url":"https:\/\/pubeurope.com\/@es\/115546584928510593","error":""},"_links":{"self":[{"href":"https:\/\/www.europesays.com\/es\/wp-json\/wp\/v2\/posts\/235033","targetHints":{"allow":["GET"]}}],"collection":[{"href":"https:\/\/www.europesays.com\/es\/wp-json\/wp\/v2\/posts"}],"about":[{"href":"https:\/\/www.europesays.com\/es\/wp-json\/wp\/v2\/types\/post"}],"author":[{"embeddable":true,"href":"https:\/\/www.europesays.com\/es\/wp-json\/wp\/v2\/users\/2"}],"replies":[{"embeddable":true,"href":"https:\/\/www.europesays.com\/es\/wp-json\/wp\/v2\/comments?post=235033"}],"version-history":[{"count":0,"href":"https:\/\/www.europesays.com\/es\/wp-json\/wp\/v2\/posts\/235033\/revisions"}],"wp:featuredmedia":[{"embeddable":true,"href":"https:\/\/www.europesays.com\/es\/wp-json\/wp\/v2\/media\/235034"}],"wp:attachment":[{"href":"https:\/\/www.europesays.com\/es\/wp-json\/wp\/v2\/media?parent=235033"}],"wp:term":[{"taxonomy":"category","embeddable":true,"href":"https:\/\/www.europesays.com\/es\/wp-json\/wp\/v2\/categories?post=235033"},{"taxonomy":"post_tag","embeddable":true,"href":"https:\/\/www.europesays.com\/es\/wp-json\/wp\/v2\/tags?post=235033"}],"curies":[{"name":"wp","href":"https:\/\/api.w.org\/{rel}","templated":true}]}}