{"id":235055,"date":"2025-11-14T06:33:15","date_gmt":"2025-11-14T06:33:15","guid":{"rendered":"https:\/\/www.europesays.com\/es\/235055\/"},"modified":"2025-11-14T06:33:15","modified_gmt":"2025-11-14T06:33:15","slug":"salones-modernos-en-2026-colores-profundos-texturas-ricas-y-mucha-personalidad","status":"publish","type":"post","link":"https:\/\/www.europesays.com\/es\/235055\/","title":{"rendered":"Salones modernos en 2026: colores profundos, texturas ricas y mucha personalidad"},"content":{"rendered":"<p><strong>As\u00ed ser\u00e1n los salones modernos en 2026: colores profundos, texturas ricas y mucha personalidad<\/strong><\/p>\n<p>En 2026, los salones no vivir\u00e1n grandes cambios, sino que profundizar\u00e1n en las <a href=\"https:\/\/www.revistaad.es\/articulos\/salones-modernos-2025\" rel=\"nofollow noopener\" target=\"_blank\">tendencias que inauguraron 2025<\/a>: colores c\u00e1lidos y profundos, superficies ricas al tacto y mucha personalidad. Solo hay que echar un vistazo a nuestras <a href=\"https:\/\/www.revistaad.es\/decoracion\/casas-ad\" rel=\"nofollow noopener\" target=\"_blank\">casas AD<\/a> para saber que <strong>el minimalismo pas\u00f3<\/strong>, y lo que cobra importancia ahora es <strong>expresarse a trav\u00e9s de la decoraci\u00f3n.<\/strong><\/p>\n<p>Lo sabe perfectamente Andrea Lorente, directora creativa de la editora espa\u00f1ola <a href=\"https:\/\/www.revistaad.es\/decoracion\/articulos\/es-seguro-comprar-the-masie-opiniones-informacion-tienda-decoracion\" rel=\"nofollow noopener\" target=\"_blank\">The Masie<\/a>: \u201cEl <a href=\"https:\/\/www.revistaad.es\/articulos\/estilo-maximalista-arte-mezclar-sin-miedo\" rel=\"nofollow noopener\" target=\"_blank\">maximalismo<\/a> curado es, sin duda, el estilo que pegar\u00e1 con m\u00e1s fuerza este a\u00f1o. O como a m\u00ed me gusta llamarlo: el arte de habitar con intenci\u00f3n. En un mundo que durante a\u00f1os nos ha vendido la pureza del blanco, las l\u00edneas rectas y los espacios vac\u00edos como sin\u00f3nimo de buen gusto, el maximalismo curado viene a decir que <strong>vivir con belleza no es lo mismo que vivir con austeridad<\/strong>\u201d.<\/p>\n<p>\u201cNo se trata de llenar estanter\u00edas ni de acumular objetos por acumular; el maximalismo curado es todo lo contrario: es <strong>saber elegir, mezclar, editar. Es rodearte de piezas que cuentan algo,<\/strong> que tienen historia, que te emocionan\u201d, contin\u00faa. En otras palabras: de piezas que reflejan tu identidad. \u201cEn un sal\u00f3n con este enfoque <strong>no solo vemos dise\u00f1o, vemos a la persona que lo habita.<\/strong> Hay libros le\u00eddos, objetos heredados, arte local, piezas de viajes, flores secas recogidas en un paseo. Todo habla. Todo tiene alma\u201d, resume.<\/p>\n<p><img decoding=\"async\" alt=\"\u201cEste 2026 los muebles modulares o esquineros regresan con fuerza y son ideales para aprovechar el espacio sin perder...\" loading=\"lazy\" class=\"ResponsiveImageContainer-eNxvmU cfBbTk responsive-image__image\"   src=\"https:\/\/www.europesays.com\/es\/wp-content\/uploads\/2025\/11\/THE%20MASIE9546.jpg\"\/><\/p>\n<p>\u201cEste 2026, los muebles modulares o esquineros regresan con fuerza, y son ideales para aprovechar el espacio sin perder estilo\u201d, cuenta Andrea Lorente, de The Masie.<\/p>\n<p>The MasieNuevos colores top<\/p>\n<p>\u201cEn 2026, los colores tienden hacia una <strong>paleta c\u00e1lida, envolvente y sofisticada.<\/strong> Veremos protagonismo de tonos terrosos como los <strong>rojos oxidados, ciruelas intensos y <a href=\"https:\/\/www.revistaad.es\/decoracion\/alerta-tendencia\/articulos\/el-marron-el-color-que-es-tendencia-entre-los-interioristas\" rel=\"nofollow noopener\" target=\"_blank\">marrones chocolate<\/a> profundos\u201d,<\/strong> cuentan desde el club privado de compras Westwing.<\/p>\n<p>\u00bfLos reci\u00e9n llegados que tambi\u00e9n ser\u00e1n protagonistas? El Electric Indigo (un azul viol\u00e1ceo brillante), el Bright Emerald (un verde esmeralda muy vivo) y el Amber Haze (un \u00e1mbar dorado suave), tal y como nos cuenta Lorente. La profesional tambi\u00e9n nos explica que se combinar\u00e1n con neutros c\u00e1lidos, como el beige cl\u00e1sico y el Wax Paper (un beige amarillento tipo pergamino), e incluso con los <a href=\"https:\/\/www.revistaad.es\/decoracion\/articulos\/decorar-con-espejos-reflejos\" rel=\"nofollow noopener\" target=\"_blank\">toques met\u00e1licos<\/a> del acero o del oro p\u00e1lido.<\/p>\n<p>Y ojo: \u201cTambi\u00e9n veremos <strong>incrustaciones de <a href=\"https:\/\/www.revistaad.es\/galerias\/tendencia-color-block-casa\" rel=\"nofollow noopener\" target=\"_blank\">bloques de color<\/a><\/strong>, una t\u00e9cnica que juega con la geometr\u00eda para transformar piezas funcionales en objetos casi escult\u00f3ricos. Son acentos gr\u00e1ficos que rompen la monoton\u00eda sin saturar\u201d, dice Lorente. Incluso veremos maderas te\u00f1idas con matices que van desde el rojo vino hasta los verdes intensos o azules apagados.<\/p>\n","protected":false},"excerpt":{"rendered":"As\u00ed ser\u00e1n los salones modernos en 2026: colores profundos, texturas ricas y mucha personalidad En 2026, los salones&hellip;\n","protected":false},"author":2,"featured_media":235056,"comment_status":"","ping_status":"","sticky":false,"template":"","format":"standard","meta":{"footnotes":""},"categories":[173],"tags":[229,233,231,230,232,234,146,147,25,24,3994,23,61119],"class_list":{"0":"post-235055","1":"post","2":"type-post","3":"status-publish","4":"format-standard","5":"has-post-thumbnail","7":"category-arte-y-diseno","8":"tag-arte","9":"tag-arte-y-diseno","10":"tag-arts","11":"tag-arts-and-design","12":"tag-design","13":"tag-diseno","14":"tag-entertainment","15":"tag-entretenimiento","16":"tag-es","17":"tag-espana","18":"tag-salon","19":"tag-spain","20":"tag-tendencias-2026"},"share_on_mastodon":{"url":"https:\/\/pubeurope.com\/@es\/115546659671083251","error":""},"_links":{"self":[{"href":"https:\/\/www.europesays.com\/es\/wp-json\/wp\/v2\/posts\/235055","targetHints":{"allow":["GET"]}}],"collection":[{"href":"https:\/\/www.europesays.com\/es\/wp-json\/wp\/v2\/posts"}],"about":[{"href":"https:\/\/www.europesays.com\/es\/wp-json\/wp\/v2\/types\/post"}],"author":[{"embeddable":true,"href":"https:\/\/www.europesays.com\/es\/wp-json\/wp\/v2\/users\/2"}],"replies":[{"embeddable":true,"href":"https:\/\/www.europesays.com\/es\/wp-json\/wp\/v2\/comments?post=235055"}],"version-history":[{"count":0,"href":"https:\/\/www.europesays.com\/es\/wp-json\/wp\/v2\/posts\/235055\/revisions"}],"wp:featuredmedia":[{"embeddable":true,"href":"https:\/\/www.europesays.com\/es\/wp-json\/wp\/v2\/media\/235056"}],"wp:attachment":[{"href":"https:\/\/www.europesays.com\/es\/wp-json\/wp\/v2\/media?parent=235055"}],"wp:term":[{"taxonomy":"category","embeddable":true,"href":"https:\/\/www.europesays.com\/es\/wp-json\/wp\/v2\/categories?post=235055"},{"taxonomy":"post_tag","embeddable":true,"href":"https:\/\/www.europesays.com\/es\/wp-json\/wp\/v2\/tags?post=235055"}],"curies":[{"name":"wp","href":"https:\/\/api.w.org\/{rel}","templated":true}]}}