{"id":235061,"date":"2025-11-14T06:37:09","date_gmt":"2025-11-14T06:37:09","guid":{"rendered":"https:\/\/www.europesays.com\/es\/235061\/"},"modified":"2025-11-14T06:37:09","modified_gmt":"2025-11-14T06:37:09","slug":"belen-un-energico-drama-judicial-sobre-el-caso-que-impulso-la-ola-verde-de-las-mujeres-argentinas-cine-estrenos-y-criticas","status":"publish","type":"post","link":"https:\/\/www.europesays.com\/es\/235061\/","title":{"rendered":"\u2018Bel\u00e9n\u2019, un en\u00e9rgico drama judicial sobre el caso que impuls\u00f3 \u2018la ola verde\u2019 de las mujeres argentinas | Cine: estrenos y cr\u00edticas"},"content":{"rendered":"<p class=\"\">Bel\u00e9n arranca con una secuencia de genuino terror en la que se ve a una joven escu\u00e1lida partida por el dolor entrar en un hospital ayudada por su madre. Lo que le ocurre en ese hospital de la provincia argentina de Tucum\u00e1n cuesta digerirlo: un aborto espont\u00e1neo acaba con la joven detenida y acusada de homicidio. <\/p>\n<p>M\u00e1s informaci\u00f3n<\/p>\n<p class=\"\">La truculencia obstetricia se queda ah\u00ed <a href=\"https:\/\/elpais.com\/cultura\/2019\/05\/23\/actualidad\/1558609290_161557.html\" target=\"_self\" rel=\"nofollow noopener\" title=\"https:\/\/elpais.com\/cultura\/2019\/05\/23\/actualidad\/1558609290_161557.html\">(aunque su horror resuene en toda la pel\u00edcula)<\/a> para dar paso a un drama judicial en\u00e9rgico y eficaz de la mano de la abogada y la periodista que investigaron y defendieron la causa de esta joven condenada por los jueces y la sociedad. <a href=\"https:\/\/elpais.com\/cultura\/cine\/2025-09-23\/el-cine-argentino-brilla-en-san-sebastian-pese-al-ataque-devastador-de-milei.html\" target=\"_self\" rel=\"nofollow noopener\" title=\"https:\/\/elpais.com\/cultura\/cine\/2025-09-23\/el-cine-argentino-brilla-en-san-sebastian-pese-al-ataque-devastador-de-milei.html\">Bel\u00e9n, nombre ficticio de aquella mujer tucumana de 24 a\u00f1os,<\/a> acab\u00f3 convertida en s\u00edmbolo de la lucha por los derechos reproductivos de las mujeres en Argentina y su caso fue uno de los detonantes <a href=\"https:\/\/elpais.com\/cultura\/2020-03-05\/el-imparable-siglo-de-las-mujeres.html#?prm=copy_link\" rel=\"nofollow noopener\" target=\"_blank\">del movimiento feminista por un aborto legal y seguro conocido como La ola verde. <\/a><\/p>\n<p><img decoding=\"auto\" class=\"_re lazyload a_m-h\" height=\"233\"  width=\"414\"  src=\"https:\/\/www.europesays.com\/es\/wp-content\/uploads\/2025\/11\/CNQTGSGVLJAY3LHYNKXS2RHEWA.jpg\" loading=\"lazy\"\/>Laira Paredes y Dolores Fonzi, en &#8216;Bel\u00e9n&#8217;.<\/p>\n<p class=\"\">La segunda pel\u00edcula de la actriz Dolores Fonzi no es tan \u00edntima y especial como su debut, <a href=\"https:\/\/elpais.com\/cultura\/2024-07-05\/blondi-la-mama-peter-pan-y-el-nido-vacio.html#?prm=copy_link\" rel=\"nofollow noopener\" target=\"_blank\">Blondi<\/a>, pero logra moverse con astucia por las convenciones del g\u00e9nero judicial hasta atrapar al espectador con su convicci\u00f3n. Bel\u00e9n es una pel\u00edcula activista que no oculta su condici\u00f3n en un presente social y pol\u00edtico que amenaza los derechos de las mujeres en Argentina y, por desgracia, en buena parte del planeta. La involuci\u00f3n antiabortista no es una ficci\u00f3n y la pel\u00edcula no oculta su agenda ni su funci\u00f3n. <\/p>\n<p class=\"\">Como en Blondi, hay humor, pero pesa m\u00e1s el tono grave de un caso tan extremo como el de Bel\u00e9n, un caso que pone el foco, adem\u00e1s, en una violencia que empieza en los hospitales. Narrada desde la perspectiva de Soledad Deza, la abogada que interpreta Fonzi \u2014una letrada medi\u00e1tica especializada en casos de mujeres que ve en la historia de Bel\u00e9n una insoportable injusticia\u2014, la pel\u00edcula recorre los hechos reales y su manipulaci\u00f3n, las pesquisas, la vida familiar de la abogada y la movilizaci\u00f3n social que provoc\u00f3 el caso. <\/p>\n<p>M\u00e1s informaci\u00f3n<\/p>\n<p class=\"\">El trabajo de la actriz Camila Plaate, en la piel de la condenada, <a href=\"https:\/\/elpais.com\/cultura\/cine\/2025-09-27\/los-domingos-de-alauda-ruiz-de-azua-irrefutable-concha-de-oro-del-festival-de-san-sebastian.html\" target=\"_self\" rel=\"nofollow noopener\" title=\"https:\/\/elpais.com\/cultura\/cine\/2025-09-27\/los-domingos-de-alauda-ruiz-de-azua-irrefutable-concha-de-oro-del-festival-de-san-sebastian.html\">fue premiado en el \u00faltimo festival de San Sebasti\u00e1n.<\/a> Plaate interioriza con nervio, perplejidad y desamparo el calvario de una mujer que se ha mantenido oculta en el anonimato. La periodista a la que da vida Laura Paredes completa el t\u00e1ndem investigador (y creativo). Fonzi y Paredes, actrices y guionistas, demuestran una vez m\u00e1s los frutos de su trabajo colaborativo. Bel\u00e9n, elegida para representar a Argentina en los pr\u00f3ximos Oscar, destila una \u00e9pica contagiosa que reivindica, con la voz de fondo de la m\u00e1s grande \u201ccantora\u201d, la tucumana Mercedes Sosa, una tierra de \u201clucha y resistencia\u201d.<\/p>\n<p>Bel\u00e9n<\/p>\n<p><strong>Direcci\u00f3n:<\/strong> Dolores Fonzi.<\/p>\n<p><strong>Int\u00e9rpretes: <\/strong>Dolores Fonzi, Camila Plaate, Laura Paredes, Julieta Cardinali.  <\/p>\n<p><strong>G\u00e9nero: <\/strong>drama. Argentina, 2025. <\/p>\n<p><strong>Plataforma:<\/strong> Prime V\u00eddeo.<\/p>\n<p><strong>Duraci\u00f3n: <\/strong>105 minutos. <\/p>\n<p><strong>Estreno: 14 de noviembre.<\/strong><\/p>\n","protected":false},"excerpt":{"rendered":"Bel\u00e9n arranca con una secuencia de genuino terror en la que se ve a una joven escu\u00e1lida partida&hellip;\n","protected":false},"author":2,"featured_media":235062,"comment_status":"","ping_status":"","sticky":false,"template":"","format":"standard","meta":{"footnotes":""},"categories":[169],"tags":[17020,49325,1014,1015,283,177,26334,11344,209,9265,146,147,25,24,176,175,753,23],"class_list":{"0":"post-235061","1":"post","2":"type-post","3":"status-publish","4":"format-standard","5":"has-post-thumbnail","7":"category-cine","8":"tag-aborto","9":"tag-aborto-ilegal","10":"tag-actores","11":"tag-actrices","12":"tag-argentina","13":"tag-cine","14":"tag-cine-autor","15":"tag-critica-cine","16":"tag-cultura","17":"tag-directores-cine","18":"tag-entertainment","19":"tag-entretenimiento","20":"tag-es","21":"tag-espana","22":"tag-film","23":"tag-movies","24":"tag-peliculas","25":"tag-spain"},"share_on_mastodon":{"url":"https:\/\/pubeurope.com\/@es\/115546675233900843","error":""},"_links":{"self":[{"href":"https:\/\/www.europesays.com\/es\/wp-json\/wp\/v2\/posts\/235061","targetHints":{"allow":["GET"]}}],"collection":[{"href":"https:\/\/www.europesays.com\/es\/wp-json\/wp\/v2\/posts"}],"about":[{"href":"https:\/\/www.europesays.com\/es\/wp-json\/wp\/v2\/types\/post"}],"author":[{"embeddable":true,"href":"https:\/\/www.europesays.com\/es\/wp-json\/wp\/v2\/users\/2"}],"replies":[{"embeddable":true,"href":"https:\/\/www.europesays.com\/es\/wp-json\/wp\/v2\/comments?post=235061"}],"version-history":[{"count":0,"href":"https:\/\/www.europesays.com\/es\/wp-json\/wp\/v2\/posts\/235061\/revisions"}],"wp:featuredmedia":[{"embeddable":true,"href":"https:\/\/www.europesays.com\/es\/wp-json\/wp\/v2\/media\/235062"}],"wp:attachment":[{"href":"https:\/\/www.europesays.com\/es\/wp-json\/wp\/v2\/media?parent=235061"}],"wp:term":[{"taxonomy":"category","embeddable":true,"href":"https:\/\/www.europesays.com\/es\/wp-json\/wp\/v2\/categories?post=235061"},{"taxonomy":"post_tag","embeddable":true,"href":"https:\/\/www.europesays.com\/es\/wp-json\/wp\/v2\/tags?post=235061"}],"curies":[{"name":"wp","href":"https:\/\/api.w.org\/{rel}","templated":true}]}}