{"id":235088,"date":"2025-11-14T07:03:07","date_gmt":"2025-11-14T07:03:07","guid":{"rendered":"https:\/\/www.europesays.com\/es\/235088\/"},"modified":"2025-11-14T07:03:07","modified_gmt":"2025-11-14T07:03:07","slug":"alejandro-sanz-se-lleva-dos-latin-grammy-mejor-album-pop-contemporaneo-por-y-ahora-que-y-mejor-grabacion-del-ano-por-palmeras-en-el-jardin","status":"publish","type":"post","link":"https:\/\/www.europesays.com\/es\/235088\/","title":{"rendered":"Alejandro Sanz se lleva dos Latin Grammy: Mejor \u00c1lbum Pop Contempor\u00e1neo por \u2018\u00bfY ahora qu\u00e9?\u2019 y mejor Grabaci\u00f3n del A\u00f1o por \u2018Palmeras en el jard\u00edn\u2019"},"content":{"rendered":"<p><img alt=\"Alejandro Sanz se lleva el\" class=\"global-image\" decoding=\"async\" fetchpriority=\"high\" height=\"1080\" loading=\"eager\" src=\"https:\/\/www.europesays.com\/es\/wp-content\/uploads\/2025\/11\/TDBWVK5BMFDI7MEB5I7GRILXIA.jpg\" width=\"1920\"\/>Alejandro Sanz se lleva el Latin Grammy al Mejor \u00c1lbum Pop Contempor\u00e1neo por \u2018\u00bfY ahora qu\u00e9\u2019<\/p>\n<p class=\"paragraph\"><a href=\"https:\/\/www.infobae.com\/entretenimiento\/2025\/11\/13\/latin-grammy-2025-en-vivo-conoce-a-los-primeros-ganadores-en-la-premier-del-evento-mas-importante-de-la-musica-latina\/\" target=\"_blank\" rel=\"noreferrer nofollow noopener\" title=\"https:\/\/www.infobae.com\/entretenimiento\/2025\/11\/13\/latin-grammy-2025-en-vivo-conoce-a-los-primeros-ganadores-en-la-premier-del-evento-mas-importante-de-la-musica-latina\/\">La gran cita de la m\u00fasica latina<\/a> ha reunido a sus estrellas en Las Vegas para celebrar la <b>26\u00aa edici\u00f3n de los Latin Grammy<\/b>. Este a\u00f1o, la gala fij\u00f3 su fecha para la madrugada del viernes 14 de noviembre, a las 02:00 horas, y el MGM Grand Garden Arena acogi\u00f3 el evento con una programaci\u00f3n en directo que muchos aficionados han seguido desde Espa\u00f1a. La expectaci\u00f3n por la gala y los nombres que la protagonizan se ha hecho notar los d\u00edas previos, con una <a href=\"https:\/\/www.infobae.com\/espana\/cultura\/2025\/11\/13\/latin-grammy-2025-a-que-hora-empieza-y-donde-puedes-ver-la-gala-desde-espana\/\" target=\"_blank\" rel=\"noreferrer nofollow noopener\" title=\"https:\/\/www.infobae.com\/espana\/cultura\/2025\/11\/13\/latin-grammy-2025-a-que-hora-empieza-y-donde-puedes-ver-la-gala-desde-espana\/\">alineaci\u00f3n de artistas<\/a> amplia y promesas de sorpresas en el escenario.<\/p>\n<p class=\"paragraph\">Durante el pre-show, se entreg\u00f3 el galard\u00f3n al Mejor \u00c1lbum Pop Contempor\u00e1neo: Alejandro Sanz <b>compart\u00eda nominaci\u00f3n con Aitana<\/b> y su trabajo Cuarto Azul, Elsa y Elmar con Palacio, Joaquina con Al Romper La Burbuja y Elena Rose junto a Con Mis Panas en En Las Nubes. El <b>gram\u00f3fono termin\u00f3 en manos de Sanz<\/b>, al menos simb\u00f3licamente, porque el artista no estuvo presente en la ceremonia para recibir el premio. <\/p>\n<p class=\"paragraph\">El madrile\u00f1o ha conseguido tambi\u00e9n el<b> Grammy a la Mejor Grabaci\u00f3n del A\u00f1o<\/b> por Palmeras en el jard\u00edn. Compet\u00eda en esta categor\u00eda contra Baile Inolvidable y DtMF de Bad Bunny, El D\u00eda Del Amigo y #Tetas de CA7RIEL &amp; Paco Amoroso, Desastres Fabulosos de Jorge Drexler &amp; Conociendo Rusia, Lara de Zoe Gotusso, Si Antes Te Hubiera Conocido de Karol G, Cancionera de Natalia Lafourcade y Ao Teu Lado de Liniker junto a Amaro Freitas &amp; Anavit\u00f3ria.<\/p>\n<p class=\"paragraph\">En una entrevista con EFE esta semana, Alejandro Sanz comentaba que le \u201cencantan las nominaciones\u201d. El madrile\u00f1o, que suma cuatro nominaciones en esta edici\u00f3n de los Latin Grammy y es el \u00fanico espa\u00f1ol nominado en la pr\u00f3xima edici\u00f3n de los Grammy, reconoce que, pese a contar con una trayectoria colmada de \u00e9xitos, cada nominaci\u00f3n le sigue generando ilusi\u00f3n. Sanz subraya el aprecio que siente por el reconocimiento de su sector: \u201c<b>Estoy muy feliz<\/b>, porque el valor de estos premios precisamente es que los nominan los compa\u00f1eros, la industria, o sea la gente de la m\u00fasica. Entonces es el valor que tienen para m\u00ed<b> los premios m\u00e1s importantes de la m\u00fasica<\/b>, sin duda\u201d.<\/p>\n<p>Bajo un Movistar Arena abarrotado y con las entradas agotadas, Juan Luis Guerra encendi\u00f3 este martes la noche madrile\u00f1a al ritmo de merengue, bachata y m\u00fasica caribe\u00f1a, en un espect\u00e1culo vibrante que tuvo su momento culminante cuando, por sorpresa, apareci\u00f3 sobre el escenario Alejandro Sanz para cantar junto al dominicano ante un p\u00fablico totalmente entregado (Fuente Agencia EFE).<\/p>\n<p class=\"paragraph\">El \u00faltimo proyecto de Sanz, \u00bfY ahora qu\u00e9?, lanzado en mayo, llega <b>cuatro a\u00f1os despu\u00e9s<\/b> de su anterior disco, en un periodo marcado por cambios profesionales y personales, como un cambio de discogr\u00e1fica y una ruptura sentimental p\u00fablica. El propio artista reconoce que este nuevo ciclo le ha dado impulso tanto a nivel art\u00edstico como personal.<\/p>\n<p class=\"paragraph\">Durante la gira de presentaci\u00f3n del nuevo disco, el directo ha tenido gran respuesta en Espa\u00f1a y M\u00e9xico, con todas las <b>fechas agotadas<\/b> en el \u00faltimo tramo mexicano y <b>nuevas paradas <\/b>ya anunciadas en Latinoam\u00e9rica y Estados Unidos. Respecto a lo que est\u00e1 por venir, Sanz tiene previstas presentaciones en Colombia, Ecuador, Per\u00fa, Chile y Argentina a partir de febrero de 2026; en Estados Unidos, ; y en<a href=\"https:\/\/www.infobae.com\/america\/agencias\/2025\/09\/25\/alejandro-sanz-recorrera-11-ciudades-de-espana-con-su-gira-y-ahora-que-durante-2026\/\" target=\"_blank\" rel=\"noreferrer nofollow noopener\" title=\"https:\/\/www.infobae.com\/america\/agencias\/2025\/09\/25\/alejandro-sanz-recorrera-11-ciudades-de-espana-con-su-gira-y-ahora-que-durante-2026\/\"> 11 ciudades espa\u00f1olas<\/a>: el 6 de junio comenzar\u00e1 en el Estadio La Cartuja de Sevilla y llegar\u00e1 al Riyadh Air Metropolitano de Madrid el 20 del mismo mes, mientras que en Barcelona parar\u00e1 en el estadio del Real Club Deportivo Espanyol el 27; el 12 de junio estar\u00e1 en Gij\u00f3n; el 14 de junio en Bilbao; el 17 de junio en Mallorca; el 4 de julio en Gran Canaria; el 9 de julio en Murcia; el 11 de julio en Valencia; el 18 de julio en A Coru\u00f1a; y el 24 de julio en Fuengirola. <\/p>\n<p class=\"paragraph\">La competencia por los Latin Grammy de esta edici\u00f3n se presenta re\u00f1ida. Sanz aspiraba a otros dos de los galardones m\u00e1s importantes de la noche: <b>\u00e1lbum del a\u00f1o <\/b>(DeB\u00cd TiRAR M\u00e1S FOToS, de Bad Bunny) <b>y canci\u00f3n del a\u00f1o <\/b>(Si Antes Te Hubiera Conocido, de Karol G). La veteran\u00eda de Sanz en estos premios es indiscutible, ya con<b> 26 gram\u00f3fonos<\/b> logrados a lo largo de su carrera. Sobre el Grammy, comenta: \u201cLa verdad es que a m\u00ed <b>me pill\u00f3 un poco de sorpresa<\/b> la nominaci\u00f3n, aunque tengo 4 Grammys y he estado 7 veces nominado. Pero estoy muy contento\u201d.<\/p>\n","protected":false},"excerpt":{"rendered":"Alejandro Sanz se lleva el Latin Grammy al Mejor \u00c1lbum Pop Contempor\u00e1neo por \u2018\u00bfY ahora qu\u00e9\u2019 La gran&hellip;\n","protected":false},"author":2,"featured_media":235089,"comment_status":"","ping_status":"","sticky":false,"template":"","format":"standard","meta":{"footnotes":""},"categories":[170],"tags":[146,147,25,24,184,185,23],"class_list":{"0":"post-235088","1":"post","2":"type-post","3":"status-publish","4":"format-standard","5":"has-post-thumbnail","7":"category-musica","8":"tag-entertainment","9":"tag-entretenimiento","10":"tag-es","11":"tag-espana","12":"tag-music","13":"tag-musica","14":"tag-spain"},"share_on_mastodon":{"url":"https:\/\/pubeurope.com\/@es\/115546777663550834","error":""},"_links":{"self":[{"href":"https:\/\/www.europesays.com\/es\/wp-json\/wp\/v2\/posts\/235088","targetHints":{"allow":["GET"]}}],"collection":[{"href":"https:\/\/www.europesays.com\/es\/wp-json\/wp\/v2\/posts"}],"about":[{"href":"https:\/\/www.europesays.com\/es\/wp-json\/wp\/v2\/types\/post"}],"author":[{"embeddable":true,"href":"https:\/\/www.europesays.com\/es\/wp-json\/wp\/v2\/users\/2"}],"replies":[{"embeddable":true,"href":"https:\/\/www.europesays.com\/es\/wp-json\/wp\/v2\/comments?post=235088"}],"version-history":[{"count":0,"href":"https:\/\/www.europesays.com\/es\/wp-json\/wp\/v2\/posts\/235088\/revisions"}],"wp:featuredmedia":[{"embeddable":true,"href":"https:\/\/www.europesays.com\/es\/wp-json\/wp\/v2\/media\/235089"}],"wp:attachment":[{"href":"https:\/\/www.europesays.com\/es\/wp-json\/wp\/v2\/media?parent=235088"}],"wp:term":[{"taxonomy":"category","embeddable":true,"href":"https:\/\/www.europesays.com\/es\/wp-json\/wp\/v2\/categories?post=235088"},{"taxonomy":"post_tag","embeddable":true,"href":"https:\/\/www.europesays.com\/es\/wp-json\/wp\/v2\/tags?post=235088"}],"curies":[{"name":"wp","href":"https:\/\/api.w.org\/{rel}","templated":true}]}}