{"id":235096,"date":"2025-11-14T07:07:09","date_gmt":"2025-11-14T07:07:09","guid":{"rendered":"https:\/\/www.europesays.com\/es\/235096\/"},"modified":"2025-11-14T07:07:09","modified_gmt":"2025-11-14T07:07:09","slug":"bad-bunny-gana-el-latin-grammy-al-album-del-ano-por-debi-tirar-mas-fotos","status":"publish","type":"post","link":"https:\/\/www.europesays.com\/es\/235096\/","title":{"rendered":"Bad Bunny gana el Latin Grammy al \u00e1lbum del a\u00f1o por \u201cDeB\u00cd TiRAR M\u00e1S FOToS\u201d"},"content":{"rendered":"\n<p>LAS VEGAS\u00a0\u2014\u00a0Bad Bunny gan\u00f3 el jueves el premio al \u00e1lbum del a\u00f1o por \u201cDeB\u00cd TiRAR M\u00e1S FOToS\u201d en los Latin Grammy 2025. El astro lleg\u00f3 como el m\u00e1s nominado y se fue con el premio mayor de la noche por su \u00e1lbum homenaje a su natal Puerto Rico.<\/p>\n<p>\u201cEste premio se lo quiero dedicar a todos los ni\u00f1os y j\u00f3venes de Latinoam\u00e9rica, especialmente a los de Puerto Rico, nunca paren de so\u00f1ar, ni de ser ustedes, no importa de d\u00f3nde vengan, nunca olviden de d\u00f3nde vienen, pero sin olvidar para d\u00f3nde van\u201d, dijo. \u201cHay muchas maneras de hacer patria y de defender nuestra tierra, nosotros escogemos la m\u00fasica\u201d.<\/p>\n<p>Como era de esperarse, Bad Bunny arras\u00f3 en las categor\u00edas de m\u00fasica urbana, llev\u00e1ndose todos los premios posibles para este campo: mejor canci\u00f3n urbana, mejor fusi\u00f3n\/interpretaci\u00f3n urbana por \u201cDtmf\u201d, mejor interpretaci\u00f3n de reggaet\u00f3n por \u201cVoy A Llevarte Pa Pr\u201d y mejor \u00e1lbum de m\u00fasica urbana por \u201cDeB\u00ed TiRAR M\u00e1S FOToS\u201d.<\/p>\n<p>Empat\u00f3 con el d\u00fao argentino CA7RIEL &amp; Paco Amoroso por el mayor n\u00famero de galardones, con cinco gram\u00f3fonos.<\/p>\n<p>Pero no tuvo el camino tan f\u00e1cil, Karol G sorprendi\u00f3 al ganar el premio de canci\u00f3n del a\u00f1o por su \u00e9xito bailable \u201cSi antes te hubiera conocido\u201d, con una base de merengue, y Alejandro Sanz se llev\u00f3 el premio de grabaci\u00f3n del a\u00f1o por \u201cPalmeras en el jard\u00edn\u201d. Sanz en su discurso incluso se disculp\u00f3 con Bad Bunny por haberle \u201crobado\u201d ese premio. El astro espa\u00f1ol, uno de los artistas m\u00e1s condecorados de los Latin Grammy, aument\u00f3 su lista de premios a 24 tras ganar igualmente en la categor\u00eda de mejor \u00e1lbum pop contempor\u00e1neo por \u201c\u00bfY ahora qu\u00e9?\u201d. <\/p>\n<p>Los reflectores no se alejar\u00e1n de Bad Bunny, ahora se encamina para presentarse en el espect\u00e1culo de medio tiempo del Super Bowl en 2026.<\/p>\n<p>Dos grandes amigosCA7RIEL &amp; Paco Amoroso llegaron al escenario de los Latin Grammy tras haber ganado sus cinco premios en la Premiere del Latin Grammy, por lo que al cantar un popurr\u00ed de sus \u00e9xitos se sinti\u00f3 m\u00e1s como una vuelta de la victoria.<\/p>\n<p>El d\u00fao argentino se impuso en las categor\u00edas de mejor \u00e1lbum de m\u00fasica alternativa por \u201cPapota\u201d, mejor canci\u00f3n alternativa por \u201c#Tetas\u201d y mejor canci\u00f3n pop por \u201cEl D\u00eda del Amigo\u201d, un tema que se dedican mutuamente, que fue galardonado como mejor canci\u00f3n pop.<\/p>\n<p>Tambi\u00e9n se llevaron el premio de mejor video musical versi\u00f3n corta por \u201c#Tetas\u201d y mejor video musical versi\u00f3n larga por \u201cPapota (Short Film)\u201d, este \u00faltimo su cortometraje de parodia sobre la industria musical y su ambici\u00f3n por conseguir un premio \u201cLatin Chaddy\u201d.<\/p>\n<p>La academia premia una canci\u00f3n para bailarKarol G se llev\u00f3 el premio de canci\u00f3n del a\u00f1o en una categor\u00eda muy re\u00f1ida con Bad Bunny y CA7RIEL &amp; Paco Amoroso entre los nominados. Su \u00e9xito bailable \u201cSi antes te hubiera conocido\u201d, con una base de merengue fue el vencedor.<\/p>\n<p>\u201cDe cierta forma empec\u00e9 a sentir que lo que estaba haciendo estaba dejando de estar bien\u201d, se\u00f1al\u00f3 Karol G al recibir su premio. \u201cY lo \u00fanico que qued\u00f3 de todo eso para m\u00ed fue volver a la ra\u00edz y volver a la intenci\u00f3n y volver al prop\u00f3sito de que yo estoy haciendo lo que hago, porque lo amo, porque me gusta y porque nac\u00ed para esto\u201d.<\/p>\n<p>\u201cOlv\u00eddense del mundo, olv\u00eddense del ruido y cuando uno se olvida de la calificaci\u00f3n del otro lo \u00fanico que queda es el amor y la pasi\u00f3n\u201d, agreg\u00f3.<\/p>\n<p>No fue el \u00fanico premio para Karol G, quien hizo un dueto muy celebrado con Marco Antonio Sol\u00eds con quien interpret\u00f3 \u201cColeccionando heridas\u201d. La estrella colombiana tambi\u00e9n obtuvo el gram\u00f3fono de la categor\u00eda de mejor canci\u00f3n tropical por \u201cSi antes te hubiera conocido\u201d.<\/p>\n<p>50 a\u00f1os unidos por la m\u00fasicaGloria Estefan gan\u00f3 el premio a mejor \u00e1lbum tropical tradicional por \u201cRa\u00edces\u201d un disco completamente en espa\u00f1ol con el que celebra cinco d\u00e9cadas de carrera. La mayor\u00eda de los temas fueron compuestos por su esposo, el productor Emilio Estefan.<\/p>\n<p>\u201cEste disco no existiera si no fuera por ti, gracias por las canciones bellas que me escribiste, la producci\u00f3n impecable que te caracteriza, los 50 a\u00f1os de hacer m\u00fasica juntos que a\u00fan se sienten como el primer d\u00eda\u201d, expres\u00f3 emocionada Estefan a su esposo quien subi\u00f3 con ella al escenario para recoger el premio. \u201cTe amo\u201d.<\/p>\n<p>Momentos despu\u00e9s, Estefan interpret\u00f3 en solitario \u201cLa vecina (no s\u00e9 na\u2019)\u201d y \u201cChirriqui chirri\u201d con Nathy Peluso y m\u00e1s de una decena de bailarines haciendo sus mejores pasos de salsa. <\/p>\n<p>Otras ganadoras destacadas de la noche fueron la artista trans brasile\u00f1a trans Liniker con tres premios, incluyendo mejor canci\u00f3n en lengua portuguesa y Natalia Lafourcade con los gram\u00f3fonos de mejor \u00e1lbum cantautor y canci\u00f3n cantautor po \u201cCancionera\u201d, as\u00ed como mejor ingenier\u00eda de grabaci\u00f3n.<\/p>\n<p>Persona del A\u00f1oRaphael emocion\u00f3 al p\u00fablico con \u201cQu\u00e9 sabe nadie\u201d y puso a bailar a todos con \u201cMi gran noche\u201d y recibi\u00f3 su reconocimiento de Persona del A\u00f1o 2025 de la Academia Latina de la Grabaci\u00f3n de manos de Gloria Estefan y Sol\u00eds, quienes se declararon admiradores del astro espa\u00f1ol.<\/p>\n<p>\u201cEn este nuevo viaje estoy feliz de encontrarme con tantos amigos\u201d, se\u00f1al\u00f3 Raphael. \u201cEstoy encantado de estar aqu\u00ed, prometo solemnemente que volver\u00e9 much\u00edsimas veces\u201d.<\/p>\n<p>Una nueva artista invita a tener confianzaPaloma Morphy se sorprendi\u00f3 al ser declarada mejor nuevo artista. Morphy es originaria de la Ciudad de M\u00e9xico y su \u00e1lbum debut \u201cAu\u201d incluye el tema \u201clo que un d\u00eda fue\u201d sobre una relaci\u00f3n que termin\u00f3 pero amenaza con revivir. En un principio Morphy estudi\u00f3 derecho ejerci\u00f3 como abogada antes de decidirse a cumplir su sue\u00f1o en la m\u00fasica.<\/p>\n<p>\u201cLe quiero agradecer a toda la gente que crey\u00f3 en m\u00ed, que lo hizo a tal nivel que me hizo que yo me la creyera\u201d, dijo. \u201cSi tienen una canci\u00f3n que les da pena subir s\u00fabanla \u2026 y si est\u00e1s triste y no ves como un camino, ni encuentras las ganas para darle para adelante, hazlo porque tal vez acabas en los Grammys\u201d.<\/p>\n<p>Regional mexicanaCar\u00edn Le\u00f3n volvi\u00f3 a adue\u00f1arse de la categor\u00eda de mejor \u00e1lbum de m\u00fasica mexicana contempor\u00e1nea que en sus dos a\u00f1os de historia lo ha premiado. El a\u00f1o pasado por \u201cBoca Chueca, Vol. 1\u201d y este a\u00f1o por \u201cPalabra De To\u2019s (Seca)\u201d.<\/p>\n<p>El artista originario de Sonora, M\u00e9xico, agradeci\u00f3 a los m\u00fasicos que lo precedieron como Jos\u00e9 Alfredo Jim\u00e9nez, Pedro Infante y Javier Sol\u00eds, pero tambi\u00e9n a Freddie Mercury, Michael Jackson y Elvis Presley.<\/p>\n<p>\u201cA todos los artistas que hicieron posible y que nunca se imaginaron en lo que iba a terminar la m\u00fasica mexicana y en lo que \u00edbamos a terminar nosotros\u201d, dijo.<\/p>\n<p>Le\u00f3n hizo un dueto con Kacey Musgraves para su tema \u201cLost in translation\u201d.<\/p>\n<p>Christian Nodal sum\u00f3 su s\u00e9ptimo Latin Grammy al ganar el premio a mejor \u00e1lbum de m\u00fasica ranchera\/mariachi por \u201c\u00bfQui\u00e9n + Como Yo?\u201d.<\/p>\n<p>\u201cMuch\u00edsimas gracias de todo coraz\u00f3n, mi familia, mis amigos, mi equipo con el que hago m\u00fasica, los que me aguantan todas las madrugadas, todos los tequilas, todos los cigarros\u201d, expres\u00f3 Nodal. \u201cSignifica mucho para m\u00ed, es un orgullo\u201d.<\/p>\n<p>Tambi\u00e9n hubo espacio para los artistas m\u00e1s experimetnados. Los Tigres del Norte fueron galardonados por el mejor \u00e1lbum de m\u00fasica norte\u00f1a \u201cLa Loter\u00eda\u201d y la mejor canci\u00f3n regional mexicana por el tema que da t\u00edtulo a su \u00e1lbum.<\/p>\n<p>Una noche llena de m\u00fasicaManuel Abud, director general de la Academia Latina de la Grabaci\u00f3n, dijo a The Associated Press que esta ser\u00eda una de las noches con m\u00e1s n\u00fameros musicales de los Latin Grammy y se cumpli\u00f3.<\/p>\n<p>DannyLux present\u00f3 \u201cSirena\u201d e Iv\u00e1n Cornejo \u201cAtenci\u00f3n\u201d. Otros artistas que llenaron de m\u00fasica el escenario de los Latin Grammy fueron Pepe Aguilar con \u201cEl fuere\u00f1o\u201d, Elena Rose \u201cMe Lo Merezco\u201d y Rauw Alejandro con \u201cCarita linda\u201d.<\/p>\n<p>La ceremonia arranc\u00f3 con una nota alta con la presentaci\u00f3n de Carlos Santana, Edgar Barrera y Maluma para la cl\u00e1sica \u201cOye c\u00f3mo va\u201d. Tras esto comenzaron a sonar los acortes de \u201cCoraz\u00f3n espinado\u201d de Santana y Man\u00e1, que cant\u00f3 Christian Nodal. El n\u00famero termin\u00f3 con Payo Sol\u00eds de Grupo Frontera interpretando \u201cMe retiro\u201d, su colaboraci\u00f3n con Santana.<\/p>\n<p>La 26\u00aa edici\u00f3n de Los Latin Grammy, celebrada en la MGM Grand Garden Arena de Las Vegas, fue presentada por Roselyn S\u00e1nchez y Maluma.<\/p>\n","protected":false},"excerpt":{"rendered":"LAS VEGAS\u00a0\u2014\u00a0Bad Bunny gan\u00f3 el jueves el premio al \u00e1lbum del a\u00f1o por \u201cDeB\u00cd TiRAR M\u00e1S FOToS\u201d en&hellip;\n","protected":false},"author":2,"featured_media":235097,"comment_status":"","ping_status":"","sticky":false,"template":"","format":"standard","meta":{"footnotes":""},"categories":[91],"tags":[1837,10842,1611,1282,61121,146,147,25,24,4518,1016,44432,17870,31,61122,61123,185,843,23,1436],"class_list":{"0":"post-235096","1":"post","2":"type-post","3":"status-publish","4":"format-standard","5":"has-post-thumbnail","7":"category-entretenimiento","8":"tag-album","9":"tag-alejandro-sanz","10":"tag-ano","11":"tag-bad-bunny","12":"tag-debi-tirar","13":"tag-entertainment","14":"tag-entretenimiento","15":"tag-es","16":"tag-espana","17":"tag-exito","18":"tag-fotos","19":"tag-interpretacion","20":"tag-latin-grammy","21":"tag-mayor","22":"tag-mejor-cancion","23":"tag-mejor-fusion","24":"tag-musica","25":"tag-premio","26":"tag-spain","27":"tag-urbano"},"share_on_mastodon":{"url":"https:\/\/pubeurope.com\/@es\/115546793319885288","error":""},"_links":{"self":[{"href":"https:\/\/www.europesays.com\/es\/wp-json\/wp\/v2\/posts\/235096","targetHints":{"allow":["GET"]}}],"collection":[{"href":"https:\/\/www.europesays.com\/es\/wp-json\/wp\/v2\/posts"}],"about":[{"href":"https:\/\/www.europesays.com\/es\/wp-json\/wp\/v2\/types\/post"}],"author":[{"embeddable":true,"href":"https:\/\/www.europesays.com\/es\/wp-json\/wp\/v2\/users\/2"}],"replies":[{"embeddable":true,"href":"https:\/\/www.europesays.com\/es\/wp-json\/wp\/v2\/comments?post=235096"}],"version-history":[{"count":0,"href":"https:\/\/www.europesays.com\/es\/wp-json\/wp\/v2\/posts\/235096\/revisions"}],"wp:featuredmedia":[{"embeddable":true,"href":"https:\/\/www.europesays.com\/es\/wp-json\/wp\/v2\/media\/235097"}],"wp:attachment":[{"href":"https:\/\/www.europesays.com\/es\/wp-json\/wp\/v2\/media?parent=235096"}],"wp:term":[{"taxonomy":"category","embeddable":true,"href":"https:\/\/www.europesays.com\/es\/wp-json\/wp\/v2\/categories?post=235096"},{"taxonomy":"post_tag","embeddable":true,"href":"https:\/\/www.europesays.com\/es\/wp-json\/wp\/v2\/tags?post=235096"}],"curies":[{"name":"wp","href":"https:\/\/api.w.org\/{rel}","templated":true}]}}