{"id":235101,"date":"2025-11-14T07:10:16","date_gmt":"2025-11-14T07:10:16","guid":{"rendered":"https:\/\/www.europesays.com\/es\/235101\/"},"modified":"2025-11-14T07:10:16","modified_gmt":"2025-11-14T07:10:16","slug":"el-mundo-recuerda-la-agonia-de-omaira-bajo-el-lodo-hace-40-anos","status":"publish","type":"post","link":"https:\/\/www.europesays.com\/es\/235101\/","title":{"rendered":"El mundo\u00a0recuerda\u00a0la\u00a0agon\u00eda de Omaira bajo el lodo hace 40 a\u00f1os"},"content":{"rendered":"<p>\t\t\t \t\t \t\t\t\t\t\t\t <strong class=\"pd-l\">Mauricio Due\u00f1as Casta\u00f1eda | EFE  <\/strong><\/p>\n<p>\t\t\t\t\t\tLa adolescente de 13 a\u00f1os luch\u00f3 por su vida durante 60 horas atrapada por el lodo. Las heridas siguen sin cicatrizar tras la avalancha provocada por la erupci\u00f3n del\u00a0volc\u00e1n Nevado del Ruiz\u00a0que dej\u00f3 25.000 muertos.<br \/>\n\t\t\t\t\t\t<strong>13 nov 2025<\/strong> . Actualizado a las 22:21 h.\t\t\t\t\t\t<\/p>\n<p class=\"txt first-paragraph\">&#13;<br \/>\n    \t Han pasado cuatro d\u00e9cadas desde que Armero qued\u00f3 sepultada por el lodo y la tragedia todav\u00eda enluta Colombia, entre cr\u00edticas por la inacci\u00f3n estatal. Buena parte del pa\u00eds recordar\u00e1 siempre la fecha del 13 de&#13;\n\t<\/p>\n<p>&#13;<br \/>\n\t\t\t\t\tContenido exclusivo para suscriptores&#13;\n\t\t\t\t<\/p>\n<p>\t\t\t\t\tContin\u00faa leyendo con un 75% dto.<\/p>\n<p>\t\t\t\t\t\tSuscripci\u00f3n WEB<br \/>\n\t\t\t\t\t\t\t\t\t\t\t\t2\u20ac\/mes<br \/>\n\t\t\t\t\t\tdurante 12 meses\t\t\t\t\t\t<\/p>\n<p>\t\t\t\t\t\t<a href=\"https:\/\/elquiosco.lavozdegalicia.es\/suscripciones\/19-45-suscripcion-webapp.html?dllvdg=00031763049222471646808&amp;urlData=https:\/\/www.lavozdegalicia.es\/noticia\/internacional\/2025\/11\/13\/agonia-omayra-nina-colombiana-conmovio-mundo-40-anos-tragedia-armero\/00031763049222471646808.htm\" class=\"btn-brand btn sz-t-s no-brd t-sserif pd-h-2 btnAddToCart\" data-analytics-event=\"addToCart\" data-product-name=\"Suscripci\u00f3n WEB+APP\" data-product-price=\"2.00 \" data-product-coupon=\"2025_NOVIEMBRE_2E12M_WEB_MES\" data-product-periodicity=\"Mensual\" rel=\"nofollow noopener\" target=\"_blank\">Suscr\u00edbete <\/a>\t\t\t\t\t\t<\/p>\n<p>\t\t\t\t\t&#13;<br \/>\n\t\t\t\t\t\u00bfYa eres suscriptor? <a href=\"https:\/\/miperfil.lavozdegalicia.es\/login.jsp?url=https:\/\/www.lavozdegalicia.es\/noticia\/internacional\/2025\/11\/13\/agonia-omayra-nina-colombiana-conmovio-mundo-40-anos-tragedia-armero\/00031763049222471646808.htm\" class=\"c-white\" rel=\"nofollow noopener\" target=\"_blank\">Inicia sesi\u00f3n<\/a>&#13;<\/p>\n","protected":false},"excerpt":{"rendered":"Mauricio Due\u00f1as Casta\u00f1eda | EFE La adolescente de 13 a\u00f1os luch\u00f3 por su vida durante 60 horas atrapada&hellip;\n","protected":false},"author":2,"featured_media":235102,"comment_status":"","ping_status":"","sticky":false,"template":"","format":"standard","meta":{"footnotes":""},"categories":[42],"tags":[17,18,1803,13,14,11,61,62,63,64,19,20,9,10,15,16,12,21,22,65,66,67],"class_list":{"0":"post-235101","1":"post","2":"type-post","3":"status-publish","4":"format-standard","5":"has-post-thumbnail","7":"category-internacional","8":"tag-breaking-news","9":"tag-breakingnews","10":"tag-colombia","11":"tag-featured-news","12":"tag-featurednews","13":"tag-headlines","14":"tag-internacional","15":"tag-international","16":"tag-international-news","17":"tag-internationalnews","18":"tag-latest-news","19":"tag-latestnews","20":"tag-news","21":"tag-noticias","22":"tag-noticias-destacadas","23":"tag-noticiasdestacadas","24":"tag-titulares","25":"tag-ultimas-noticias","26":"tag-ultimasnoticias","27":"tag-world","28":"tag-world-news","29":"tag-worldnews"},"share_on_mastodon":{"url":"https:\/\/pubeurope.com\/@es\/115546805013247074","error":""},"_links":{"self":[{"href":"https:\/\/www.europesays.com\/es\/wp-json\/wp\/v2\/posts\/235101","targetHints":{"allow":["GET"]}}],"collection":[{"href":"https:\/\/www.europesays.com\/es\/wp-json\/wp\/v2\/posts"}],"about":[{"href":"https:\/\/www.europesays.com\/es\/wp-json\/wp\/v2\/types\/post"}],"author":[{"embeddable":true,"href":"https:\/\/www.europesays.com\/es\/wp-json\/wp\/v2\/users\/2"}],"replies":[{"embeddable":true,"href":"https:\/\/www.europesays.com\/es\/wp-json\/wp\/v2\/comments?post=235101"}],"version-history":[{"count":0,"href":"https:\/\/www.europesays.com\/es\/wp-json\/wp\/v2\/posts\/235101\/revisions"}],"wp:featuredmedia":[{"embeddable":true,"href":"https:\/\/www.europesays.com\/es\/wp-json\/wp\/v2\/media\/235102"}],"wp:attachment":[{"href":"https:\/\/www.europesays.com\/es\/wp-json\/wp\/v2\/media?parent=235101"}],"wp:term":[{"taxonomy":"category","embeddable":true,"href":"https:\/\/www.europesays.com\/es\/wp-json\/wp\/v2\/categories?post=235101"},{"taxonomy":"post_tag","embeddable":true,"href":"https:\/\/www.europesays.com\/es\/wp-json\/wp\/v2\/tags?post=235101"}],"curies":[{"name":"wp","href":"https:\/\/api.w.org\/{rel}","templated":true}]}}