{"id":235105,"date":"2025-11-14T07:12:13","date_gmt":"2025-11-14T07:12:13","guid":{"rendered":"https:\/\/www.europesays.com\/es\/235105\/"},"modified":"2025-11-14T07:12:13","modified_gmt":"2025-11-14T07:12:13","slug":"latin-grammy-2025-victoria-agridulce-de-bad-bunny-por-un-exceso-de-nominaciones","status":"publish","type":"post","link":"https:\/\/www.europesays.com\/es\/235105\/","title":{"rendered":"Latin Grammy 2025: victoria agridulce de Bad Bunny por un exceso de nominaciones"},"content":{"rendered":"<p><a href=\"https:\/\/www.elmundo.es\/autor\/pablo-gil.html\" aria-hidden=\"true\" rel=\"nofollow noopener\" target=\"_blank\"><img loading=\"lazy\" decoding=\"async\" width=\"80\" height=\"80\" class=\"ue-c-author-profile__photo-img\" alt=\"Pablo Gil\" src=\"https:\/\/phantom-elmundo.uecdn.es\/66444699246d644687e5db2ed7f3f05e\/f\/image\/jpeg\/assets\/multimedia\/imagenes\/2022\/05\/04\/16516502965997.jpg\"\/><\/a><\/p>\n<p>Actualizado  Viernes,<br \/>\n14<br \/>\nnoviembre<br \/>\n2025<br \/>\n&#8211;<br \/>\n07:42<\/p>\n<p class=\"ue-c-article__paragraph\"><strong>Bad Bunny<\/strong> estaba llamado a dominar los <strong>Latin Grammy 2025 <\/strong>del mismo modo en que lidera abrumadoramente la m\u00fasica latina. Ha ganado el premio m\u00e1s importante de la noche, el de Mejor \u00c1lbum del a\u00f1o por DeB\u00cd TiRAR M\u00e1S FOToS, pero <strong>un triunfo que se presum\u00eda arrollador se ha quedado a medias<\/strong>: ha perdido en las otras dos categor\u00edas principales, las de Mejor Canci\u00f3n y Grabaci\u00f3n y vuelve a San Jos\u00e9 de Puerto Rico con solo cinco de los 12 premios a los que optaba. Esta noche <strong>la gloria ha estado repartida entre m\u00e1s artistas<\/strong>, entre ellos un Alejandro Sanz que se reconoci\u00f3 sorprendido al ganar el premio de Mejor Grabaci\u00f3n: \u00abBenito, te lo he robado, perd\u00f3name\u00bb, dijo el madrile\u00f1o en el escenario del MGM Grand Garden Arena de Las Vegas, donde se ha celebrado la gala.<\/p>\n<p class=\"ue-c-article__paragraph\">\u00ab<strong>Este premio se lo quiero dedicar a todos los ni\u00f1os y j\u00f3venes de Latinoam\u00e9rica<\/strong>, especialmente a los de Puerto Rico\u00bb, dijo Bad Bunny al recoger el premio gordo de la noche, el de Mejor \u00c1lbum. \u00abNunca dejen de so\u00f1ar y de ser ustedes. Nunca olviden de d\u00f3nde vienen sin olvidar a d\u00f3nde van. Hay muchas maneras de hacer patria y defender nuestra tierra. Nosotros escogimos la m\u00fasica\u00bb afirm\u00f3 el prodigio puertorrique\u00f1o, cuyo disco es un homenaje a su pa\u00eds y a las ra\u00edces de su m\u00fasica, fusionadas con el reguet\u00f3n.<\/p>\n<p class=\"ue-c-article__paragraph\">\u00bfC\u00f3mo es posible que Bad Bunny, que bate r\u00e9cords de escuchas y de venta de entradas y que es el emblema de la m\u00fasica latina en el mundo, no haya arrasado en su a\u00f1o m\u00e1s exitoso? De una manera absurda, el puertorrique\u00f1o ten\u00eda <strong>dos canciones finalistas<\/strong> en las categor\u00edas de Mejor Canci\u00f3n y Mejor Grabaci\u00f3n (Baile inolvidable y DTmF), y eso ha provocado <strong>que el voto para su candidatura se haya dividido<\/strong>, facilitando las victorias de Karol G y Alejandro Sanz, respectivamente.<\/p>\n<p class=\"ue-c-article__paragraph\">Adem\u00e1s de Mejor \u00c1lbum, Bad Bunny se ha llevado los premios de Mejor Interpretaci\u00f3n Urbana Mejor \u00c1lbum de M\u00fasica Urbana, Mejor Canci\u00f3n Urbana y Mejor Interpretaci\u00f3n de Reguet\u00f3n.<\/p>\n<p class=\"ue-c-article__paragraph\">Hasta ahora, Bad Bunny hab\u00eda logrado 12 premios de 40 nominaciones, todos ellos en categor\u00edas de m\u00fasica urbana, rap y reguet\u00f3n, pero<strong> nunca en ninguna de las categor\u00edas principales<\/strong>, donde a\u00f1o tras a\u00f1o sal\u00eda perdedor: Un verano sin ti, El \u00faltimo tour del mundo, YHLQMDLG y Oasis hab\u00edan sido nominados a Mejor \u00c1lbum.<\/p>\n<p class=\"ue-c-article__paragraph\">Su victoria en 2025 <strong>cierra una herida con los Latin Grammy abierta en 2019<\/strong>, cuando al llevarse el reconocimeinto a Mejor \u00c1lbum de M\u00fasica Urbana por su disco X 100PRE, Bad Bunny hizo una encendida reivindicaci\u00f3n del reguet\u00f3n, que era continuamente despreciado en los premios: \u00abA toda la gente que pertenece a la Academia, con todo respeto: el reguet\u00f3n es parte de la cultura latina y est\u00e1 representando al igual que otros muchos g\u00e9neros musicales a nivel mundial\u00bb.<\/p>\n<p class=\"ue-c-article__paragraph\">Los argentinos<a href=\"https:\/\/www.elmundo.es\/cultura\/musica\/2025\/05\/28\/6837791be4d4d80d188b4591.html\" rel=\"nofollow noopener\" target=\"_blank\"><strong>Ca7riel &amp; Paco Amoroso<\/strong><\/a> han sido una de las grandes revelaciones de la m\u00fasica latina este a\u00f1o y as\u00ed lo han confirmado tambi\u00e9n estos premios. Se han llevado cinco: Mejor Canci\u00f3n Pop, Mejor \u00c1lbum de M\u00fasica Alternativa, Mejor Canci\u00f3n Alternativa, Mejor V\u00eddeo Musical Versi\u00f3n Corta y Mejor V\u00eddeo Musical Versi\u00f3n Larga.<\/p>\n<p class=\"ue-c-article__paragraph\">En una <a href=\"https:\/\/www.elmundo.es\/cultura\/musica\/2025\/11\/13\/6916496de85ececb2b8b45cf.html\" rel=\"nofollow noopener\" target=\"_blank\"><strong>jornada decepcionante para los artistas espa\u00f1oles<\/strong><\/a>, <strong>Alejandro Sanz<\/strong> se ha embolsado dos nuevos premios y ha ampliado su leyenda en el gran escaparate anual de la m\u00fasica latina.<\/p>\n<p class=\"ue-c-article__paragraph\">Adem\u00e1s del premio a Mejor Grabaci\u00f3n, el veterano cantante ha conseguido tambi\u00e9n el premio a Mejor \u00c1lbum de Pop Contempor\u00e1neo por \u00bfY ahora qu\u00e9?, una categor\u00eda en la que tambi\u00e9n compet\u00eda <strong>Aitana. Alejandro Sanz<\/strong> ya tiene 24 gram\u00f3fonos en la vitrina y es uno de los artistas m\u00e1s galardonados en la historia de los premios.<\/p>\n<p class=\"ue-c-article__paragraph\">Por su parte, <strong>Aitana ha ganado el primer Latin Grammy de su carrera<\/strong> por el dise\u00f1o de su disco Cuarto azul.<\/p>\n","protected":false},"excerpt":{"rendered":"Actualizado Viernes, 14 noviembre 2025 &#8211; 07:42 Bad Bunny estaba llamado a dominar los Latin Grammy 2025 del&hellip;\n","protected":false},"author":2,"featured_media":235106,"comment_status":"","ping_status":"","sticky":false,"template":"","format":"standard","meta":{"footnotes":""},"categories":[5],"tags":[10842,1282,17,18,209,10593,25,24,13,14,11,38011,19,20,17870,185,37335,9,10,15,16,23,12,21,22],"class_list":{"0":"post-235105","1":"post","2":"type-post","3":"status-publish","4":"format-standard","5":"has-post-thumbnail","7":"category-titulares","8":"tag-alejandro-sanz","9":"tag-bad-bunny","10":"tag-breaking-news","11":"tag-breakingnews","12":"tag-cultura","13":"tag-cultura-musica","14":"tag-es","15":"tag-espana","16":"tag-featured-news","17":"tag-featurednews","18":"tag-headlines","19":"tag-karol-g","20":"tag-latest-news","21":"tag-latestnews","22":"tag-latin-grammy","23":"tag-musica","24":"tag-musica-latina","25":"tag-news","26":"tag-noticias","27":"tag-noticias-destacadas","28":"tag-noticiasdestacadas","29":"tag-spain","30":"tag-titulares","31":"tag-ultimas-noticias","32":"tag-ultimasnoticias"},"share_on_mastodon":{"url":"https:\/\/pubeurope.com\/@es\/115546813039652061","error":""},"_links":{"self":[{"href":"https:\/\/www.europesays.com\/es\/wp-json\/wp\/v2\/posts\/235105","targetHints":{"allow":["GET"]}}],"collection":[{"href":"https:\/\/www.europesays.com\/es\/wp-json\/wp\/v2\/posts"}],"about":[{"href":"https:\/\/www.europesays.com\/es\/wp-json\/wp\/v2\/types\/post"}],"author":[{"embeddable":true,"href":"https:\/\/www.europesays.com\/es\/wp-json\/wp\/v2\/users\/2"}],"replies":[{"embeddable":true,"href":"https:\/\/www.europesays.com\/es\/wp-json\/wp\/v2\/comments?post=235105"}],"version-history":[{"count":0,"href":"https:\/\/www.europesays.com\/es\/wp-json\/wp\/v2\/posts\/235105\/revisions"}],"wp:featuredmedia":[{"embeddable":true,"href":"https:\/\/www.europesays.com\/es\/wp-json\/wp\/v2\/media\/235106"}],"wp:attachment":[{"href":"https:\/\/www.europesays.com\/es\/wp-json\/wp\/v2\/media?parent=235105"}],"wp:term":[{"taxonomy":"category","embeddable":true,"href":"https:\/\/www.europesays.com\/es\/wp-json\/wp\/v2\/categories?post=235105"},{"taxonomy":"post_tag","embeddable":true,"href":"https:\/\/www.europesays.com\/es\/wp-json\/wp\/v2\/tags?post=235105"}],"curies":[{"name":"wp","href":"https:\/\/api.w.org\/{rel}","templated":true}]}}