{"id":235107,"date":"2025-11-14T07:17:05","date_gmt":"2025-11-14T07:17:05","guid":{"rendered":"https:\/\/www.europesays.com\/es\/235107\/"},"modified":"2025-11-14T07:17:05","modified_gmt":"2025-11-14T07:17:05","slug":"carlos-alcaraz-lorenzo-musetti-en-directo-atp-finals-tenis","status":"publish","type":"post","link":"https:\/\/www.europesays.com\/es\/235107\/","title":{"rendered":"Carlos Alcaraz &#8211; Lorenzo Musetti en directo: ATP Finals &#8211; Tenis"},"content":{"rendered":"<p><b data-testid=\"body-text-bold\">\u00a1JUEGO, SET, PARTIDO Y N\u00daMERO UNO PARA ALCARAZ!<\/b><\/p>\n<p>Carlos cumple ante Lorenzo Musetti en un partido que ha dominado de principio a fin para certificar el n\u00famero uno del mundo a final de a\u00f1o. Qu\u00e9 gran encuentro del murciano al que no le ha temblado el pulso pese a saber lo que estaba en juego. Con esta victoria, el pupilo de Juan Carlos Ferrero evita a Jannik Sinner en semifinales, y jugar\u00e1 ante el ganador del encuentro entre Alexander Zverev y F\u00e9lix Auger-Aliassime. <\/p>\n<p><img decoding=\"async\" class=\"text-transparent h-full w-full object-cover\" src=\"https:\/\/www.europesays.com\/es\/wp-content\/uploads\/2025\/11\/image-d5b297cb-c7da-4b8c-95c6-5545ee8e0f8f-85-2560-1440.jpeg\" alt=\"picture\" data-testid=\"image-high-res\"\/><\/p>\n<p class=\"typo-tk-rs-caption-xs\">Fuente de la imagen: Getty Images<\/p>\n","protected":false},"excerpt":{"rendered":"\u00a1JUEGO, SET, PARTIDO Y N\u00daMERO UNO PARA ALCARAZ! Carlos cumple ante Lorenzo Musetti en un partido que ha&hellip;\n","protected":false},"author":2,"featured_media":235108,"comment_status":"","ping_status":"","sticky":false,"template":"","format":"standard","meta":{"footnotes":""},"categories":[274],"tags":[168,25,24,23,167,327,326],"class_list":{"0":"post-235107","1":"post","2":"type-post","3":"status-publish","4":"format-standard","5":"has-post-thumbnail","7":"category-tenis","8":"tag-deportes","9":"tag-es","10":"tag-espana","11":"tag-spain","12":"tag-sports","13":"tag-tenis","14":"tag-tennis"},"share_on_mastodon":{"url":"https:\/\/pubeurope.com\/@es\/115546832938127742","error":""},"_links":{"self":[{"href":"https:\/\/www.europesays.com\/es\/wp-json\/wp\/v2\/posts\/235107","targetHints":{"allow":["GET"]}}],"collection":[{"href":"https:\/\/www.europesays.com\/es\/wp-json\/wp\/v2\/posts"}],"about":[{"href":"https:\/\/www.europesays.com\/es\/wp-json\/wp\/v2\/types\/post"}],"author":[{"embeddable":true,"href":"https:\/\/www.europesays.com\/es\/wp-json\/wp\/v2\/users\/2"}],"replies":[{"embeddable":true,"href":"https:\/\/www.europesays.com\/es\/wp-json\/wp\/v2\/comments?post=235107"}],"version-history":[{"count":0,"href":"https:\/\/www.europesays.com\/es\/wp-json\/wp\/v2\/posts\/235107\/revisions"}],"wp:featuredmedia":[{"embeddable":true,"href":"https:\/\/www.europesays.com\/es\/wp-json\/wp\/v2\/media\/235108"}],"wp:attachment":[{"href":"https:\/\/www.europesays.com\/es\/wp-json\/wp\/v2\/media?parent=235107"}],"wp:term":[{"taxonomy":"category","embeddable":true,"href":"https:\/\/www.europesays.com\/es\/wp-json\/wp\/v2\/categories?post=235107"},{"taxonomy":"post_tag","embeddable":true,"href":"https:\/\/www.europesays.com\/es\/wp-json\/wp\/v2\/tags?post=235107"}],"curies":[{"name":"wp","href":"https:\/\/api.w.org\/{rel}","templated":true}]}}