{"id":235118,"date":"2025-11-14T07:26:14","date_gmt":"2025-11-14T07:26:14","guid":{"rendered":"https:\/\/www.europesays.com\/es\/235118\/"},"modified":"2025-11-14T07:26:14","modified_gmt":"2025-11-14T07:26:14","slug":"latin-grammy-2025-bad-bunny-y-ca7riel-y-paco-amoroso-se-banan-de-premios-y-abrazos-entretenimiento-en-estados-unidos","status":"publish","type":"post","link":"https:\/\/www.europesays.com\/es\/235118\/","title":{"rendered":"Latin Grammy 2025: Bad Bunny y Ca7riel y Paco Amoroso se ba\u00f1an de premios y abrazos | Entretenimiento en Estados Unidos"},"content":{"rendered":"<p class=\"\">Gran noche latina en Las Vegas. En el MGM Grand Arena, en pleno Strip de la ciudad del pecado, la m\u00fasica en espa\u00f1ol se escuch\u00f3 con m\u00e1s fuerza que nunca. Mariachi, salsa, baladas, reggaeton, bachatas, regional mexicano&#8230; reinaron en los Latin Grammy, o Grammy Latino, donde triunfaron Ca7riel y Paco Amoroso y Bad Bunny, artista m\u00e1s nominado de la noche, con cinco galardones cada uno. Pero el puertorrique\u00f1o se llev\u00f3 el principal premio, <a href=\"https:\/\/elpais.com\/us\/entretenimiento\/2025-01-05\/bad-bunny-rinde-homenaje-a-puerto-rico-y-su-diaspora-en-debi-tirar-mas-fotos.html\" target=\"_blank\" rel=\"nofollow noopener\" title=\"https:\/\/elpais.com\/us\/entretenimiento\/2025-01-05\/bad-bunny-rinde-homenaje-a-puerto-rico-y-su-diaspora-en-debi-tirar-mas-fotos.html\">el de \u00e1lbum del a\u00f1o, por su exitos\u00edsimo DeB\u00cd TiRAR M\u00e1S FOToS<\/a>. \u201cDoy gracias a Dios, a mi mam\u00e1 por parirme; mami, papi, te amo, a mis hermanos, los amo. Amo la m\u00fasica, amo lo que hago, juntarme con personas apasionadas\u201d, reconoc\u00eda el artista, que se lo dedicaba a quienes trabajaron con \u00e9l. \u201cAmen lo m\u00e1s que puedan. Este premio se lo quiero dedicar a todos los ni\u00f1os y j\u00f3venes de Latinoam\u00e9rica y en especial a los de Puerto Rico. Nunca paren de so\u00f1ar. Nunca olviden de donde vienen, pero sin olvidar p\u00e1 donde van. Hay muchas maneras de hacer patria. Puerto Rico, te amo\u201d, afirm\u00f3, en el \u00fanico discurso con tintes pol\u00edticos de la noche.<\/p>\n<p class=\"\">Algo antes, el premio a mejor canci\u00f3n fue para <a href=\"https:\/\/elpais.com\/america-colombia\/2025-06-20\/karol-g-lanza-su-nuevo-disco-del-merengue-a-la-bachata-tropicoqueta.html\" target=\"_blank\" rel=\"nofollow noopener\" title=\"https:\/\/elpais.com\/america-colombia\/2025-06-20\/karol-g-lanza-su-nuevo-disco-del-merengue-a-la-bachata-tropicoqueta.html\">Si antes te hubiera conocido, de Karol G, <\/a>uno de los mayores \u00e9xitos de los \u00faltimos meses. \u201cNo me vayan a cortar, que estuve pensando en algo todo el d\u00eda\u201d, cont\u00f3 la colombiana. \u201c\u00daltimamente todo el mundo tiene una opini\u00f3n, profesional o no profesional\u201d, coment\u00f3. \u201cDe cierta forma empec\u00e9 a sentir que todo lo que hac\u00eda dej\u00f3 de estar bien, y que estaba perdiendo mi magia, perdiendo mi encanto\u201d, confes\u00f3. \u201cLo \u00fanico que qued\u00f3 de todo eso fue volver a la ra\u00edz, a la intenci\u00f3n y al prop\u00f3sito. Estoy haciendo lo que amo porque me gusta y porque nac\u00ed para esto. No lo digo por m\u00ed, lo digo porque hay un mont\u00f3n de personas en la casa pensando que no son suficiente\u201d, asegur\u00f3. \u201cOlv\u00eddense del mundo, a vivir la vida, que es solo una\u201d. <\/p>\n<p>M\u00e1s informaci\u00f3n<img decoding=\"auto\" class=\"_re lazyload a_m-h\" height=\"276\"  width=\"414\"  src=\"https:\/\/www.europesays.com\/es\/wp-content\/uploads\/2025\/11\/JKNFQNG6MNDI7LK2VUMNPNTHRU.jpg\" loading=\"lazy\"\/>Karol G recoge el premio a mejor canci\u00f3n del a\u00f1o por &#8216;Si Antes Te Hubiera Conocido&#8217;, en los Latin Grammy de 2025.Christopher Polk (Billboard v\u00eda Getty Images)<\/p>\n<p class=\"\">La sorpresa lleg\u00f3 con la mejor grabaci\u00f3n, que fue para <a href=\"https:\/\/elpais.com\/cultura\/2024-10-25\/alejandro-sanz-publica-nueva-cancion-la-balada-palmeras-en-el-jardin.html\" target=\"_blank\" rel=\"nofollow noopener\" title=\"https:\/\/elpais.com\/cultura\/2024-10-25\/alejandro-sanz-publica-nueva-cancion-la-balada-palmeras-en-el-jardin.html\">Palmeras en el jard\u00edn, de Alejandro Sanz<\/a>, que reconoci\u00f3 que gracias a sus nuevas canciones ha recuperado la ilusi\u00f3n. \u201cLa m\u00fasica ha sido mi vida, despu\u00e9s de tantos a\u00f1os me he vuelto a enamorar de la misma y estoy recibiendo esto con la mayor ilusi\u00f3n del mundo. Benito, te lo he robado, perd\u00f3name\u201d, dijo entre risas el madrile\u00f1o, al ser Bad Bunny la apuesta como ganador de la noche. \u201cGracias a la cultura hispana, que es nuestra. Est\u00e1 m\u00e1s fuerte que nunca y no se va a ning\u00fan sitio\u201d. <b> <\/b><\/p>\n<p class=\"\">Pero en la gala, la noche la arranc\u00f3 Maluma junto a Carlos Santana, cantando Oye C\u00f3mo Va, y el guitarrista tambi\u00e9n interpret\u00f3 Coraz\u00f3n Espinado, acompa\u00f1ado de Grupo Frontera. Junto a la actriz y cantante puertorrique\u00f1a Rosalyn S\u00e1nchez, el cantante colombiano fue el encargado de conducir la gala. \u201cLos invito a mirar hacia el futuro de nuestra m\u00fasica con alegr\u00eda y optimismo\u201d, afirmaba Maluma, que se confesaba algo nervioso por la tarea. <\/p>\n<p><img decoding=\"auto\" class=\"_re lazyload a_m-h\" height=\"276\"  width=\"414\"  src=\"https:\/\/www.europesays.com\/es\/wp-content\/uploads\/2025\/11\/6V23DNJX75ATHFRRB2ADREY55Q.JPG\" loading=\"lazy\"\/>Alejandro Sanz, premio a la mejor grabaci\u00f3n del a\u00f1o en los Latin Grammy de 2025 por &#8216;Palmeras En El Jard\u00edn&#8217;.Mario Anzuoni (REUTERS)<\/p>\n<p class=\"\">En la pregala (donde se entregan 51 de los 60 galardones), Benito Antonio Mart\u00ednez Ocasio ya se hab\u00eda llevado dos por DTMF y el tercero, mejor \u00e1lbum de m\u00fasica urbana, lleg\u00f3 r\u00e1pido. \u201cMe pongo igual de nervioso que la primera vez, eso significa que lo que hago me importa y me importa mucho\u201d, afirmaba el puertorrique\u00f1o, dando las gracias a su familia, a la Academia \u201cy a todos los que creyeron en este proyecto\u201d. Despu\u00e9s, tambi\u00e9n le lleg\u00f3 el de mejor canci\u00f3n urbana por el mismo tema que da nombre al disco. \u201cLa mayor\u00eda de las veces&#8230; Bueno, yo nunca practico mi speech porque nunca tengo en la mente que voy a ganar; si gano digo alguna palabra que se me ocurra. Quisiera que ustedes mismos le den un abrazo a la persona que tienen al lado\u201d. Y s\u00ed, hubo abrazos en la sala.<\/p>\n<p>Los Tigres del Norte posan con el premio al mejor \u00e1lbum Norte\u00f1o por &#8216;la Loteria&#8217; en la 26\u00aa Entrega Anual del Grammy Latino en las Vegas.Foto: REUTERS | V\u00eddeo: EFE<\/p>\n<p class=\"\">En la pregala, adem\u00e1s, entre otros, Alejandro Sanz se llev\u00f3 el premio de mejor \u00e1lbum pop contempor\u00e1neo, y Karol G y Aitana tambi\u00e9n se alzaron cada una con un galard\u00f3n. Rawayana se llevaron el de mejor interpretaci\u00f3n de m\u00fasica electr\u00f3nica latina; Trueno, con Fresh, el de mejor canci\u00f3n de rap; la mejor de pop-rock fue para Desastres Fabulosos, de Jorge Drexler y Conociendo Rusia; y hubo empate en la de rock, entre Renee (La torre) y Fito P\u00e1ez (Sale el sol).<\/p>\n<p class=\"\">En la fiesta se entregaron tambi\u00e9n los premios a mejor \u00e1lbum de m\u00fasica mexicana ranchera, que <a href=\"https:\/\/elpais.com\/eps\/2023-05-05\/christian-nodal-el-mariachi-tatuado-se-volvio-cool-ser-mexicano.html\" target=\"_blank\" rel=\"nofollow noopener\" title=\"https:\/\/elpais.com\/eps\/2023-05-05\/christian-nodal-el-mariachi-tatuado-se-volvio-cool-ser-mexicano.html\">recay\u00f3 en Christian Nodal<\/a> por \u00bfQui\u00e9n + Como Yo?, y a mejor \u00e1lbum de m\u00fasica mexicana contempor\u00e1nea, <a href=\"https:\/\/elpais.com\/us\/entretenimiento\/2025-09-11\/carin-leon-se-convierte-en-el-primer-latino-en-conquistar-la-sphere-de-las-vegas.html\" target=\"_blank\" rel=\"nofollow noopener\" title=\"https:\/\/elpais.com\/us\/entretenimiento\/2025-09-11\/carin-leon-se-convierte-en-el-primer-latino-en-conquistar-la-sphere-de-las-vegas.html\">para Car\u00edn Le\u00f3n por Palabra de tos (seca),<\/a> que afirmaba sobre el escenario que \u201cel nervio nunca se pierde\u201d, y se lo dedicaba a Michael Jackson y Freddie Mercury: \u201c\u00a1Que viva la m\u00fasica con todas sus voces!\u201c. <\/p>\n<p class=\"\">El premio a la mejor nueva artista fue a parar a <a href=\"https:\/\/www.instagram.com\/palomamorphy\/?hl=es\" target=\"_blank\" rel=\"nofollow noopener\" title=\"https:\/\/www.instagram.com\/palomamorphy\/?hl=es\">Paloma Morphy<\/a>: \u201cSi est\u00e1s triste y no ves un camino ni encuentras las ganas para darle pa\u2019lante, hazlo, que tal vez acabas en los Grammy\u201d, afirm\u00f3 la joven mexicana. El premio a mejor \u00e1lbum tropical tradicional lo gan\u00f3 Gloria Estefan, con su disco Ra\u00edces. Se lo dedic\u00f3 a la Academia, a sus hijos y sobre todo a su marido, Emilio Estefan: \u201cGracias por las canciones bellas que me escribiste, la producci\u00f3n impecable que te caracteriza, los 50 a\u00f1os de hacer m\u00fasica juntos, te amo\u201d. La cubana sali\u00f3 poco despu\u00e9s al escenario para demostrar su habitual poder\u00edo y junto a ella sac\u00f3 a Nathy Peluso para cantar Chirriqui Chirri. \u201c\u00a1Viva la salsa!\u201d, clamaba la argentina.<\/p>\n<p><img decoding=\"auto\" class=\"_re lazyload a_m-h\" height=\"276\"  width=\"414\"  src=\"https:\/\/www.europesays.com\/es\/wp-content\/uploads\/2025\/11\/YW7RO6ERWBFJZFWIHRBQUFYDZQ.jpg\" loading=\"lazy\"\/>Elena Rose, durante su actuaci\u00f3n en los Latin Grammy, el 13 de noviembre de 2025.John Parra (Getty Images)<\/p>\n<p class=\"\">Con apenas nueve premios entregados en tres horas, las actuaciones son el plato fuerte de la gala. Adem\u00e1s de Maluma y Santana, cant\u00f3 Aitana (que puso en llamas en escenario), a la que siguieron Alejandro Sanz y tambi\u00e9n Rauw Alejandro, que se lanz\u00f3 con una bachata, porque como \u00e9l dijo: \u201cLos problemas se resuelven bailando\u201d. De ah\u00ed que acompa\u00f1ara su actuaci\u00f3n de m\u00e1scaras tradicionales, percusi\u00f3n y hasta un zapateao. <\/p>\n<p class=\"\">La presencia de M\u00e9xico fue poderos\u00edsima en la gala. Los j\u00f3venes DannyLux, Kakalo e <a href=\"https:\/\/elpais.com\/us\/entretenimiento\/2025-04-11\/coachella-2025-un-cartel-con-pocas-estrellas-menos-latinos-problemas-de-visados-y-donde-reina-lady-gaga.html\" target=\"_blank\" rel=\"nofollow noopener\" title=\"https:\/\/elpais.com\/us\/entretenimiento\/2025-04-11\/coachella-2025-un-cartel-con-pocas-estrellas-menos-latinos-problemas-de-visados-y-donde-reina-lady-gaga.html\">Iv\u00e1n Cornejo<\/a> mostraron el potencial del regional mexicano. Mucho m\u00e1s cl\u00e1sico y cargado de fuerza, con mariachi y hasta charrer\u00eda con lazo de jaripeo, <a href=\"https:\/\/elpais.com\/mexico\/gente\/2025-09-04\/entre-la-grandeza-y-el-drama-las-tensiones-familiares-fracturan-a-la-dinastia-aguilar.html\" target=\"_blank\" rel=\"nofollow noopener\" title=\"https:\/\/elpais.com\/mexico\/gente\/2025-09-04\/entre-la-grandeza-y-el-drama-las-tensiones-familiares-fracturan-a-la-dinastia-aguilar.html\">actu\u00f3 Pepe Aguilar, cuya hija, \u00c1ngela Aguilar<\/a>, le aclamaba y cantaba entre el p\u00fablico, mientras bailaban y taconeaban las bailarinas de jarabe tapat\u00edo y baile de Jalisco, volando con sus brillantes faldas de colores. Tambi\u00e9n estuvieron presentes dos de las bandas mexicanas m\u00e1s poderosas del panorama mexicano, actuando juntas: Fuerza Regida (al principio, todos ellos con la cara tapada por un velo negro) y Grupo Frontera, que cantaron su Me Jalo a medias, y tambi\u00e9n Marlboro Rojo, para lo que se bajaron a la primera fila, cantando entre los familiares de Raphael y Bad Bunny. Car\u00edn Le\u00f3n y Kacey Musgraves hicieron una mezcla \u201cTexas meet [se encuentra con] Hermosillo\u201d, como dijo Maluma, con su Lost in translation.<\/p>\n<p><img decoding=\"auto\" class=\"_re lazyload a_m-h\" height=\"276\"  width=\"414\"  src=\"https:\/\/www.europesays.com\/es\/wp-content\/uploads\/2025\/11\/6QIPNVA73FARPDQZSDTOQ7AAKQ.jpg\" loading=\"lazy\"\/>Pepe Aguilar, en el escenario de los Latin Grammy, el 13 de noviembre de 2025 en Las Vegas.Christopher Polk (Billboard v\u00eda Getty Images)<\/p>\n<p class=\"\">La joven venezolana Elena Rose apareci\u00f3 en el escenario con unas enormes alas blancas para cantar junto a un piano su Me lo merezco. Tras ella, Maluma anunci\u00f3 orgulloso a su paisana, Karol G, que a ritmo de guitarra y junto a Marco Antonio Sol\u00eds cant\u00f3 Coleccionando Heridas. Tambi\u00e9n los colombianos Morat (ganadores al mejor \u00e1lbum de pop\/rock por Ya es ma\u00f1ana) tocaron su Faltas t\u00fa. <\/p>\n<p class=\"\">Y luego llegaron la gran revelaci\u00f3n que son los argentinos Ca7riel y Paco Amoroso, que se llevaron cinco galardones, aunque todos en la pregala: mejor v\u00eddeo musical versi\u00f3n corta y versi\u00f3n larga, mejor \u00e1lbum de m\u00fasica alternativa por Papota, mejor canci\u00f3n alternativa por #tetas y mejor canci\u00f3n pop por El d\u00eda del amigo. <a href=\"https:\/\/elpais.com\/icon\/2025-05-22\/ca7riel-y-paco-amoroso-todos-nos-dicen-que-somos-geniales-pero-no-olvidamos-que-en-cualquier-momento-todo-se-puede-ir-a-la-mierda.html\" target=\"_blank\" rel=\"nofollow noopener\" title=\"https:\/\/elpais.com\/icon\/2025-05-22\/ca7riel-y-paco-amoroso-todos-nos-dicen-que-somos-geniales-pero-no-olvidamos-que-en-cualquier-momento-todo-se-puede-ir-a-la-mierda.html\">Triunfaron en Coachella y siguen arrasando all\u00e1 por donde van<\/a>. En Las Vegas lo hicieron con una mezcla de temas, El impostor, #Tetas y La que puede, puede, El d\u00eda del amigo&#8230; y cuatro muchachos musculos\u00edsimos en calzones cosiendo cojines que lanzaban al p\u00fablico. En la sala de prensa, en su tono de broma habitual, aseguraban a EL PAIS que iban a fundir sus cinco Grammy para hacerse una cadena.<\/p>\n<p class=\"\">Tras ellos, Bad Bunny junto a la banda Chuwi. El boricua, con la cara medio tapada por la capucha de su chaqueta y con una playa y palmeras de fondo, cant\u00f3 WELTiTA. Y luego, tomaron el escenario dos potentes mujeres j\u00f3venes, tanto la venezolana Joaquina como <a href=\"https:\/\/elpais.com\/cultura\/2019\/06\/10\/actualidad\/1560185450_964589.html\" target=\"_blank\" rel=\"nofollow noopener\" title=\"https:\/\/elpais.com\/cultura\/2019\/06\/10\/actualidad\/1560185450_964589.html\">la brasile\u00f1a Liniker<\/a>. Los Tigres del Norte, que ganaron con su La Loter\u00eda a mejor canci\u00f3n regional mexicana y mejor \u00e1lbum de m\u00fasica norte\u00f1a, cantaron el tema premiado para cerrar el escenario.<\/p>\n<p><img decoding=\"auto\" class=\"_re lazyload a_m-h\" height=\"276\"  width=\"414\"  src=\"https:\/\/www.europesays.com\/es\/wp-content\/uploads\/2025\/11\/ZUXWO3OG2VPK5NNP7JPJWJS2CQ.jpg\" loading=\"lazy\"\/>Ca7riel y Paco Amoroso, en los Latin Grammys de 2025.Chris Pizzello (Chris Pizzello\/Invision\/AP)<\/p>\n<p class=\"\">Otro de los momentos fundamentales fue el protagonizado por Raphael, que el d\u00eda anterior hab\u00eda <a href=\"https:\/\/elpais.com\/cultura\/2025-11-13\/la-noche-mas-grande-de-raphael-los-grammy-latino-le-honran-como-persona-del-ano-en-una-gala-llena-de-musica-y-lagrimas.html\" target=\"_blank\" rel=\"nofollow noopener\" title=\"https:\/\/elpais.com\/cultura\/2025-11-13\/la-noche-mas-grande-de-raphael-los-grammy-latino-le-honran-como-persona-del-ano-en-una-gala-llena-de-musica-y-lagrimas.html\">recibido el premio de Persona del A\u00f1o en una gala cargada de emoci\u00f3n<\/a>. En la gala volvi\u00f3 a ser homenajeado \u201cpor ser un aut\u00e9ntico embajador de la m\u00fasica\u201d, y por eso volvi\u00f3 subirse al escenario. Arranc\u00f3 con Qu\u00e9 sabe nadie, con su caracter\u00edstico chorro de voz, impecable a los 82 a\u00f1os, tras <a href=\"https:\/\/elpais.com\/elpais\/2003\/04\/02\/actualidad\/1049266129_850215.html\" target=\"_blank\" rel=\"nofollow noopener\" title=\"https:\/\/elpais.com\/elpais\/2003\/04\/02\/actualidad\/1049266129_850215.html\">un trasplante de h\u00edgado hace 20 a\u00f1os <\/a>y <a href=\"https:\/\/elpais.com\/cultura\/2024-12-26\/raphael-padece-un-linfoma-cerebral-del-que-esta-siendo-tratado.html\" target=\"_blank\" rel=\"nofollow noopener\" title=\"https:\/\/elpais.com\/cultura\/2024-12-26\/raphael-padece-un-linfoma-cerebral-del-que-esta-siendo-tratado.html\">un reciente linfoma cerebral<\/a>. Despu\u00e9s, sigui\u00f3 con uno de sus temas m\u00e1s c\u00e9lebres, Mi gran noche, el escogido por muchos de los artistas de la velada como su favorito del jiennense, y que puso al teatro en pie. <\/p>\n<p class=\"\">Despu\u00e9s, Gloria Estefan y Marco Antonio Sol\u00eds le entregaron el galard\u00f3n. \u201cHay artistas que han marcado \u00e9pocas y luego est\u00e1s t\u00fa, Raphael\u201d, le dec\u00eda Estefan, \u201cque las has marcado todas\u201d. \u201cEres mi \u00eddolo personal\u201d, le dec\u00eda. \u201cEn este nuevo viaje estoy feliz de encontrarme con tantos amigos\u201d, afirmaba el espa\u00f1ol. \u201cPrometo solemnemente que volver\u00e9\u201d.<\/p>\n<p><img decoding=\"auto\" class=\"_re lazyload a_m-h\" height=\"276\"  width=\"414\"  src=\"https:\/\/www.europesays.com\/es\/wp-content\/uploads\/2025\/11\/VOWI7JD7RBBA3AU3LA6UT5KFWQ.jpg\" loading=\"lazy\"\/>Raphael recoge el premio de Persona del A\u00f1o de manos de Marco Antonio Sol\u00eds y Gloria Estefan, el 13 de noviembre de 2025 en Las Vegas.Chris Pizzello (AP)<\/p>\n<p class=\"\">Los siempre coloridos y populares Latin Grammy tuvieron su cap\u00edtulo de presentadores curiosos, entre los que estuvieron Sergio Ramos, que introdujo el premio a mejor \u00e1lbum de m\u00fasica urbana; o Miguel Rojas, el beisbolista venezolano estrella de los Dodgers de Los \u00c1ngeles. Porque si algo son los Grammy Latino, adem\u00e1s de una entrega de premios, es, b\u00e1sicamente, una fiesta.<\/p>\n<p><script async src=\"\/\/www.instagram.com\/embed.js\"><\/script><\/p>\n","protected":false},"excerpt":{"rendered":"Gran noche latina en Las Vegas. En el MGM Grand Arena, en pleno Strip de la ciudad del&hellip;\n","protected":false},"author":2,"featured_media":235119,"comment_status":"","ping_status":"","sticky":false,"template":"","format":"standard","meta":{"footnotes":""},"categories":[170],"tags":[10842,889,1282,61124,61125,3061,146,147,25,24,629,17870,184,185,11496,23],"class_list":{"0":"post-235118","1":"post","2":"type-post","3":"status-publish","4":"format-standard","5":"has-post-thumbnail","7":"category-musica","8":"tag-alejandro-sanz","9":"tag-america","10":"tag-bad-bunny","11":"tag-ca7riel","12":"tag-ca7riel-paco-amoroso","13":"tag-cantantes","14":"tag-entertainment","15":"tag-entretenimiento","16":"tag-es","17":"tag-espana","18":"tag-estados-unidos","19":"tag-latin-grammy","20":"tag-music","21":"tag-musica","22":"tag-premios-grammy","23":"tag-spain"},"share_on_mastodon":{"url":"https:\/\/pubeurope.com\/@es\/115546868432640818","error":""},"_links":{"self":[{"href":"https:\/\/www.europesays.com\/es\/wp-json\/wp\/v2\/posts\/235118","targetHints":{"allow":["GET"]}}],"collection":[{"href":"https:\/\/www.europesays.com\/es\/wp-json\/wp\/v2\/posts"}],"about":[{"href":"https:\/\/www.europesays.com\/es\/wp-json\/wp\/v2\/types\/post"}],"author":[{"embeddable":true,"href":"https:\/\/www.europesays.com\/es\/wp-json\/wp\/v2\/users\/2"}],"replies":[{"embeddable":true,"href":"https:\/\/www.europesays.com\/es\/wp-json\/wp\/v2\/comments?post=235118"}],"version-history":[{"count":0,"href":"https:\/\/www.europesays.com\/es\/wp-json\/wp\/v2\/posts\/235118\/revisions"}],"wp:featuredmedia":[{"embeddable":true,"href":"https:\/\/www.europesays.com\/es\/wp-json\/wp\/v2\/media\/235119"}],"wp:attachment":[{"href":"https:\/\/www.europesays.com\/es\/wp-json\/wp\/v2\/media?parent=235118"}],"wp:term":[{"taxonomy":"category","embeddable":true,"href":"https:\/\/www.europesays.com\/es\/wp-json\/wp\/v2\/categories?post=235118"},{"taxonomy":"post_tag","embeddable":true,"href":"https:\/\/www.europesays.com\/es\/wp-json\/wp\/v2\/tags?post=235118"}],"curies":[{"name":"wp","href":"https:\/\/api.w.org\/{rel}","templated":true}]}}