{"id":235174,"date":"2025-11-14T08:09:09","date_gmt":"2025-11-14T08:09:09","guid":{"rendered":"https:\/\/www.europesays.com\/es\/235174\/"},"modified":"2025-11-14T08:09:09","modified_gmt":"2025-11-14T08:09:09","slug":"la-escultura-de-maria-pacheco-ya-tiene-su-pedestal-frente-al-alcazar","status":"publish","type":"post","link":"https:\/\/www.europesays.com\/es\/235174\/","title":{"rendered":"La escultura de Mar\u00eda Pacheco ya tiene su pedestal frente al Alc\u00e1zar"},"content":{"rendered":"<p>Toledo se dispone a saldar una deuda hist\u00f3rica. Frente al Alc\u00e1zar, en el espacio p\u00fablico sin nombre en la confluencia entre la cuesta de Carlos V con la cuesta de los Capuchinos y la calle Horno de los Bizcochos, el Ayuntamiento de Toledo ha procedido a insertar una base de hormig\u00f3n sobre la que se colocar\u00e1 una enorme escultura de una de las mujeres m\u00e1s importantes en la historia de Toledo, Mar\u00eda Pachecho.<\/p>\n<p>Los trabajos de instalaci\u00f3n comenzaron el pasado mi\u00e9rcoles, y la fecha marcada en rojo en el calendario para su inauguraci\u00f3n es el pr\u00f3ximo 2 de diciembre.<\/p>\n<p>La escultura, obra del artista toledano Julio Mart\u00edn de Vidales, est\u00e1 realizada en broce y tendr\u00e1 unas dimensiones considerables, en la l\u00ednea de los trabajos del autor.<\/p>\n<p>La conocida como &#8216;Leona de Castilla&#8217;, la &#8216;brava hembra&#8217; o &#8216;centella de fuego&#8217; del siglo XVI, fue una figura hist\u00f3rica fundamental en la Guerra de las Comunidades de Castilla (1520-1522). Tras la derrota comunera en la Batalla de Villalar y la ejecuci\u00f3n de su marido, Juan de Padilla, en 1521, Mar\u00eda Pacheco asumi\u00f3 el control de Toledo, la cual era un basti\u00f3n clave del movimiento.<\/p>\n<p>Prolong\u00f3 la resistencia contra las fuerzas del emperador Carlos V durante nueve meses con una determinaci\u00f3n inquebrantable, resistiendo en el mismo Alc\u00e1zar frente al cual se erigir\u00e1 ahora su escultura. El lugar, por tanto, no es casual ni est\u00e1 buscado al azar para homenajear a una de las ide\u00f3logas del movimiento comunero.<\/p>\n<p>La escultura de Mar\u00eda Pacheco se sumar\u00e1 a la ya existente de su marido, Juan de Padilla, que tambi\u00e9n es obra del escultor Julio Mart\u00edn de Vidales.<\/p>\n<p>Aunque no han trascendido los detalles de la nueva escultura, a tenor de trabajos anteriores de su autor, se presumir\u00e1 monumentalidad y majestuosidad. Suya tambi\u00e9n es la escultura ecuestre de Alfonso VI a la entrada de la ciudad, pero este nuevo trabajo se parecer\u00e1 m\u00e1s a la talla de Juan de Padilla colocada en 2015 en la plaza que lleva su nombre.<\/p>\n<p>Esa estatua mide unos 2,57 metros y pesa casi una tonelada, est\u00e1 hecha en bronce, mientras que para el pedestal, que mide 1,15 metros, se utiliz\u00f3 piedra gran\u00edtica de Ventas con Pe\u00f1a Aguilera. Todo ese conjunto escult\u00f3rico (estatua, pedestal y cimientos) alcanza un peso de 32 toneladas.<\/p>\n<p>Esas proporciones han hecho que los operarios del Ayuntamiento de Toledo estuvieran trabajando en la zona para asentar una base de hormig\u00f3n, sobre la que se colocar\u00e1 el nuevo conjunto escult\u00f3rico.<\/p>\n<p>El Ayuntamiento de Toledo espera saldar una deuda hist\u00f3rica con la figura de Mar\u00eda Pacheco, olvidada muchas veces de las primeras p\u00e1ginas de la historia por su condici\u00f3n de mujer, pero reivindicada ahora por su valor, tenacidad y determinaci\u00f3n.<\/p>\n<p>Hay que recordar que el Pleno del Ayuntamiento de Toledo aprob\u00f3 en octubre de 2020 los tr\u00e1mites para que la ciudad sumara una nueva escultura a su patrimonio art\u00edstico, precisamente la de la Mar\u00eda Pacheco.<\/p>\n<p>La pasada semana, el escritor Lorenzo Silva, especializado en la historia de los Comuneros, reivindic\u00f3 la figura de la &#8216;leona de Castilla&#8217; en su conferencia del ciclo de novela hist\u00f3rica &#8216;Toledo, luz de Europa&#8217;. Silva, destac\u00f3 que, a pesar de la derrota hist\u00f3rica del movimiento comunero, sus ideales perduraron y han contribuido al progreso social.<\/p>\n","protected":false},"excerpt":{"rendered":"Toledo se dispone a saldar una deuda hist\u00f3rica. Frente al Alc\u00e1zar, en el espacio p\u00fablico sin nombre en&hellip;\n","protected":false},"author":2,"featured_media":235175,"comment_status":"","ping_status":"","sticky":false,"template":"","format":"standard","meta":{"footnotes":""},"categories":[173],"tags":[61129,229,233,231,230,57478,232,234,146,147,25,24,61130,61128,23,1952,61131],"class_list":{"0":"post-235174","1":"post","2":"type-post","3":"status-publish","4":"format-standard","5":"has-post-thumbnail","7":"category-arte-y-diseno","8":"tag-alcazar-de-toledo","9":"tag-arte","10":"tag-arte-y-diseno","11":"tag-arts","12":"tag-arts-and-design","13":"tag-ayuntamiento-de-toledo","14":"tag-design","15":"tag-diseno","16":"tag-entertainment","17":"tag-entretenimiento","18":"tag-es","19":"tag-espana","20":"tag-lorenzo-silva","21":"tag-maria-pacheco","22":"tag-spain","23":"tag-toledo","24":"tag-villalar-de-los-comuneros"},"share_on_mastodon":{"url":"https:\/\/pubeurope.com\/@es\/115547036907683132","error":""},"_links":{"self":[{"href":"https:\/\/www.europesays.com\/es\/wp-json\/wp\/v2\/posts\/235174","targetHints":{"allow":["GET"]}}],"collection":[{"href":"https:\/\/www.europesays.com\/es\/wp-json\/wp\/v2\/posts"}],"about":[{"href":"https:\/\/www.europesays.com\/es\/wp-json\/wp\/v2\/types\/post"}],"author":[{"embeddable":true,"href":"https:\/\/www.europesays.com\/es\/wp-json\/wp\/v2\/users\/2"}],"replies":[{"embeddable":true,"href":"https:\/\/www.europesays.com\/es\/wp-json\/wp\/v2\/comments?post=235174"}],"version-history":[{"count":0,"href":"https:\/\/www.europesays.com\/es\/wp-json\/wp\/v2\/posts\/235174\/revisions"}],"wp:featuredmedia":[{"embeddable":true,"href":"https:\/\/www.europesays.com\/es\/wp-json\/wp\/v2\/media\/235175"}],"wp:attachment":[{"href":"https:\/\/www.europesays.com\/es\/wp-json\/wp\/v2\/media?parent=235174"}],"wp:term":[{"taxonomy":"category","embeddable":true,"href":"https:\/\/www.europesays.com\/es\/wp-json\/wp\/v2\/categories?post=235174"},{"taxonomy":"post_tag","embeddable":true,"href":"https:\/\/www.europesays.com\/es\/wp-json\/wp\/v2\/tags?post=235174"}],"curies":[{"name":"wp","href":"https:\/\/api.w.org\/{rel}","templated":true}]}}