{"id":235190,"date":"2025-11-14T08:18:09","date_gmt":"2025-11-14T08:18:09","guid":{"rendered":"https:\/\/www.europesays.com\/es\/235190\/"},"modified":"2025-11-14T08:18:09","modified_gmt":"2025-11-14T08:18:09","slug":"la-electricidad-empuja-la-inflacion-al-31-en-octubre-el-maximo-en-ano-y-medio","status":"publish","type":"post","link":"https:\/\/www.europesays.com\/es\/235190\/","title":{"rendered":"La electricidad empuja la inflaci\u00f3n al 3,1% en octubre, el m\u00e1ximo en a\u00f1o y medio"},"content":{"rendered":"<p>14\/11\/2025<br \/>\n<br \/><strong><br \/>\nActualizado a las 09:08h.<br \/>\n<\/strong><\/p>\n<p class=\"voc-p\" style=\"\">hace ya m\u00e1s de un a\u00f1o y medio que la inf\u00f1lCon la publicaci\u00f3n definitiva de los datos de octubre, el INE ha confirmado que la inflaci\u00f3n escal\u00f3 al 3,1% en el d\u00e9cimo mes del a\u00f1o. Esto supone que, tras seis meses avanzando en la  &#8230; comparativa interanual, en octubre aument\u00f3 una d\u00e9cima con respecto al mes anterior y se situ\u00f3 en la cifra m\u00e1s alta de los \u00faltimos diecis\u00e9is meses.<\/p>\n<p class=\"voc-p\" style=\"\">El dato es preocupante porque se aleja en m\u00e1s de un punto de ese 2% que el Banco Central Europeo (BCE) considera &#8216;seguro&#8217; y porque devuelve el indicador a cifras de verano de 2024, cuando nuestro pa\u00eds apenas empezaba a levantar cabeza tras la crisis inflacionaria que sigui\u00f3 a la pandemia primero y la guerra de Ucrania despu\u00e9s.<\/p>\n<p class=\"voc-p\" style=\"\">(habr\u00e1 ampliaci\u00f3n)<\/p>\n<p>\nArt\u00edculo solo para suscriptores\n<\/p>\n<p>Reportar un error<\/p>\n","protected":false},"excerpt":{"rendered":"14\/11\/2025 Actualizado a las 09:08h. hace ya m\u00e1s de un a\u00f1o y medio que la inf\u00f1lCon la publicaci\u00f3n&hellip;\n","protected":false},"author":2,"featured_media":235191,"comment_status":"","ping_status":"","sticky":false,"template":"","format":"standard","meta":{"footnotes":""},"categories":[80],"tags":[7429,1611,82,95,94,25,24,1847,697,9072,61140,23,575],"class_list":{"0":"post-235190","1":"post","2":"type-post","3":"status-publish","4":"format-standard","5":"has-post-thumbnail","7":"category-economia","8":"tag-alza","9":"tag-ano","10":"tag-business","11":"tag-economia","12":"tag-economy","13":"tag-es","14":"tag-espana","15":"tag-inflacion","16":"tag-medio","17":"tag-octubre","18":"tag-situo","19":"tag-spain","20":"tag-tras"},"share_on_mastodon":{"url":"https:\/\/pubeurope.com\/@es\/115547072408373109","error":""},"_links":{"self":[{"href":"https:\/\/www.europesays.com\/es\/wp-json\/wp\/v2\/posts\/235190","targetHints":{"allow":["GET"]}}],"collection":[{"href":"https:\/\/www.europesays.com\/es\/wp-json\/wp\/v2\/posts"}],"about":[{"href":"https:\/\/www.europesays.com\/es\/wp-json\/wp\/v2\/types\/post"}],"author":[{"embeddable":true,"href":"https:\/\/www.europesays.com\/es\/wp-json\/wp\/v2\/users\/2"}],"replies":[{"embeddable":true,"href":"https:\/\/www.europesays.com\/es\/wp-json\/wp\/v2\/comments?post=235190"}],"version-history":[{"count":0,"href":"https:\/\/www.europesays.com\/es\/wp-json\/wp\/v2\/posts\/235190\/revisions"}],"wp:featuredmedia":[{"embeddable":true,"href":"https:\/\/www.europesays.com\/es\/wp-json\/wp\/v2\/media\/235191"}],"wp:attachment":[{"href":"https:\/\/www.europesays.com\/es\/wp-json\/wp\/v2\/media?parent=235190"}],"wp:term":[{"taxonomy":"category","embeddable":true,"href":"https:\/\/www.europesays.com\/es\/wp-json\/wp\/v2\/categories?post=235190"},{"taxonomy":"post_tag","embeddable":true,"href":"https:\/\/www.europesays.com\/es\/wp-json\/wp\/v2\/tags?post=235190"}],"curies":[{"name":"wp","href":"https:\/\/api.w.org\/{rel}","templated":true}]}}