{"id":235198,"date":"2025-11-14T08:26:12","date_gmt":"2025-11-14T08:26:12","guid":{"rendered":"https:\/\/www.europesays.com\/es\/235198\/"},"modified":"2025-11-14T08:26:12","modified_gmt":"2025-11-14T08:26:12","slug":"paula-badosa-muestra-como-es-un-dia-en-su-vida-en-dubai","status":"publish","type":"post","link":"https:\/\/www.europesays.com\/es\/235198\/","title":{"rendered":"Paula Badosa muestra c\u00f3mo es un d\u00eda en su vida en Dub\u00e1i"},"content":{"rendered":"\n<p>M\u00e1s noticias<\/p>\n<p><a class=\"info_masnoticias\" href=\"https:\/\/www.eldesmarque.com\/tenis\/\" rel=\"nofollow noopener\" target=\"_blank\"><br \/>\nM\u00e1s de<br \/>\nM\u00e1s noticias de<br \/>\nTenis<br \/>\n<\/a><\/p>\n<p>La tenista espa\u00f1ola <strong>se ha vuelto a hacer viral con un v\u00eddeo en redes sociales<\/strong> donde ense\u00f1a su rutina diaria <strong>en Dub\u00e1i<\/strong> tras anunciar que <a href=\"https:\/\/www.eldesmarque.com\/tenis\/20250930\/paula-badosa-dice-adios-tenis-hasta-2026-seguire-encontrando-manera-de-volver_300770874.html\" target=\"_blank\" rel=\"noopener nofollow\">no competir\u00e1 hasta 2026. \u201cSeguir\u00e9 encontrando la manera de volver<\/a>\u201d, asegur\u00f3 en septiembre. La ex n\u00famero dos del mundo se pone a punto para regresar <a href=\"https:\/\/www.eldesmarque.com\/tenis\/20250928\/paula-badosa-se-retira-china-lagrimas-nueva-lesion_300769345.html\" target=\"_blank\" rel=\"noopener nofollow\">tras un a\u00f1o no deseado. Malos resultados<\/a> y la <a href=\"https:\/\/www.eldesmarque.com\/famosos\/20240505\/paula-badosa-anuncia-ruptura-stefanos-tsitsipas_300323899.html\" target=\"_blank\" rel=\"noopener nofollow\">ruptura con Stefanos Tsitsipas<\/a>, pero ahora, est\u00e1 dando se\u00f1ales de que volver\u00e1 m\u00e1s fuerte que nunca.<\/p>\n<p><b>El d\u00eda a d\u00eda de Paula Badosa<\/b><\/p>\n<p>Paula Badosa siempre se ha destacado por tener al tanto de su vida personal a sus seguidores. Es por eso, que esta vez ha vuelto a conectar con ellos mostrando una faceta mucho m\u00e1s cercana. La tenista espa\u00f1ola ha publicado en sus redes sociales un v\u00eddeo bajo el t\u00edtulo <strong>\u201cJust a day in my life\u2026\u201d (\u201cUn d\u00eda cualquiera en mi vida\u2026\u201d)<\/strong>, grabado en <strong>Dub\u00e1i<\/strong>, donde actualmente reside y contin\u00faa trabajando en su recuperaci\u00f3n. En el v\u00eddeo, Badosa comparte un recorrido completo por su d\u00eda a d\u00eda. Muestra desde los entrenamientos f\u00edsicos y las sesiones de fisioterapia por la noche, hasta los momentos de descanso y ocio con amigos.<\/p>\n<blockquote class=\"instagram-media\" data-instgrm-captioned=\"\" data-instgrm-permalink=\"https:\/\/www.instagram.com\/reel\/DQ849oqgfw3\/?utm_source=ig_embed&amp;utm_campaign=loading\" data-instgrm-version=\"14\" style=\"background: #FFF; border: 0; border-radius: 3px; box-shadow: 0 0 1px 0 rgba(0,0,0,0.5),0 1px 10px 0 rgba(0,0,0,0.15); margin: 1px; max-width: 540px; min-width: 326px; padding: 0; width: calc(100% - 2px);\">\n<\/blockquote>\n<p>El v\u00eddeo, editado con un estilo de lo m\u00e1s alegre, junto a un audio entretenido y de lo m\u00e1s natural, nos ense\u00f1a la <strong>disciplina y la rutina<\/strong> que marcan su vida tanto dentro como fuera de las pistas. Paula muestra sus sesiones de gimnasio, trabajo espec\u00edfico en pista, tratamientos de recuperaci\u00f3n, alimentaci\u00f3n equilibrada y tiempo en la sauna, todo <strong>acompa\u00f1ado de escenas cotidianas<\/strong> en su hogar como grabaciones o tiempo de descanso. El v\u00eddeo es m\u00e1s una simple muestra de que la tenista vuelve a estar feliz, tras <strong>malos meses de lesiones,<\/strong>\u00a0que un simple contenido &#8216;lifestyle&#8217;.<\/p>\n<p><img decoding=\"async\" src=\"https:\/\/www.europesays.com\/es\/wp-content\/uploads\/2025\/11\/fotojet___2025_11_13t112708559jpg_001.jpg\" width=\"660\" height=\"auto\" alt=\"Paula Badosa en la BJKC 2025 (Europa Press)\"\/><br \/>\nPaula Badosa en la BJKC 2025 (Europa Press)<\/p>\n<p><b>La noticia de Paula Badosa y su vuelta en 2026<\/b><\/p>\n<p>Hace apenas unas semanas, la ex n\u00famero 2 del mundo anunci\u00f3 que <strong>no volver\u00e1 a competir hasta 2026<\/strong>, tras una larga lucha contra los problemas f\u00edsicos que la han lastrado desde hace mucho tiempo. Aun as\u00ed, su mensaje fue claro y esperanzador: \u201c<b>Seguir\u00e9 encontrando la manera de volver<\/b>.\u201d Esa frase, resume a la perfecci\u00f3n el esp\u00edritu de lucha con el que todav\u00eda cuenta la espa\u00f1ola. El v\u00eddeo ha ca\u00eddo de pie entre sus seguidores, y todos los comentarios, o por lo menos la mayor\u00eda, son de \u00e1nimo y alegr\u00eda por verla con una sonrisa de nuevo.<\/p>\n<p><script async src=\"\/\/www.instagram.com\/embed.js\"><\/script><\/p>\n","protected":false},"excerpt":{"rendered":"M\u00e1s noticias M\u00e1s de M\u00e1s noticias de Tenis La tenista espa\u00f1ola se ha vuelto a hacer viral con&hellip;\n","protected":false},"author":2,"featured_media":235199,"comment_status":"","ping_status":"","sticky":false,"template":"","format":"standard","meta":{"footnotes":""},"categories":[274],"tags":[168,25,24,23,167,327,326],"class_list":{"0":"post-235198","1":"post","2":"type-post","3":"status-publish","4":"format-standard","5":"has-post-thumbnail","7":"category-tenis","8":"tag-deportes","9":"tag-es","10":"tag-espana","11":"tag-spain","12":"tag-sports","13":"tag-tenis","14":"tag-tennis"},"share_on_mastodon":{"url":"https:\/\/pubeurope.com\/@es\/115547104139873630","error":""},"_links":{"self":[{"href":"https:\/\/www.europesays.com\/es\/wp-json\/wp\/v2\/posts\/235198","targetHints":{"allow":["GET"]}}],"collection":[{"href":"https:\/\/www.europesays.com\/es\/wp-json\/wp\/v2\/posts"}],"about":[{"href":"https:\/\/www.europesays.com\/es\/wp-json\/wp\/v2\/types\/post"}],"author":[{"embeddable":true,"href":"https:\/\/www.europesays.com\/es\/wp-json\/wp\/v2\/users\/2"}],"replies":[{"embeddable":true,"href":"https:\/\/www.europesays.com\/es\/wp-json\/wp\/v2\/comments?post=235198"}],"version-history":[{"count":0,"href":"https:\/\/www.europesays.com\/es\/wp-json\/wp\/v2\/posts\/235198\/revisions"}],"wp:featuredmedia":[{"embeddable":true,"href":"https:\/\/www.europesays.com\/es\/wp-json\/wp\/v2\/media\/235199"}],"wp:attachment":[{"href":"https:\/\/www.europesays.com\/es\/wp-json\/wp\/v2\/media?parent=235198"}],"wp:term":[{"taxonomy":"category","embeddable":true,"href":"https:\/\/www.europesays.com\/es\/wp-json\/wp\/v2\/categories?post=235198"},{"taxonomy":"post_tag","embeddable":true,"href":"https:\/\/www.europesays.com\/es\/wp-json\/wp\/v2\/tags?post=235198"}],"curies":[{"name":"wp","href":"https:\/\/api.w.org\/{rel}","templated":true}]}}