{"id":235204,"date":"2025-11-14T08:30:09","date_gmt":"2025-11-14T08:30:09","guid":{"rendered":"https:\/\/www.europesays.com\/es\/235204\/"},"modified":"2025-11-14T08:30:09","modified_gmt":"2025-11-14T08:30:09","slug":"criticas-a-kounde-en-francia","status":"publish","type":"post","link":"https:\/\/www.europesays.com\/es\/235204\/","title":{"rendered":"Cr\u00edticas a Kound\u00e9 en Francia"},"content":{"rendered":"<p class=\"ft-text\">Jules Kound\u00e9 no jug\u00f3 el pasado domingo en Vigo ante el Celta por unas peque\u00f1as molestias. Su plaza en el lateral derecho la ocup\u00f3 Eric Garcia, que jug\u00f3 con m\u00e1scara tras haberse fracturado la nariz en Brujas. El defensa franc\u00e9s, sin embargo, viaj\u00f3 a Francia para concentrarse con la selecci\u00f3n de su pa\u00eds y este jueves fue titular en el partido que los de Didier Deschamps disputaron contra Ucrania en el Parque de los Pr\u00edncipes. <a class=\"ft-link ft-link--decoration\" href=\"https:\/\/www.sport.es\/es\/noticias\/barca\/kounde-apaga-alarmas-entrena-francia-123616636\" rel=\"nofollow noopener\" target=\"_blank\">Lo fue a pesar de que no se entren\u00f3 con sus compa\u00f1eros a dos d\u00edas del encuentro<\/a>.<\/p>\n<p class=\"ft-text\"><strong>El jugador azulgrana disput\u00f3 89 minutos en la victoria francesa (4-0)<\/strong> con dos goles de Mbapp\u00e9, que logr\u00f3 uno ejecutando un penalti a lo Panenka, Olise y Ekitike. <a class=\"ft-link ft-link--decoration\" href=\"https:\/\/www.sport.es\/es\/noticias\/mundial-futbol\/28-selecciones-clasificadas-mundial-2026-122620101\" rel=\"nofollow noopener\" target=\"_blank\">Con este triunfo, el combinado galo consigui\u00f3 la clasificaci\u00f3n para el pr\u00f3ximo Mundial, que se disputa en Estados Unidos, Canad\u00e1 y M\u00e9xico<\/a>.<\/p>\n<p class=\"ft-text\">Kound\u00e9, que fue reemplazado por Malo Gusto en los instantes finales del partido, no cuaj\u00f3 un buen encuentro y ha recibido algunas cr\u00edticas en su pa\u00eds. Fue suspendido por el diario &#8216;L&#8217;Equipe&#8217;, que dijo de \u00e9l que se le ve fuera de forma. Quiz\u00e1 el jugador del Bar\u00e7a not\u00f3 durante el partido que no estaba al cien por cien por culpa de las molestias que provocaron que no jugase en Vigo. Tambi\u00e9n se ha dicho que Malo Gusto puede aportar mucho m\u00e1s en ataque que Kound\u00e9.<\/p>\n<p class=\"ft-text\">Con la selecci\u00f3n francesa ya clasificada para el Mundial, habr\u00e1 que ver si Deschamps alinea a Kound\u00e9 en el \u00faltimo partido de la fase de clasificaci\u00f3n contra Azerbaiy\u00e1n. El descanso le ir\u00eda bien para recuperarse totalmente y estar totalmente recuperado para el choque ante el Athletic del pr\u00f3ximo s\u00e1bado.<\/p>\n<p class=\"ft-text\">El jugador del Bar\u00e7a no ha tenido un buen inicio de temporada con la camiseta azulgrana. De hecho, en los primeros partidos del curso fue Eric Garcia el encargado de ocupar el lateral derecho. Kound\u00e9, de todos modos, solo ha dejado de participar en un partido del equipo de Hansi Flick, el de Vigo. Eso s\u00ed, tres de los partidos que ha jugado los empez\u00f3 desde el banquillo.<\/p>\n","protected":false},"excerpt":{"rendered":"Jules Kound\u00e9 no jug\u00f3 el pasado domingo en Vigo ante el Celta por unas peque\u00f1as molestias. Su plaza&hellip;\n","protected":false},"author":2,"featured_media":235205,"comment_status":"","ping_status":"","sticky":false,"template":"","format":"standard","meta":{"footnotes":""},"categories":[268],"tags":[6621,168,25,24,280,317,282,26152,281,23,167],"class_list":{"0":"post-235204","1":"post","2":"type-post","3":"status-publish","4":"format-standard","5":"has-post-thumbnail","7":"category-futbol","8":"tag-criticas","9":"tag-deportes","10":"tag-es","11":"tag-espana","12":"tag-football","13":"tag-francia","14":"tag-futbol","15":"tag-kounde","16":"tag-soccer","17":"tag-spain","18":"tag-sports"},"share_on_mastodon":{"url":"https:\/\/pubeurope.com\/@es\/115547119838411836","error":""},"_links":{"self":[{"href":"https:\/\/www.europesays.com\/es\/wp-json\/wp\/v2\/posts\/235204","targetHints":{"allow":["GET"]}}],"collection":[{"href":"https:\/\/www.europesays.com\/es\/wp-json\/wp\/v2\/posts"}],"about":[{"href":"https:\/\/www.europesays.com\/es\/wp-json\/wp\/v2\/types\/post"}],"author":[{"embeddable":true,"href":"https:\/\/www.europesays.com\/es\/wp-json\/wp\/v2\/users\/2"}],"replies":[{"embeddable":true,"href":"https:\/\/www.europesays.com\/es\/wp-json\/wp\/v2\/comments?post=235204"}],"version-history":[{"count":0,"href":"https:\/\/www.europesays.com\/es\/wp-json\/wp\/v2\/posts\/235204\/revisions"}],"wp:featuredmedia":[{"embeddable":true,"href":"https:\/\/www.europesays.com\/es\/wp-json\/wp\/v2\/media\/235205"}],"wp:attachment":[{"href":"https:\/\/www.europesays.com\/es\/wp-json\/wp\/v2\/media?parent=235204"}],"wp:term":[{"taxonomy":"category","embeddable":true,"href":"https:\/\/www.europesays.com\/es\/wp-json\/wp\/v2\/categories?post=235204"},{"taxonomy":"post_tag","embeddable":true,"href":"https:\/\/www.europesays.com\/es\/wp-json\/wp\/v2\/tags?post=235204"}],"curies":[{"name":"wp","href":"https:\/\/api.w.org\/{rel}","templated":true}]}}