{"id":235214,"date":"2025-11-14T08:36:12","date_gmt":"2025-11-14T08:36:12","guid":{"rendered":"https:\/\/www.europesays.com\/es\/235214\/"},"modified":"2025-11-14T08:36:12","modified_gmt":"2025-11-14T08:36:12","slug":"que-peliculas-ver-este-viernes-en-television-de-una-comedia-protagonizada-por-jennifer-aniston-a-una-cinta-espanola-con-antonio-resines-o-paz-vega","status":"publish","type":"post","link":"https:\/\/www.europesays.com\/es\/235214\/","title":{"rendered":"Qu\u00e9 pel\u00edculas ver este viernes en televisi\u00f3n: de una comedia protagonizada por Jennifer Aniston a una cinta espa\u00f1ola con Antonio Resines o Paz Vega"},"content":{"rendered":"<p><a class=\"v-mdl-ath__fig-a\" href=\"https:\/\/www.lasprovincias.es\/autor\/sara-bonillo-5829.html\" title=\"Sara Bonillo\" rel=\"nofollow noopener\" target=\"_blank\"><br \/>\n<img decoding=\"async\" class=\"v-mdl-ath__img\" src=\"https:\/\/www.europesays.com\/es\/wp-content\/uploads\/2025\/09\/autor-5829-foto-1.jpeg\" alt=\"Sara Bonillo\"\/><br \/>\n<\/a><\/p>\n<p class=\"v-mdl-ath__p v-mdl-ath__p--6\">\nViernes, 14 de noviembre 2025, 00:08<\/p>\n<p class=\"v-p\">El viernes llega con un amplio cat\u00e1logo de <a href=\"https:\/\/www.lasprovincias.es\/culturas\/cine\/leonardo-dicaprio-pelicula-favorita-nolan-20251112145229-nt.html\" title=\"www.lasprovincias.es\" data-voc-vtm-id=\"in-text-traffic\" data-mrf-link=\"www.lasprovincias.es\" rel=\"nofollow noopener\" target=\"_blank\">pel\u00edculas<\/a> protagonizadas por rostros muy conocidos de Hollywood. Y es que, m\u00e1s all\u00e1 de las plataformas de &#8216;streaming&#8217; como Netflix, Amazon Prime, Disney+ y HBO Max, la televisi\u00f3n generalista y los canales por cable tambi\u00e9n ofrecen una gran variedad de t\u00edtulos para disfrutar, bien por la tarde o por la noche, de una velada de lo m\u00e1s cin\u00e9fila. <\/p>\n<p class=\"v-p\">Para este <strong>viernes, 14 de noviembre<\/strong>, la programaci\u00f3n de televisi\u00f3n ofrece desde una pel\u00edcula c\u00f3mica de 2010 dirigida por Dennis Dugan y protagonizada por Adam Sandler a una comedia espa\u00f1ola de la mano de Antonio Resines o una famosa pel\u00edcula infantil.<\/p>\n<p class=\"v-p\">Tambi\u00e9n se emitir\u00e1 una comedia rom\u00e1ntica protagonizada por Jennifer Anniston, Jason Bateman y Victor Pagan. La cinta est\u00e1 basada en el relato &#8216;Baster&#8217;, del novelista ganador del premio Pulitzer Jeffrey Eugenides, autor de &#8216;Las v\u00edrgenes suicidas&#8217;.<\/p>\n<p class=\"v-p\">Entre la oferta de este viernes, 14 de noviembre, destacan las siguientes pel\u00edculas:<\/p>\n<ol class=\"v-cmp-u-b__u\">\n<li class=\"v-cmp-u-b__l\">\n<p>\nBe Mad<br \/>\n10:00 horas\n<\/p>\n<p>Ejecutivo agresivo<\/p>\n<\/li>\n<\/ol>\n<p class=\"v-p\"> &#8211; <strong>A\u00f1o:<\/strong> 2003<\/p>\n<p class=\"v-p\"> &#8211; <strong>Direcci\u00f3n:<\/strong> Peter Segal.<\/p>\n<p class=\"v-p\"> &#8211; <strong>Int\u00e9rpretes:<\/strong> Adam Sandler, Jack Nicholson, Marisa Tomei, Luis Guzm\u00e1n, Allen Covert, Lynne Thigpen, Kurt Fuller, Jonathan Loughran, Krista Allen y January Jones.<\/p>\n<p class=\"v-p\"> &#8211; <strong>Sinopsis:<\/strong> Dave Buznik es un ejecutivo aparentemente tranquilo que pierde el control durante un vuelo a causa de un malentendido. Tras el incidente, el juez impone a Dave una terapia para controlar su ira.<\/p>\n<ol class=\"v-cmp-u-b__u\">\n<li class=\"v-cmp-u-b__l\">\n<p>\nBe Mad<br \/>\n11:50 horas\n<\/p>\n<p>Ni\u00f1os grandes<\/p>\n<\/li>\n<\/ol>\n<p class=\"v-p\"> &#8211; <strong>A\u00f1o:<\/strong> 2010<\/p>\n<p class=\"v-p\"> &#8211; <strong>Direcci\u00f3n:<\/strong> Dennis Dugan.<\/p>\n<p class=\"v-p\"> &#8211; <strong>Int\u00e9rpretes:<\/strong> Adam Sandler, Kevin James, Chris Rock, David Spade, Rob Schneider, Salma Hayek, Maria Bello, Maya Rudolph, Joyce Van Patten y Ebony Jo-Ann.<\/p>\n<p class=\"v-p\"> &#8211; <strong>Sinopsis:<\/strong> Cinco amigos vuelven a verse despu\u00e9s de 30 a\u00f1os para asistir al funeral de su entrenador de baloncesto de la infancia. Acompa\u00f1ados de sus esposas e hijos, deciden pasar el fin de semana del 4 de julio en una casa cerca de un lago, en la que muchos a\u00f1os atr\u00e1s hab\u00edan celebrado la conquista de un campeonato. Curiosamente, esos d\u00edas de convivencia les hacen comprender que, a pesar de que ya son personas adultas, en realidad no han crecido.<\/p>\n<ol class=\"v-cmp-u-b__u\">\n<li class=\"v-cmp-u-b__l\">\n<p>\nBe Mad<br \/>\n13:40 horas\n<\/p>\n<p>Un peque\u00f1o cambio<\/p>\n<\/li>\n<\/ol>\n<p class=\"v-p\"> &#8211; <strong>A\u00f1o:<\/strong> 2010<\/p>\n<p class=\"v-p\"> &#8211; <strong>Direcci\u00f3n:<\/strong> Josh Gordon y Will Speck.<\/p>\n<p class=\"v-p\"> &#8211; <strong>Int\u00e9rpretes:<\/strong> Jason Bateman, Victor Pagan, Jennifer Aniston, Jeff Goldblum, Juliette Lewis, Todd Louiso, Scott Elrod, Patrick Wilson, Rebecca Naomi Jones y Kelli Barrett.<\/p>\n<p class=\"v-p\"> &#8211; <strong>Sinopsis:<\/strong> Cuando Kassie cumple los 40, decide no esperar m\u00e1s y recurre a la inseminaci\u00f3n artificial para tener un beb\u00e9. Siete a\u00f1os m\u00e1s tarde, regresa a Nueva York y se reencuentra con su amigo Wally, un hombre neur\u00f3tico e inseguro que se siente fuertemente vinculado al hijo de Kassie, el peque\u00f1o Sebastian, un ni\u00f1o con el que comparte algo m\u00e1s que sus m\u00faltiples man\u00edas y excentricidades.<\/p>\n<ol class=\"v-cmp-u-b__u\">\n<li class=\"v-cmp-u-b__l\">\n<p>\nBe Mad<br \/>\n15:30 horas\n<\/p>\n<p>El otro lado de la cama<\/p>\n<\/li>\n<\/ol>\n<p class=\"v-p\"> &#8211; <strong>A\u00f1o:<\/strong> 2002<\/p>\n<p class=\"v-p\"> &#8211; <strong>Direcci\u00f3n:<\/strong> Emilio Mart\u00ednez L\u00e1zaro.<\/p>\n<p class=\"v-p\"> &#8211; <strong>Int\u00e9rpretes:<\/strong> Ernesto Alterio, Paz Vega, Guillermo Toledo, Natalia Verbeke, Alberto San Juan, Mar\u00eda Esteve, Ram\u00f3n Barea, Nathalie Poza, Secun de la Rosa y Carol Salvador.<\/p>\n<p class=\"v-p\"> &#8211; <strong>Sinopsis:<\/strong> Sonia y Javier llevan varios a\u00f1os viviendo juntos y varios m\u00e1s siendo novios. Por otra parte, Pedro y Paula no viven juntos pero s\u00ed son pareja desde hace varios a\u00f1os. Sin embargo, Paula le dice a su novio que se ha enamorado de otro chico, aunque no le dice que es Javier, el mejor amigo de Pedro.<\/p>\n<ol class=\"v-cmp-u-b__u\">\n<li class=\"v-cmp-u-b__l\">\n<p>\nBe Mad<br \/>\n20:00 horas\n<\/p>\n<p>Valkiria<\/p>\n<\/li>\n<\/ol>\n<p class=\"v-p\"> &#8211; <strong>A\u00f1o:<\/strong> 2008<\/p>\n<p class=\"v-p\"> &#8211; <strong>Direcci\u00f3n:<\/strong> Bryan Singer.<\/p>\n<p class=\"v-p\"> &#8211; <strong>Int\u00e9rpretes:<\/strong> Tom Cruise, Kenneth Branagh, Bill Nighy, Tom Wilkinson, Carice van Houten, Thomas Kretschmann, Terence Stamp, Eddie Izzard, Kevin McNally y Christian Berkel.<\/p>\n<p class=\"v-p\"> &#8211; <strong>Sinopsis:<\/strong> En 1944, con los aliados acerc\u00e1ndose a Berl\u00edn y el Reich perdiendo terreno, un pu\u00f1ado de oficiales alemanes planea asesinar a Hitler. El coronel Claus von Stauffenberg es quien tiene la misi\u00f3n m\u00e1s dif\u00edcil de todas, ya que debe acercarse directamente al dictador para plantar la bomba e iniciar el audaz plan para descabezar a las SS.<\/p>\n<p class=\"v-p\"> &#8211; <strong>A\u00f1o:<\/strong> 2008<\/p>\n<p class=\"v-p\"> &#8211; <strong>Direcci\u00f3n:<\/strong> Clint Eastwood.<\/p>\n<p class=\"v-p\"> &#8211; <strong>Int\u00e9rpretes:<\/strong> Clint Eastwood, Patrick L. Reyes, Cesar De Le\u00f3n, Gustavo Mu\u00f1oz, Jackie Prucha, Richard Herd, Adam Drescher, Christi McClintock, Keith Flippen y Alison Eastwood.<\/p>\n<p class=\"v-p\"> &#8211; <strong>Sinopsis:<\/strong> Earl Stone es un hombre de unos 80 a\u00f1os solo y arruinado que se enfrenta a la ejecuci\u00f3n hipotecaria de su negocio y al que ofrecen un trabajo en el que solo tiene que conducir. Sin saberlo, Earl acaba de convertirse en un correo de drogas para un c\u00e1rtel mexicano. Y lo hace tan bien que su carga aumenta exponencialmente y se le asigna un controlador. Pero ese controlador no es el \u00fanico que vigila a Earl. La nueva y misteriosa mula de la droga tambi\u00e9n ha llegado al radar de Colin Bates, un agente de la DEA. Y aunque sus problemas de dinero han desaparecido, los errores del pasado de Earl vuelven a la carga. No est\u00e1 claro si tendr\u00e1 tiempo para corregir esos errores antes de que los agentes de la ley, o los sicarios del c\u00e1rtel, lo atrapen.<\/p>\n<ol class=\"v-cmp-u-b__u\">\n<li class=\"v-cmp-u-b__l\">\n<p>\nLa 2<br \/>\n22:40 horas\n<\/p>\n<p>El robo m\u00e1s grande jam\u00e1s contado<\/p>\n<\/li>\n<\/ol>\n<p class=\"v-p\"> &#8211; <strong>A\u00f1o:<\/strong> 2002<\/p>\n<p class=\"v-p\"> &#8211; <strong>Direcci\u00f3n:<\/strong> Daniel Monz\u00f3n.<\/p>\n<p class=\"v-p\"> &#8211; <strong>Int\u00e9rpretes:<\/strong> Antonio Resines, Neus Asensi, Manuel Marqui\u00f1a, Jimmy Barnat\u00e1n, Javier Aller, Sancho Gracia, Rosario Pardo y Aitor Mazo.<\/p>\n<p class=\"v-p\"> &#8211; <strong>Sinopsis:<\/strong> Lucas Santos est\u00e1 harto de entrar y salir de la c\u00e1rcel y decide empezar de cero. Sin embargo, no le resulta nada f\u00e1cil y, tras vulnerar su libertad condicional y volver de nuevo a prisi\u00f3n, el joven conoce a tres delincuentes con los que posteriormente planea un robo.<\/p>\n<ol class=\"v-cmp-u-b__u\">\n<li class=\"v-cmp-u-b__l\">\n<p>\nCuatro<br \/>\n22:00 horas\n<\/p>\n<p>Eternal<\/p>\n<\/li>\n<\/ol>\n<p class=\"v-p\"> &#8211; <strong>A\u00f1o:<\/strong> 2015<\/p>\n<p class=\"v-p\"> &#8211; <strong>Direcci\u00f3n:<\/strong> Tarsem Singh.<\/p>\n<p class=\"v-p\"> &#8211; <strong>Int\u00e9rpretes:<\/strong> Ryan Reynolds, Natalie Martinez, Matthew Goode, Ben Kingsley, Victor Garber, Derek Luke, Jaynee-Lynne Kinchen, Melora Hardin, Michelle Dockery y Sam Page.<\/p>\n<p class=\"v-p\"> &#8211; <strong>Sinopsis:<\/strong> A un poderoso millonario, enfermo de c\u00e1ncer, le ofrecen la posibilidad de someterse a un procedimiento m\u00e9dico radical que consiste en transferir su conciencia a un cuerpo sano y joven. Al principio la operaci\u00f3n va bien y el hombre disfruta de su renovada juventud, pero todo se complica cuando empieza a descubrir los detalles entorno a la procedencia de su nuevo cuerpo. Este pertenec\u00eda a una persona que lo vendi\u00f3 a cambio de dinero para su familia. Con este descubrimiento pone su vida en peligro, ya que en este lucrativo negocio no pueden quedar cabos sueltos.<\/p>\n<ol class=\"v-cmp-u-b__u\">\n<li class=\"v-cmp-u-b__l\">\n<p>\nBoing<br \/>\n21:30 horas\n<\/p>\n<p>El gato con botas<\/p>\n<\/li>\n<\/ol>\n<p class=\"v-p\"> &#8211; <strong>A\u00f1o:<\/strong> 2011<\/p>\n<p class=\"v-p\"> &#8211; <strong>Direcci\u00f3n:<\/strong> Chris Miller.<\/p>\n<p class=\"v-p\"> &#8211; <strong>Sinopsis:<\/strong> Mucho antes de conocer a Shrek, el notorio espadach\u00edn, amante y forajido Gato con botas se convierte en h\u00e9roe cuando emprende una aventura con la dura y curtida Kitty Zarpas Suaves y el astuto Humpty Dumpty para salvar a su pueblo. Esta es la verdadera historia del Gato, del mito, de la leyenda y de las botas.<\/p>\n<p>Reporta un error<\/p>\n","protected":false},"excerpt":{"rendered":"Viernes, 14 de noviembre 2025, 00:08 El viernes llega con un amplio cat\u00e1logo de pel\u00edculas protagonizadas por rostros&hellip;\n","protected":false},"author":2,"featured_media":235215,"comment_status":"","ping_status":"","sticky":false,"template":"","format":"standard","meta":{"footnotes":""},"categories":[169],"tags":[18656,1247,177,30962,3059,146,147,25,24,2501,176,18655,175,11506,753,10751,61142,23,807,8932,809,381],"class_list":{"0":"post-235214","1":"post","2":"type-post","3":"status-publish","4":"format-standard","5":"has-post-thumbnail","7":"category-cine","8":"tag-aniston","9":"tag-antonio","10":"tag-cine","11":"tag-cinta","12":"tag-comedia","13":"tag-entertainment","14":"tag-entretenimiento","15":"tag-es","16":"tag-espana","17":"tag-espanola","18":"tag-film","19":"tag-jennifer","20":"tag-movies","21":"tag-paz","22":"tag-peliculas","23":"tag-protagonizada","24":"tag-resines","25":"tag-spain","26":"tag-television","27":"tag-vega","28":"tag-ver","29":"tag-viernes"},"share_on_mastodon":{"url":"https:\/\/pubeurope.com\/@es\/115547143635658074","error":""},"_links":{"self":[{"href":"https:\/\/www.europesays.com\/es\/wp-json\/wp\/v2\/posts\/235214","targetHints":{"allow":["GET"]}}],"collection":[{"href":"https:\/\/www.europesays.com\/es\/wp-json\/wp\/v2\/posts"}],"about":[{"href":"https:\/\/www.europesays.com\/es\/wp-json\/wp\/v2\/types\/post"}],"author":[{"embeddable":true,"href":"https:\/\/www.europesays.com\/es\/wp-json\/wp\/v2\/users\/2"}],"replies":[{"embeddable":true,"href":"https:\/\/www.europesays.com\/es\/wp-json\/wp\/v2\/comments?post=235214"}],"version-history":[{"count":0,"href":"https:\/\/www.europesays.com\/es\/wp-json\/wp\/v2\/posts\/235214\/revisions"}],"wp:featuredmedia":[{"embeddable":true,"href":"https:\/\/www.europesays.com\/es\/wp-json\/wp\/v2\/media\/235215"}],"wp:attachment":[{"href":"https:\/\/www.europesays.com\/es\/wp-json\/wp\/v2\/media?parent=235214"}],"wp:term":[{"taxonomy":"category","embeddable":true,"href":"https:\/\/www.europesays.com\/es\/wp-json\/wp\/v2\/categories?post=235214"},{"taxonomy":"post_tag","embeddable":true,"href":"https:\/\/www.europesays.com\/es\/wp-json\/wp\/v2\/tags?post=235214"}],"curies":[{"name":"wp","href":"https:\/\/api.w.org\/{rel}","templated":true}]}}