{"id":235241,"date":"2025-11-14T08:55:19","date_gmt":"2025-11-14T08:55:19","guid":{"rendered":"https:\/\/www.europesays.com\/es\/235241\/"},"modified":"2025-11-14T08:55:19","modified_gmt":"2025-11-14T08:55:19","slug":"jaen-rinde-homenaje-al-artista-francisco-banos-con-un-nuevo-mural-de-jose-rios-junto-al-colegio-de-las-carmelitas","status":"publish","type":"post","link":"https:\/\/www.europesays.com\/es\/235241\/","title":{"rendered":"Ja\u00e9n rinde homenaje al artista Francisco Ba\u00f1os con un nuevo mural de Jos\u00e9 R\u00edos junto al colegio de Las Carmelitas"},"content":{"rendered":"<p><a href=\"https:\/\/www.horajaen.com\/wp-content\/uploads\/2025\/11\/Fotografia-Visita-a-Mural-Ho-menaje-a-Francisco-Banos.jpg\" data-caption=\"\" rel=\"nofollow noopener\" target=\"_blank\"><img loading=\"lazy\" decoding=\"async\" width=\"696\" height=\"915\" class=\"entry-thumb td-modal-image\" src=\"https:\/\/www.europesays.com\/es\/wp-content\/uploads\/2025\/11\/Fotografia-Visita-a-Mural-Ho-menaje-a-Francisco-Banos-696x915.jpg\"   alt=\"\" title=\"Fotografia Visita a Mural Ho menaje a Francisco Ba\u00f1os\"\/><\/a><\/p>\n<p>Publicidad<a href=\"https:\/\/www.fundacionalbor.org\/\" aria-label=\"albor-largo-5-segundos\" rel=\"nofollow noopener\" target=\"_blank\"><img loading=\"lazy\" decoding=\"async\" src=\"https:\/\/www.europesays.com\/es\/wp-content\/uploads\/2025\/08\/albor-largo-5-segundos.gif\" alt=\"\" width=\"750\" height=\"140\"\/><\/a><\/p>\n<p data-start=\"123\" data-end=\"608\"><strong data-start=\"123\" data-end=\"157\">JA\u00c9N.- <\/strong>El Ayuntamiento de Ja\u00e9n ha inaugurado un nuevo mural urbano en homenaje al reconocido artista <strong data-start=\"254\" data-end=\"273\">Francisco Ba\u00f1os<\/strong>, una obra realizada por el pintor jiennense <strong data-start=\"318\" data-end=\"331\">Jos\u00e9 R\u00edos<\/strong> y promovida por la asociaci\u00f3n <strong data-start=\"362\" data-end=\"379\">Civitas Lucis<\/strong> con el apoyo de la <strong data-start=\"399\" data-end=\"432\">Diputaci\u00f3n Provincial de Ja\u00e9n<\/strong>. El mural, ubicado junto al <strong data-start=\"461\" data-end=\"490\">Colegio de Las Carmelitas<\/strong>, se suma al creciente conjunto de intervenciones art\u00edsticas que est\u00e1n transformando la imagen urbana de la capital.<\/p>\n<p data-start=\"610\" data-end=\"1020\">El <strong data-start=\"613\" data-end=\"646\">alcalde de Ja\u00e9n, Julio Mill\u00e1n<\/strong>, ha visitado la obra acompa\u00f1ado del hijo del homenajeado, <strong data-start=\"705\" data-end=\"719\">Luis Ba\u00f1os<\/strong>, del propio autor, <strong data-start=\"739\" data-end=\"752\">Jos\u00e9 R\u00edos<\/strong>, y de representantes del colegio y de las instituciones colaboradoras. Mill\u00e1n ha destacado que este mural \u201crepresenta la uni\u00f3n entre dos grandes artistas jiennenses y el compromiso de la ciudad con el arte p\u00fablico como forma de embellecimiento y orgullo colectivo\u201d. \u201cEs una alegr\u00eda contar con una nueva obra de Jos\u00e9 R\u00edos, y m\u00e1s a\u00fan cuando supone un homenaje a la figura de Francisco Ba\u00f1os. Este mural es una muestra del talento local y del valor que el arte urbano puede aportar al paisaje y a la identidad de Ja\u00e9n\u201d, subray\u00f3 el alcalde.<\/p>\n<p data-start=\"1298\" data-end=\"1390\">Por su parte, la <strong data-start=\"1315\" data-end=\"1353\">diputada de Cultura, \u00c1frica Colomo<\/strong>, ha puesto en valor la iniciativa: \u201cEste reconocimiento a Francisco Ba\u00f1os, de la mano de otro de nuestros grandes artistas, como es Jos\u00e9 R\u00edos, es un acto de justicia cultural. Agradecemos a Civitas Lucis su impulso constante para embellecer la ciudad y conectar el arte con la ciudadan\u00eda\u201d.<\/p>\n<p data-start=\"1651\" data-end=\"1809\">El autor del mural, <strong data-start=\"1671\" data-end=\"1684\">Jos\u00e9 R\u00edos<\/strong>, explic\u00f3 que su obra no pretende copiar la pintura original de Ba\u00f1os, sino reinterpretarla desde una mirada contempor\u00e1nea: \u201cLo dif\u00edcil no era reproducir su trabajo, sino rendir homenaje al esp\u00edritu con el que \u00e9l cre\u00f3 su mural original. En esta pieza he querido retratar a Ba\u00f1os pintando su propia obra, como una forma de di\u00e1logo entre generaciones de artistas\u201d.<\/p>\n<p data-start=\"2054\" data-end=\"2147\">Desde la familia, <strong data-start=\"2072\" data-end=\"2086\">Luis Ba\u00f1os<\/strong> agradeci\u00f3 el gesto y el apoyo de las entidades implicadas: \u201cNos emociona ver este reconocimiento a mi padre, hecho con tanto cari\u00f1o y respeto. Adem\u00e1s, agradecemos la rapidez con la que se ha llevado a cabo el proyecto y la determinaci\u00f3n de todos para hacerlo realidad\u201d.<\/p>\n<p data-start=\"2364\" data-end=\"2664\">Finalmente, <strong data-start=\"2376\" data-end=\"2395\">Jes\u00fas Pegalajar<\/strong>, vocal de comunicaci\u00f3n de Civitas Lucis, se\u00f1al\u00f3 que para la asociaci\u00f3n \u201ceste es un d\u00eda grande para la cultura de Ja\u00e9n\u201d, destacando que el nuevo mural \u201csuma belleza, identidad y vida a la ciudad gracias al trabajo conjunto de artistas, colectivos y administraciones\u201d.<\/p>\n<p data-start=\"2666\" data-end=\"2893\" data-is-last-node=\"\" data-is-only-node=\"\">Con esta intervenci\u00f3n art\u00edstica, Ja\u00e9n contin\u00faa ampliando su <strong data-start=\"2726\" data-end=\"2758\">galer\u00eda urbana al aire libre<\/strong>, consolid\u00e1ndose como una ciudad que apuesta por el arte como motor de identidad, cohesi\u00f3n social y transformaci\u00f3n del espacio p\u00fablico.<\/p>\n<p><img loading=\"lazy\" decoding=\"async\" class=\"alignnone size-full wp-image-318124\" src=\"https:\/\/www.europesays.com\/es\/wp-content\/uploads\/2025\/08\/Sin-titulo-2SDCSCSDSDCSSCDS-1.jpg\" alt=\"\" width=\"750\" height=\"140\"  \/><\/p>\n","protected":false},"excerpt":{"rendered":"Publicidad JA\u00c9N.- El Ayuntamiento de Ja\u00e9n ha inaugurado un nuevo mural urbano en homenaje al reconocido artista Francisco&hellip;\n","protected":false},"author":2,"featured_media":235242,"comment_status":"","ping_status":"","sticky":false,"template":"","format":"standard","meta":{"footnotes":""},"categories":[173],"tags":[229,233,231,230,232,234,146,147,25,24,23],"class_list":{"0":"post-235241","1":"post","2":"type-post","3":"status-publish","4":"format-standard","5":"has-post-thumbnail","7":"category-arte-y-diseno","8":"tag-arte","9":"tag-arte-y-diseno","10":"tag-arts","11":"tag-arts-and-design","12":"tag-design","13":"tag-diseno","14":"tag-entertainment","15":"tag-entretenimiento","16":"tag-es","17":"tag-espana","18":"tag-spain"},"share_on_mastodon":{"url":"https:\/\/pubeurope.com\/@es\/115547218077549087","error":""},"_links":{"self":[{"href":"https:\/\/www.europesays.com\/es\/wp-json\/wp\/v2\/posts\/235241","targetHints":{"allow":["GET"]}}],"collection":[{"href":"https:\/\/www.europesays.com\/es\/wp-json\/wp\/v2\/posts"}],"about":[{"href":"https:\/\/www.europesays.com\/es\/wp-json\/wp\/v2\/types\/post"}],"author":[{"embeddable":true,"href":"https:\/\/www.europesays.com\/es\/wp-json\/wp\/v2\/users\/2"}],"replies":[{"embeddable":true,"href":"https:\/\/www.europesays.com\/es\/wp-json\/wp\/v2\/comments?post=235241"}],"version-history":[{"count":0,"href":"https:\/\/www.europesays.com\/es\/wp-json\/wp\/v2\/posts\/235241\/revisions"}],"wp:featuredmedia":[{"embeddable":true,"href":"https:\/\/www.europesays.com\/es\/wp-json\/wp\/v2\/media\/235242"}],"wp:attachment":[{"href":"https:\/\/www.europesays.com\/es\/wp-json\/wp\/v2\/media?parent=235241"}],"wp:term":[{"taxonomy":"category","embeddable":true,"href":"https:\/\/www.europesays.com\/es\/wp-json\/wp\/v2\/categories?post=235241"},{"taxonomy":"post_tag","embeddable":true,"href":"https:\/\/www.europesays.com\/es\/wp-json\/wp\/v2\/tags?post=235241"}],"curies":[{"name":"wp","href":"https:\/\/api.w.org\/{rel}","templated":true}]}}