{"id":235279,"date":"2025-11-14T09:22:14","date_gmt":"2025-11-14T09:22:14","guid":{"rendered":"https:\/\/www.europesays.com\/es\/235279\/"},"modified":"2025-11-14T09:22:14","modified_gmt":"2025-11-14T09:22:14","slug":"cumbres-borrascosas-apasionado-primer-trailer-con-margot-robbie-y-jacob-elordi-desatados","status":"publish","type":"post","link":"https:\/\/www.europesays.com\/es\/235279\/","title":{"rendered":"&#8216;Cumbres borrascosas&#8217;: Apasionado primer tr\u00e1iler con Margot Robbie y Jacob Elordi desatados"},"content":{"rendered":"<p><a href=\"https:\/\/www.ecartelera.com\/personas\/margot-robbie\/\" data-mention-type=\"persona\" data-mention-id=\"5279\" rel=\"nofollow noopener\" target=\"_blank\">Margot Robbie<\/a> y <a href=\"https:\/\/www.ecartelera.com\/personas\/jacob-elordi\/\" data-mention-type=\"persona\" data-mention-id=\"23117\" rel=\"nofollow noopener\" target=\"_blank\">Jacob Elordi<\/a>   protagonizan <strong>una de las historias de amor m\u00e1s turbulentas de la literatura<\/strong> en &#8216;<a href=\"https:\/\/www.ecartelera.com\/peliculas\/cumbres-borrascosas-2026\/\" data-mention-type=\"pelicula\" data-mention-id=\"19053\" rel=\"nofollow noopener\" target=\"_blank\">Cumbres borrascosas<\/a>&#8216;,  la nueva adaptaci\u00f3n cinematogr\u00e1fica dirigida por <a href=\"https:\/\/www.ecartelera.com\/personas\/emerald-fennell\/\" data-mention-type=\"persona\" data-mention-id=\"13797\" rel=\"nofollow noopener\" target=\"_blank\">Emerald Fennell<\/a>. La pel\u00edcula, basada en la c\u00e9lebre novela de Emily Bront\u00eb, acaba de presentar su primer tr\u00e1iler completo y ya promete ser <strong>una de las propuestas m\u00e1s intensas \u2014y sensuales\u2014<\/strong> del pr\u00f3ximo a\u00f1o.<\/p>\n<p>Tr\u00e1iler &#8216;Cumbres borrascosas&#8217;<\/p>\n<p><video id=\"vid-36028\" class=\"video-js vjs-default-skin\" data-title=\"Tr\u00e1iler 'Cumbres borrascosas'\" poster=\"https:\/\/www.ecartelera.com\/images\/videos\/36000\/f36028.jpg\" controls=\"\" preload=\"auto\" width=\"640\" height=\"360\" playsinline=\"\" data-vtt=\"\/\/v1.ecartelera.com\/video\/36000\/36028_sprite.vtt\" data-stream=\"1\">El navegador no soporta el tag de v\u00eddeo.<\/video><\/p>\n<p>X<br \/>\nEl adelanto muestra una <strong>puesta en escena cargada de erotismo y simbolismo visual<\/strong>, en la l\u00ednea del estilo provocador de Fennell. Robbie y Elordi, que interpretan a <strong>Cathy y Heathcliff, dan vida a una pasi\u00f3n desbordante y autodestructiva, marcada por la represi\u00f3n y el deseo<\/strong>. En una de las secuencias m\u00e1s comentadas, ambos personajes interact\u00faan con una pared de terciopelo rosa en una met\u00e1fora visual que eleva la tensi\u00f3n sexual de la escena.<\/p>\n<p>&#8216;Cumbres borrascosas&#8217; sigue el romance maldito entre Cathy y Heathcliff, dos almas unidas desde la infancia que se ven arrastradas por una relaci\u00f3n tan apasionada como destructiva. En el tr\u00e1iler, Fennell muestra la evoluci\u00f3n de sus protagonistas: <strong>de los juegos en los ventosos p\u00e1ramos de Yorkshire a la distancia emocional que los separa<\/strong> cuando Heathcliff desaparece y Cathy se casa con el acomodado Edgar Linton, interpretado por  Shazad Latif.<\/p>\n<p>\t\t\t\t\t\t\t<img decoding=\"async\" loading=\"lazy\" src=\"https:\/\/www.europesays.com\/es\/wp-content\/uploads\/2025\/11\/247843_triler-cumbres-borrascosas.jpg\" alt=\"Margot Robbie y Jacob Elordi, pasi\u00f3n en  'Cumbres borrascosas'\" width=\"1200\" height=\"800\"\/>\t<\/p>\n<p>\t\t\t\t\t\tMargot Robbie y Jacob Elordi, pasi\u00f3n en  &#8216;Cumbres borrascosas&#8217; (Warner Bros. Pictures)<br \/>\n\t\t\t\t\t\tEl avance tambi\u00e9n recupera algunos de los <strong>di\u00e1logos m\u00e1s memorables del texto original<\/strong>, que reflejan la intensidad y desesperaci\u00f3n de sus protagonistas. \u00ab\u00bfPor qu\u00e9 me dejaste?\u00bb, pregunta Cathy en uno de los momentos m\u00e1s emotivos del tr\u00e1iler. <strong>\u00ab\u00bfPor qu\u00e9 traicionaste tu propio coraz\u00f3n?\u00bb<\/strong>, responde Heathcliff. Estas frases, que remiten directamente a la novela de Bront\u00eb, marcan el tono tr\u00e1gico del filme, entre la pasi\u00f3n rom\u00e1ntica y el tormento existencial.El sello de Emerald FennellA nivel visual, la pel\u00edcula <strong>refuerza la est\u00e9tica caracter\u00edstica de Emerald Fennell<\/strong>, quien ya explor\u00f3 las tensiones entre deseo, poder y moralidad en t\u00edtulos como &#8216;<a href=\"https:\/\/www.ecartelera.com\/peliculas\/promising-young-woman\/\" data-mention-type=\"pelicula\" data-mention-id=\"16189\" rel=\"nofollow noopener\" target=\"_blank\">Una joven prometedora<\/a>&#8216; y &#8216;<a href=\"https:\/\/www.ecartelera.com\/peliculas\/saltburn\/\" data-mention-type=\"pelicula\" data-mention-id=\"18234\" rel=\"nofollow noopener\" target=\"_blank\">Saltburn<\/a>&#8216;. En esta ocasi\u00f3n, la directora apuesta por una <strong>reinterpretaci\u00f3n \u00abprimal y sexual\u00bb del cl\u00e1sico<\/strong>, seg\u00fan explic\u00f3 en septiembre en una entrevista con la <a href=\"https:\/\/www.bbc.com\/news\/articles\/cly0nnrr48ko\" target=\"_blank\" rel=\"nofollow noopener\">BBC<\/a>. \u00abSi alguien m\u00e1s lo hubiera hecho, me habr\u00eda enfadado. Es material muy personal, casi il\u00edcito. La relaci\u00f3n con estos personajes es muy \u00edntima\u00bb, se\u00f1al\u00f3.<\/p>\n<p>\t\t\t\t\t\t\t<img decoding=\"async\" loading=\"lazy\" src=\"https:\/\/www.europesays.com\/es\/wp-content\/uploads\/2025\/11\/247844_triler-cumbres-borrascosas.jpg\" alt=\"P\u00f3ster de 'Cumbres borrascosas'\" width=\"1200\" height=\"1500\"\/>\t<\/p>\n<p>\t\t\t\t\t\tP\u00f3ster de &#8216;Cumbres borrascosas&#8217; (Warner Bros. Pictures)<br \/>\n\t\t\t\t\t\tLa m\u00fasica tambi\u00e9n desempe\u00f1ar\u00e1 un papel destacado en esta adaptaci\u00f3n. El tr\u00e1iler incluye un nuevo tema de <a href=\"https:\/\/www.ecartelera.com\/personas\/charli-xcx\/\" data-mention-type=\"persona\" data-mention-id=\"24842\" rel=\"nofollow noopener\" target=\"_blank\">Charli XCX<\/a>, que ya hab\u00eda participado en <strong>el primer teaser con la canci\u00f3n &#8216;Everything Is Romantic&#8217;<\/strong>. En esta ocasi\u00f3n, la artista brit\u00e1nica colabora con John Cale en una pieza titulada <strong>&#8216;House&#8217;, un tema atmosf\u00e9rico y melanc\u00f3lico<\/strong> que acompa\u00f1a las im\u00e1genes de Robbie y Elordi bajo la lluvia y en los p\u00e1ramos ingleses.<\/p>\n<p>&#8216;Cumbres borrascosas&#8217; <strong>se estrenar\u00e1 en cines el 13 de febrero de 2026<\/strong> a las puertas del D\u00eda de San Valent\u00edn. Con Margot Robbie y Jacob Elordi al frente, y con la mirada incisiva y provocadora de Emerald Fennell detr\u00e1s de la c\u00e1mara, esta nueva versi\u00f3n promete recuperar la esencia m\u00e1s salvaje y carnal de una de las historias de amor m\u00e1s intensas jam\u00e1s escritas.<\/p>\n","protected":false},"excerpt":{"rendered":"Margot Robbie y Jacob Elordi protagonizan una de las historias de amor m\u00e1s turbulentas de la literatura en&hellip;\n","protected":false},"author":2,"featured_media":235280,"comment_status":"","ping_status":"","sticky":false,"template":"","format":"standard","meta":{"footnotes":""},"categories":[169],"tags":[1014,1015,1013,177,1011,146,147,25,24,782,176,1019,1016,175,753,1012,23,1017,1018],"class_list":{"0":"post-235279","1":"post","2":"type-post","3":"status-publish","4":"format-standard","5":"has-post-thumbnail","7":"category-cine","8":"tag-actores","9":"tag-actrices","10":"tag-cartelera","11":"tag-cine","12":"tag-ecartelera","13":"tag-entertainment","14":"tag-entretenimiento","15":"tag-es","16":"tag-espana","17":"tag-estrellas","18":"tag-film","19":"tag-fotogramas","20":"tag-fotos","21":"tag-movies","22":"tag-peliculas","23":"tag-pelis","24":"tag-spain","25":"tag-trailers","26":"tag-videos"},"share_on_mastodon":{"url":"https:\/\/pubeurope.com\/@es\/115547324398318559","error":""},"_links":{"self":[{"href":"https:\/\/www.europesays.com\/es\/wp-json\/wp\/v2\/posts\/235279","targetHints":{"allow":["GET"]}}],"collection":[{"href":"https:\/\/www.europesays.com\/es\/wp-json\/wp\/v2\/posts"}],"about":[{"href":"https:\/\/www.europesays.com\/es\/wp-json\/wp\/v2\/types\/post"}],"author":[{"embeddable":true,"href":"https:\/\/www.europesays.com\/es\/wp-json\/wp\/v2\/users\/2"}],"replies":[{"embeddable":true,"href":"https:\/\/www.europesays.com\/es\/wp-json\/wp\/v2\/comments?post=235279"}],"version-history":[{"count":0,"href":"https:\/\/www.europesays.com\/es\/wp-json\/wp\/v2\/posts\/235279\/revisions"}],"wp:featuredmedia":[{"embeddable":true,"href":"https:\/\/www.europesays.com\/es\/wp-json\/wp\/v2\/media\/235280"}],"wp:attachment":[{"href":"https:\/\/www.europesays.com\/es\/wp-json\/wp\/v2\/media?parent=235279"}],"wp:term":[{"taxonomy":"category","embeddable":true,"href":"https:\/\/www.europesays.com\/es\/wp-json\/wp\/v2\/categories?post=235279"},{"taxonomy":"post_tag","embeddable":true,"href":"https:\/\/www.europesays.com\/es\/wp-json\/wp\/v2\/tags?post=235279"}],"curies":[{"name":"wp","href":"https:\/\/api.w.org\/{rel}","templated":true}]}}