{"id":235293,"date":"2025-11-14T09:30:14","date_gmt":"2025-11-14T09:30:14","guid":{"rendered":"https:\/\/www.europesays.com\/es\/235293\/"},"modified":"2025-11-14T09:30:14","modified_gmt":"2025-11-14T09:30:14","slug":"ya-puedes-renovar-tu-abono-de-temporada-de-alto-campoo-estacion-de-esqui-de-alto-campoo","status":"publish","type":"post","link":"https:\/\/www.europesays.com\/es\/235293\/","title":{"rendered":"Ya puedes renovar tu abono de temporada de Alto Campoo &#8211; Estaci\u00f3n de Esqu\u00ed de Alto Campoo"},"content":{"rendered":"<p>La Estaci\u00f3n de Esqu\u00ed y Monta\u00f1a Alto Campoo abre hoy, 14 de noviembre, la campa\u00f1a de renovaci\u00f3n del forfait anual para la temporada 2025\/26, con tarifas especiales para los abonados de la temporada pasada. El pase de <strong>adulto<\/strong> se podr\u00e1 renovar por <strong>134\u20ac<\/strong>\u00a0y el de <strong>menores de 7 a\u00f1os<\/strong> por <strong>18\u20ac<\/strong>, con precios reducidos tambi\u00e9n para categor\u00edas junior (13-17 a\u00f1os), infantil (7-12 a\u00f1os) y mayores de 70 a\u00f1os.<\/p>\n<p>Esta primera campa\u00f1a de renovaci\u00f3n estar\u00e1 activa <strong>del 14 de noviembre al 1 de diciembre<\/strong> y podr\u00e1 realizarse tanto <strong>a trav\u00e9s de la <a href=\"https:\/\/online.altocampoo.com\/temporada\/\" target=\"_blank\" rel=\"noopener nofollow\">web oficial de compra de Alto Campoo<\/a><\/strong>, como en las <strong>taquillas de la estaci\u00f3n<\/strong>, en horario de 8:30 a 14:30 (lunes a viernes) o 9:30 a 14:30 (s\u00e1bados y domingos).<\/p>\n<p>Dentro de la misma estrategia de precios populares, <strong>del 2 al 30 de diciembre<\/strong> se lanzar\u00e1 una segunda campa\u00f1a dirigida a <strong>nuevos abonados<\/strong>, con forfait anual de <strong>adulto por 165\u20ac<\/strong> y precios reducidos para el resto de categor\u00edas (junior, infantil, mayores de 70 y menores de 7 a\u00f1os).<\/p>\n<p>Como novedad, <strong>las familias numerosas deber\u00e1n solicitar sus abonos anuales bonificados entre el 14 de noviembre y el 30 de diciembre<\/strong>, mientras que los <strong>empadronados en ayuntamientos campurrianos<\/strong> pueden comprar su abono <strong>hasta 1 de diciembre<\/strong> y\u00a0 los <strong>federados en la Federaci\u00f3n C\u00e1ntabra de Deportes de Invierno<\/strong> podr\u00e1n adquirir su pase de temporada <strong>en cualquier momento del invierno,<\/strong> tambi\u00e9n con su tarifa especial.<\/p>\n<p><strong>En el a\u00f1o en que celebra su 60 aniversario<\/strong>, la estaci\u00f3n <strong>mantiene las tarifas del a\u00f1o pasado tanto en forfaits anuales como diarios y en el aparcamiento<\/strong>, reforzando su apuesta por hacer accesible la pr\u00e1ctica del esqu\u00ed y consolidarse como motor tur\u00edstico de la comarca campurriana durante la temporada de nieve.<\/p>\n<p>Consulta las <a href=\"https:\/\/altocampoo.com\/tarifas\/\" rel=\"nofollow noopener\" target=\"_blank\">tarifas en la web de Alto Campoo<\/a>.<\/p>\n","protected":false},"excerpt":{"rendered":"La Estaci\u00f3n de Esqu\u00ed y Monta\u00f1a Alto Campoo abre hoy, 14 de noviembre, la campa\u00f1a de renovaci\u00f3n del&hellip;\n","protected":false},"author":2,"featured_media":235294,"comment_status":"","ping_status":"","sticky":false,"template":"","format":"standard","meta":{"footnotes":""},"categories":[5],"tags":[17,18,61148,61149,25,24,61150,13,14,11,19,20,9,10,15,16,61151,23,61152,12,61153,21,22],"class_list":["post-235293","post","type-post","status-publish","format-standard","has-post-thumbnail","category-titulares","tag-breaking-news","tag-breakingnews","tag-campoo","tag-cantur","tag-es","tag-espana","tag-estacion-de-esqui-de-alto-campoo","tag-featured-news","tag-featurednews","tag-headlines","tag-latest-news","tag-latestnews","tag-news","tag-noticias","tag-noticias-destacadas","tag-noticiasdestacadas","tag-renovacion-de-abonos","tag-spain","tag-temporada-2025-26","tag-titulares","tag-turismo-de-cantabria","tag-ultimas-noticias","tag-ultimasnoticias"],"share_on_mastodon":{"url":"https:\/\/pubeurope.com\/@es\/115547355405619258","error":""},"_links":{"self":[{"href":"https:\/\/www.europesays.com\/es\/wp-json\/wp\/v2\/posts\/235293","targetHints":{"allow":["GET"]}}],"collection":[{"href":"https:\/\/www.europesays.com\/es\/wp-json\/wp\/v2\/posts"}],"about":[{"href":"https:\/\/www.europesays.com\/es\/wp-json\/wp\/v2\/types\/post"}],"author":[{"embeddable":true,"href":"https:\/\/www.europesays.com\/es\/wp-json\/wp\/v2\/users\/2"}],"replies":[{"embeddable":true,"href":"https:\/\/www.europesays.com\/es\/wp-json\/wp\/v2\/comments?post=235293"}],"version-history":[{"count":0,"href":"https:\/\/www.europesays.com\/es\/wp-json\/wp\/v2\/posts\/235293\/revisions"}],"wp:featuredmedia":[{"embeddable":true,"href":"https:\/\/www.europesays.com\/es\/wp-json\/wp\/v2\/media\/235294"}],"wp:attachment":[{"href":"https:\/\/www.europesays.com\/es\/wp-json\/wp\/v2\/media?parent=235293"}],"wp:term":[{"taxonomy":"category","embeddable":true,"href":"https:\/\/www.europesays.com\/es\/wp-json\/wp\/v2\/categories?post=235293"},{"taxonomy":"post_tag","embeddable":true,"href":"https:\/\/www.europesays.com\/es\/wp-json\/wp\/v2\/tags?post=235293"}],"curies":[{"name":"wp","href":"https:\/\/api.w.org\/{rel}","templated":true}]}}