{"id":235314,"date":"2025-11-14T09:48:13","date_gmt":"2025-11-14T09:48:13","guid":{"rendered":"https:\/\/www.europesays.com\/es\/235314\/"},"modified":"2025-11-14T09:48:13","modified_gmt":"2025-11-14T09:48:13","slug":"una-cuenta-fan-de-rosalia-recoge-las-palabras-de-sanchez-sobre-su-nuevo-disco-con-una-foto-del-presidente-imposible-de-imaginar","status":"publish","type":"post","link":"https:\/\/www.europesays.com\/es\/235314\/","title":{"rendered":"Una cuenta fan de Rosal\u00eda recoge las palabras de S\u00e1nchez sobre su nuevo disco con una foto del presidente imposible de imaginar"},"content":{"rendered":"<p>Es la indiscutible reina del panorama musical actual. <a href=\"https:\/\/www.huffingtonpost.es\/life\/cultura\/rosalia-desarma-precioso-lux-predica-esperanza-mistica-frente-pop-fugaz.html\" rel=\"nofollow noopener\" target=\"_blank\"><b>La cantante catalana Rosal\u00eda public\u00f3 el pasado 7 de octubre Lux<\/b><\/a>, su cuarto disco, y pas\u00f3 a estar en todas las conversaciones y a convertirse en lo m\u00e1s escuchado en las diferentes plataformas. Durante estos d\u00edas, <a href=\"https:\/\/www.huffingtonpost.es\/virales\/hasta-pedro-sanchez-rinde-fenomeno-nuevo-disco-rosalia-da-lugar-dudas.html\" rel=\"nofollow noopener\" target=\"_blank\">todo gira alrededor de su figura col\u00e1ndose hasta en la pol\u00edtica.\u00a0<\/a><\/p>\n<p>Este jueves, el presidente del Gobierno, <a href=\"https:\/\/www.huffingtonpost.es\/virales\/pedro-sanchez-escucha-nuevo-rosalia-dice-primera-vez-esto-disco.html\" rel=\"nofollow noopener\" target=\"_blank\">Pedro S\u00e1nchez, ha visitado Radio 3<\/a> y ha sido entrevistado por diferente rostros de la radio musical. Luciendo una chaqueta oto\u00f1al propia de un festival indie de estas fechas, <b>el jefe del Ejecutivo ha hablado de lo que le ha parecido el \u00e1lbum de la catalana.<\/b><\/p>\n<p><b>\u00abPues me ha parecido una maravilla.<\/b> Algunas veces hab\u00e9is comentado en los programas que os he escuchado, que ahora, en los discos, no escuchas todas las canciones, escuchas una, dos o tres, lo que te d\u00e9 tiempo. En este tengo que deciros que lo he escuchado del tir\u00f3n\u00bb, ha contado el presidente del Gobierno.<\/p>\n<p>Estas declaraciones <b><a href=\"https:\/\/x.com\/updaterosalia\/status\/1989040011422150767\" rel=\"nofollow\" target=\"_blank\">han sido compartidas por la cuenta fan de\u00a0@updaterosalia<\/a><\/b>, que tiene m\u00e1s de 10.000 seguidores en la red social de X, y ha a\u00f1adido dos im\u00e1genes: una de Rosal\u00eda este lunes en La Revuelta y una segunda de S\u00e1nchez, que es la que ha llamado mucho la atenci\u00f3n.<\/p>\n<p>En concreto, ha colgado un pantallazo de la<b> aparici\u00f3n que tuvo en 1997 durante el programa Moros y Cristianos<\/b>, que presentado Xavier Sard\u00e0. En esa intervenci\u00f3n, <a href=\"https:\/\/www.facebook.com\/watch\/?v=924140515333460\" rel=\"nofollow noopener\" target=\"_blank\">S\u00e1nchez acud\u00eda como un estudiante de Ciencias Pol\u00edticas.<\/a><\/p>\n<p>El tuit de S\u00e1nchez sobre Rosal\u00eda<\/p>\n<p>Las palabras que dedic\u00f3 este jueves en Radio 3 no han sido las \u00fanicas en las que S\u00e1nchez se ha referido a Rosal\u00eda y la ha elogiado por su nuevo disco. El pasado domingo, tan solo dos d\u00edas despu\u00e9s del lanzamiento, <b>el presidente ya quiso dedicarle un tuit en el que ya destacaba su trabajo.<\/b><\/p>\n<p>\u00a1Enhorabuena, Rosal\u00eda, por ese deslumbrante lanzamiento de LUX! <b>Has colocado a Espa\u00f1a en la cima de la m\u00fasica mundial<\/b>, con el debut m\u00e1s exitoso de una artista hispanohablante femenina en Spotify, llegando a ser ayer la tercera artista m\u00e1s escuchada de toda la plataforma\u00bb, escribi\u00f3 el presidente del Gobierno en su cuenta de X.\u00a0<\/p>\n","protected":false},"excerpt":{"rendered":"Es la indiscutible reina del panorama musical actual. La cantante catalana Rosal\u00eda public\u00f3 el pasado 7 de octubre&hellip;\n","protected":false},"author":2,"featured_media":235315,"comment_status":"","ping_status":"","sticky":false,"template":"","format":"standard","meta":{"footnotes":""},"categories":[91],"tags":[146,147,25,24,2959,4147,23,6052],"class_list":{"0":"post-235314","1":"post","2":"type-post","3":"status-publish","4":"format-standard","5":"has-post-thumbnail","7":"category-entretenimiento","8":"tag-entertainment","9":"tag-entretenimiento","10":"tag-es","11":"tag-espana","12":"tag-pedro-sanchez","13":"tag-rosalia","14":"tag-spain","15":"tag-twitter"},"share_on_mastodon":{"url":"https:\/\/pubeurope.com\/@es\/115547426345289391","error":""},"_links":{"self":[{"href":"https:\/\/www.europesays.com\/es\/wp-json\/wp\/v2\/posts\/235314","targetHints":{"allow":["GET"]}}],"collection":[{"href":"https:\/\/www.europesays.com\/es\/wp-json\/wp\/v2\/posts"}],"about":[{"href":"https:\/\/www.europesays.com\/es\/wp-json\/wp\/v2\/types\/post"}],"author":[{"embeddable":true,"href":"https:\/\/www.europesays.com\/es\/wp-json\/wp\/v2\/users\/2"}],"replies":[{"embeddable":true,"href":"https:\/\/www.europesays.com\/es\/wp-json\/wp\/v2\/comments?post=235314"}],"version-history":[{"count":0,"href":"https:\/\/www.europesays.com\/es\/wp-json\/wp\/v2\/posts\/235314\/revisions"}],"wp:featuredmedia":[{"embeddable":true,"href":"https:\/\/www.europesays.com\/es\/wp-json\/wp\/v2\/media\/235315"}],"wp:attachment":[{"href":"https:\/\/www.europesays.com\/es\/wp-json\/wp\/v2\/media?parent=235314"}],"wp:term":[{"taxonomy":"category","embeddable":true,"href":"https:\/\/www.europesays.com\/es\/wp-json\/wp\/v2\/categories?post=235314"},{"taxonomy":"post_tag","embeddable":true,"href":"https:\/\/www.europesays.com\/es\/wp-json\/wp\/v2\/tags?post=235314"}],"curies":[{"name":"wp","href":"https:\/\/api.w.org\/{rel}","templated":true}]}}