{"id":235321,"date":"2025-11-14T09:59:09","date_gmt":"2025-11-14T09:59:09","guid":{"rendered":"https:\/\/www.europesays.com\/es\/235321\/"},"modified":"2025-11-14T09:59:09","modified_gmt":"2025-11-14T09:59:09","slug":"un-legendario-entrenador-lanza-la-comparacion-definitiva-entre-alcaraz-y-sinner-a-nivel-mental","status":"publish","type":"post","link":"https:\/\/www.europesays.com\/es\/235321\/","title":{"rendered":"Un legendario entrenador lanza la comparaci\u00f3n definitiva entre Alcaraz y Sinner: \u00abA nivel mental&#8230;\u00bb"},"content":{"rendered":"<p class=\"L6-news-detail__text\"><b>Carlos Alcaraz y Jannik Sinner <\/b>van camino de jugarse otro gran torneo en la final. Son las <b>ATP Finals<\/b>. Ambos est\u00e1n en semifinales. Y el legendario entrenador <b>Patrick Mouratoglou<\/b> ha lanzado la comparaci\u00f3n definitiva entre los dos tenistas: el saque, el rev\u00e9s y la derecha, las dejadas y la fortaleza mental.<\/p>\n<p class=\"L6-news-detail__text\">As\u00ed lo apunta en declaraciones que recoge &#8216;Eurosport&#8217;. En el saque y en el rev\u00e9s se queda con el italiano, que acaba de perder el n\u00famero 1: <b>\u00abGracias a su altura, abre la pista de maravilla.<\/b> Saca r\u00e1pido, tiene un segundo saque incre\u00edble y puede colocar la bola en cualquier sitio\u00bb.<\/p>\n<p class=\"L6-news-detail__text\"><b>\u00abIncre\u00edblemente consistente<\/b>. Domina el pase largo a la l\u00ednea de fondo de forma asombrosa y tambi\u00e9n encuentra el cruzado corto con una precisi\u00f3n asombrosa\u00bb, explica sobre Sinner.<\/p>\n<p class=\"L6-news-detail__text\">En la red y en las dejadas, elige a Carlitos: \u00abSube mucho m\u00e1s a la red que Jannik, y es muy eficaz all\u00ed&#8230; y en las dejadas probablemente sea el mejor del mundo con mucha diferencia\u00bb.<\/p>\n<p class=\"L6-news-detail__text\">A nivel de fortaleza mental, Mouratoglou no es capaz de quedarse con ninguno. Elige a los dos. As\u00ed lo explica: <b>\u00abJannik por la incre\u00edble calidad de su concentraci\u00f3n. Y Carlos por la pasi\u00f3n que tiene\u00bb.<\/b><\/p>\n<p class=\"L6-news-detail__text\">Jannik y Carlos, la nueva rivalidad del tenis, se podr\u00eda ver las caras antes de que acabe el a\u00f1o. Ya sabe que el tenista espa\u00f1ol ser\u00e1 el que <b><a title=\"acabe como n\u00famero 1 del mundo,\" href=\"https:\/\/www.lasexta.com\/noticias\/deportes\/tenis\/carlos-alcaraz-sera-numero-1-ranking-atp-final-temporada_2025111369164b96360d0840bcda7f2d.html\" target=\"_blank\" rel=\"nofollow noopener\">acabe como n\u00famero 1 del mundo,<\/a><\/b> pero un duelo a \u00faltima ser\u00eda una delicia para el mundo del tenis.<\/p>\n<p class=\"L6-support-news-video__title\">Cada socio, una acci\u00f3n<\/p>\n<p>            <a href=\"https:\/\/www.lasexta.com\/noticias\/deportes\/futbol\/nuevo-modelo-que-quiere-plantear-florentino-perez-real-madrid_202511116913575585bb3560c189d180.html\" class=\"L6-news__link\" rel=\"nofollow noopener\" target=\"_blank\"><br \/>\n                El nuevo modelo que quiere plantear Florentino P\u00e9rez en el Real Madrid<\/p>\n<p class=\"recirculation-video-desc\">El presidente del conjunto blanco ha convocado una asamblea extraordinaria para plantear un cambio de modelo que verse en repartir el total del patrimonio del club entre los socios.<\/p>\n<p>            <\/a><\/p>\n","protected":false},"excerpt":{"rendered":"Carlos Alcaraz y Jannik Sinner van camino de jugarse otro gran torneo en la final. Son las ATP&hellip;\n","protected":false},"author":2,"featured_media":136206,"comment_status":"","ping_status":"","sticky":false,"template":"","format":"standard","meta":{"footnotes":""},"categories":[274],"tags":[168,25,24,23,167,327,326],"class_list":{"0":"post-235321","1":"post","2":"type-post","3":"status-publish","4":"format-standard","5":"has-post-thumbnail","7":"category-tenis","8":"tag-deportes","9":"tag-es","10":"tag-espana","11":"tag-spain","12":"tag-sports","13":"tag-tenis","14":"tag-tennis"},"share_on_mastodon":{"url":"https:\/\/pubeurope.com\/@es\/115547469673581524","error":""},"_links":{"self":[{"href":"https:\/\/www.europesays.com\/es\/wp-json\/wp\/v2\/posts\/235321","targetHints":{"allow":["GET"]}}],"collection":[{"href":"https:\/\/www.europesays.com\/es\/wp-json\/wp\/v2\/posts"}],"about":[{"href":"https:\/\/www.europesays.com\/es\/wp-json\/wp\/v2\/types\/post"}],"author":[{"embeddable":true,"href":"https:\/\/www.europesays.com\/es\/wp-json\/wp\/v2\/users\/2"}],"replies":[{"embeddable":true,"href":"https:\/\/www.europesays.com\/es\/wp-json\/wp\/v2\/comments?post=235321"}],"version-history":[{"count":0,"href":"https:\/\/www.europesays.com\/es\/wp-json\/wp\/v2\/posts\/235321\/revisions"}],"wp:featuredmedia":[{"embeddable":true,"href":"https:\/\/www.europesays.com\/es\/wp-json\/wp\/v2\/media\/136206"}],"wp:attachment":[{"href":"https:\/\/www.europesays.com\/es\/wp-json\/wp\/v2\/media?parent=235321"}],"wp:term":[{"taxonomy":"category","embeddable":true,"href":"https:\/\/www.europesays.com\/es\/wp-json\/wp\/v2\/categories?post=235321"},{"taxonomy":"post_tag","embeddable":true,"href":"https:\/\/www.europesays.com\/es\/wp-json\/wp\/v2\/tags?post=235321"}],"curies":[{"name":"wp","href":"https:\/\/api.w.org\/{rel}","templated":true}]}}