{"id":235328,"date":"2025-11-14T10:04:13","date_gmt":"2025-11-14T10:04:13","guid":{"rendered":"https:\/\/www.europesays.com\/es\/235328\/"},"modified":"2025-11-14T10:04:13","modified_gmt":"2025-11-14T10:04:13","slug":"fanatico-se-abalanzo-sobre-ariana-grande-en-el-estreno-de-wicked-en-singapur-asi-la-defendio-cynthia-erivo","status":"publish","type":"post","link":"https:\/\/www.europesays.com\/es\/235328\/","title":{"rendered":"fan\u00e1tico se abalanz\u00f3 sobre Ariana Grande en el estreno de &#8216;Wicked&#8217; en Singapur; as\u00ed la defendi\u00f3 Cynthia Erivo"},"content":{"rendered":"<p>Video: fan\u00e1tico se abalanz\u00f3 sobre Ariana Grande en el estreno de &#8216;Wicked&#8217; en Singapur; as\u00ed la defendi\u00f3 Cynthia Erivo<\/p>\n<p class=\"c-alerta__item\">\n<p>          \u00a1Hola !, Tu correo ha sido verficado. Ahora puedes elegir los <a href=\"https:\/\/www.eltiempo.com\/zona-usuario\/boletines\" rel=\"nofollow noopener\" target=\"_blank\">Boletines<\/a> que quieras recibir con la mejor informaci\u00f3n.<\/p>\n<p>        Cerrar<\/p>\n<p class=\"c-alerta__item\">\n<p>        Bienvenido , has creado tu cuenta en EL TIEMPO. Conoce y personaliza tu <a href=\"https:\/\/www.eltiempo.com\/zona-usuario\/configurar-mis-datos\" rel=\"nofollow noopener\" target=\"_blank\">perfil<\/a>.<\/p>\n<p>      Cerrar<\/p>\n<p class=\"c-alerta__item\">\n<p>          Hola Clementine el correo baxulaft@gmai.com no ha sido verificado. <a href=\"https:\/\/www.eltiempo.com\/cultura\/gente\/javascript:void(0)\" id=\"user_verify_email\" rel=\"nofollow noopener\" target=\"_blank\">Verificar Correo<\/a><\/p>\n<p>        Cerrar<\/p>\n<p>            Cerrar<\/p>\n<p>            <img decoding=\"async\" src=\"https:\/\/www.eltiempo.com\/images\/icon\/alerta-verificacion.svg\" alt=\"icon_alerta_verificacion\"\/><\/p>\n<p>\n                El correo electr\u00f3nico de verificaci\u00f3n se enviar\u00e1 a\n            <\/p>\n<p class=\"c-alerta--modal__email\">\n                clementine@ejemplo.com\n            <\/p>\n<p>\n                Revisa tu bandeja de entrada y si no, en tu carpeta de correo no deseado.\n            <\/p>\n<p>        <a href=\"https:\/\/www.eltiempo.com\/cultura\/gente\/javascript:void(0)\" class=\"c-alerta--modal__btnbox c-alerta--modal__btnbox--primary\" id=\"user_send_email\" rel=\"nofollow noopener\" target=\"_blank\"><br \/>\n            SI, ENVIAR<br \/>\n        <\/a><\/p>\n<p class=\"c-alerta__item\">\n<p>            Ya tienes una cuenta vinculada a EL TIEMPO, por favor inicia sesi\u00f3n con ella y no te pierdas de todos los beneficios que tenemos para t\u00ed. <a href=\"https:\/\/www.eltiempo.com\/login\" rel=\"nofollow noopener\" target=\"_blank\"> Iniciar sesi\u00f3n <\/a><\/p>\n<p>        Cerrar<\/p>\n<p data-id=\"open_chat\">Chat<br \/>\n            <br \/>noti IA\n        <\/p>\n<p>            \u00a1Hazme tu primera pregunta y descubre todo lo que El Tiempo ofrece!<\/p>\n<p>\n    Informaci\u00f3n juicio \u00c1lvaro Uribe\n<\/p>\n<p>\n    Destinos para viajar en Colombia\n<\/p>\n<p>\n    Informaci\u00f3n de las Elecciones Colombia 2026\n<\/p>\n<p>\n    Informaci\u00f3n del Mundial de futbol 2026\n<\/p>\n<p class=\"message_out\">\u00bfQui\u00e9n es James Rodriguez?<\/p>\n<p class=\"message_in\">James Rodr\u00edguez, es un futbolista colombiano que juega como centrocampista en el S\u00e3o Paulo Futebol Clube de la Serie A de Brasil.<\/p>\n<p class=\"title\"> Te recomiendo estos art\u00edculos para ampliar tu b\u00fasqueda.<\/p>\n<p>\n                        Cargar m\u00e1s resultados\n                    <\/p>\n<p>                        \u00a1Hola! Parece que has alcanzado tu l\u00edmite diario de 3 b\u00fasquedas en nuestro chat bot como usuario registrado.<\/p>\n<p>\u00bfQuieres seguir disfrutando de este y otros beneficios exclusivos?\n                        <\/p>\n<p>Adquiere el plan de suscripci\u00f3n que se adapte a tus preferencias y accede a \u00a1contenido ilimitado! No te<br \/>\n                        pierdas la oportunidad de disfrutar todas las funcionalidades que ofrecemos. \ud83c\udf1f\n                    <\/p>\n<p>                    <a href=\"https:\/\/www.eltiempo.com\/suscripcion-digital\" class=\"chat__terminos_button\" rel=\"nofollow noopener\" target=\"_blank\"><br \/>\n                        VER PLANES<br \/>\n                    <\/a><\/p>\n<p>\n                        \u00a1Hola! Haz excedido el m\u00e1ximo de peticiones mensuales.\n                    <\/p>\n<p>                        Estamos resolviendo el problema, int\u00e9ntalo nuevamente m\u00e1s tarde.<\/p>\n<p>\n                        Procesando tu pregunta&#8230; \u00a1Un momento, por favor!\n                    <\/p>\n<p class=\"c-articulo-apertura__media__credito\">As\u00ed fue el momento. Foto: Redes sociales.<\/p>\n<p>Ariana Grande fue sorprendida por un intruso durante el estreno en Singapur de &#8216;Wicked: For Good&#8217; el jueves 13 de noviembre. El hombre corri\u00f3 hacia la artista, <b>la tom\u00f3 por los hombros y fue separado por Cynthia Erivo <\/b>y miembros del equipo de seguridad. El incidente ocurri\u00f3 en Universal Studios Singapur.<\/p>\n<p class=\"c-leatambien__titulo\"> LEA TAMBI\u00c9N <\/p>\n<p><img decoding=\"async\" alt=\"Zoe Salda\u00f1a respondi\u00f3 a las preguntas despu\u00e9s de la premiaci\u00f3n.\" width=\"120\" height=\"120\" loading=\"lazy\" src=\"https:\/\/imagenes2.eltiempo.com\/files\/image_120_120\/uploads\/2025\/03\/03\/67c6160cc87b9.png\" data-full-src=\"https:\/\/www.europesays.com\/es\/wp-content\/uploads\/2025\/11\/67c6160cc87b9.png\"\/>El incidente en la alfombra amarilla<\/p>\n<p>En videos grabados desde distintos \u00e1ngulos se observa a Grande caminando por la alfombra de baldosas amarillas junto a Michelle Yeoh, Cynthia Erivo y Jeff Goldblum.\u00a0<\/p>\n<p>En ese momento, un hombre con camisa blanca y pantalones cortos se aproxim\u00f3 r\u00e1pidamente, gir\u00f3 y la sujet\u00f3.<\/p>\n<p class=\"c-cuerpo__media__txt\">Pel\u00edcula Wicked, que revela los or\u00edgenes de la Malvada Bruja del Oeste, personaje de El mago de Oz Foto:Universal Pictures<\/p>\n<p>El intruso, con cabello largo y negro con mechas azules, rode\u00f3 con su brazo a la cantante. Erivo intervino de inmediato, se interpuso entre ambos y le grit\u00f3 al hombre antes de que el personal de seguridad lo retirara.<b> Grande qued\u00f3 visiblemente afectada y fue consolada por Erivo y Yeoh.<\/b><\/p>\n<p class=\"c-leatambien__titulo\"> LEA TAMBI\u00c9N <\/p>\n<p><img decoding=\"async\" alt=\"awxd\" width=\"120\" height=\"120\" loading=\"lazy\" src=\"https:\/\/imagenes2.eltiempo.com\/files\/image_120_120\/uploads\/2024\/05\/16\/664670ec5b059.png\" data-full-src=\"https:\/\/www.europesays.com\/es\/wp-content\/uploads\/2025\/11\/664670ec5b059.png\"\/>Identificaci\u00f3n del intruso<\/p>\n<p>Fans presentes identificaron al individuo como Johnson Wen, conocido en internet como \u201cPyjama Man\u201d. Wen public\u00f3 su propio video del momento en Instagram y a\u00f1adi\u00f3 un mensaje dirigido a la artista.<\/p>\n<p>Grande ha mencionado en entrevistas anteriores su experiencia con el trastorno de estr\u00e9s postraum\u00e1tico tras el atentado en su concierto en Manchester en 2017, donde murieron 22 personas.\u00a0<\/p>\n<p class=\"c-leatambien__titulo\"> LEA TAMBI\u00c9N <\/p>\n<p><img decoding=\"async\" alt=\"asdfghjkl\u00f1lkjhgf\" width=\"120\" height=\"120\" loading=\"lazy\" src=\"https:\/\/imagenes2.eltiempo.com\/files\/image_120_120\/uploads\/2024\/07\/24\/66a13a74505c1.png\" data-full-src=\"https:\/\/www.europesays.com\/es\/wp-content\/uploads\/2025\/11\/66a13a74505c1.png\"\/><\/p>\n<p>En declaraciones a &#8216;British Vogue&#8217; en<b> 2018 afirm\u00f3 que contin\u00faa siendo un tema dif\u00edcil de abordar por la magnitud del da\u00f1o causado. <\/b>En esa misma conversaci\u00f3n habl\u00f3 sobre sus episodios de ansiedad, que se intensificaron tras volver de su gira de 2017.<\/p>\n<p>\u00abSiento que ni siquiera deber\u00eda hablar de mi propia experiencia, como si no debiera decir nada. No creo que jam\u00e1s aprenda a hablar de esto sin llorar\u201d, dijo.\u00a0<\/p>\n<p>M\u00e1s noticias en EL TIEMPO<\/p>\n<p>*Este contenido fue escrito con la asistencia de una inteligencia artificial, basado en informaci\u00f3n de conocimiento p\u00fablico divulgado a medios de comunicaci\u00f3n. Adem\u00e1s, conto\u0301 con la revisi\u00f3n de la periodista y un editor.<\/p>\n<p class=\"c-cuerpo__infointernacional\"> Sigue toda la informaci\u00f3n de Cultura en <a href=\"https:\/\/www.facebook.com\/eltiempo\" target=\"_blank\" rel=\"nofollow noopener\">Facebook<\/a> y <a href=\"https:\/\/twitter.com\/eltiempo\" target=\"_blank\" rel=\"nofollow noopener\">X<\/a>, o en nuestra <a href=\"https:\/\/www.eltiempo.com\/zona-usuario\/boletines\" target=\"_blank\" rel=\"nofollow noopener\">newsletter semanal<\/a>. <\/p>\n<p>    <img decoding=\"async\" loading=\"lazy\" alt=\"Alt thumbnail\" width=\"120\" height=\"120\" src=\"https:\/\/imagenes2.eltiempo.com\/files\/image_120_120\/uploads\/2025\/05\/08\/681d5bf2dda81.png\" data-full-src=\"https:\/\/www.europesays.com\/es\/wp-content\/uploads\/2025\/09\/681d5bf2dda81.png\"\/><\/p>\n<p class=\"c-sugerencia__detalle__txt\">Reg\u00edstrate en nuestros boletines y recibe noticias en tu correo seg\u00fan tus intereses. Mantente informado con lo que realmente te importa.<\/p>\n<p><img decoding=\"async\" loading=\"lazy\" alt=\"Alt thumbnail\" width=\"120\" height=\"120\" src=\"https:\/\/imagenes2.eltiempo.com\/files\/image_120_120\/uploads\/2025\/05\/08\/681d5e242be0f.jpeg\" data-full-src=\"https:\/\/www.europesays.com\/es\/wp-content\/uploads\/2025\/09\/681d5e242be0f.jpeg\"\/><\/p>\n<p class=\"c-sugerencia__detalle__txt\">S\u00edguenos en GOOGLE NEWS. Mantente siempre actualizado con las \u00faltimas noticias coberturas historias y an\u00e1lisis directamente en Google News.<\/p>\n<p><img decoding=\"async\" loading=\"lazy\" alt=\"Alt thumbnail\" width=\"120\" height=\"120\" src=\"https:\/\/imagenes2.eltiempo.com\/files\/image_120_120\/uploads\/2025\/05\/08\/681d5e80b7a57.jpeg\" data-full-src=\"https:\/\/www.europesays.com\/es\/wp-content\/uploads\/2025\/09\/681d5e80b7a57.jpeg\"\/><\/p>\n<p class=\"c-sugerencia__detalle__txt\">\u00danete al canal de El Tiempo en WhatsApp para estar al d\u00eda con las noticias m\u00e1s relevantes al momento.<\/p>\n<p><img decoding=\"async\" loading=\"lazy\" alt=\"Alt thumbnail\" width=\"120\" height=\"120\" src=\"https:\/\/imagenes2.eltiempo.com\/files\/image_120_120\/uploads\/2025\/05\/08\/681d5ebb1340c.jpeg\" data-full-src=\"https:\/\/www.europesays.com\/es\/wp-content\/uploads\/2025\/09\/681d5ebb1340c.jpeg\"\/><\/p>\n<p class=\"c-sugerencia__detalle__txt\">Mantente informado con la app de EL TIEMPO. Recibe las \u00faltimas noticias coberturas historias y an\u00e1lisis directamente en tu dispositivo.<\/p>\n<p><img decoding=\"async\" loading=\"lazy\" alt=\"Alt thumbnail\" width=\"120\" height=\"120\" src=\"https:\/\/imagenes2.eltiempo.com\/files\/image_120_120\/uploads\/2025\/05\/08\/681d5edab947b.png\" data-full-src=\"https:\/\/www.europesays.com\/es\/wp-content\/uploads\/2025\/09\/681d5edab947b.png\"\/><\/p>\n<p class=\"c-sugerencia__detalle__txt\">Informaci\u00f3n confiable para ti. Suscr\u00edbete a EL TIEMPO y consulta de forma ilimitada nuestros contenidos period\u00edsticos.<\/p>\n<p>                Cerrar<\/p>\n<p>                <img decoding=\"async\" src=\"\" alt=\"\"\/><\/p>\n<p>            <img loading=\"lazy\" decoding=\"async\" class=\"img-tracking\" src=\"https:\/\/www.europesays.com\/es\/wp-content\/uploads\/2025\/11\/article-3508668.gif\" width=\"1\" height=\"1\" alt=\"Imagen de seguimiento\"\/><\/p>\n<p><script async src=\"https:\/\/platform.twitter.com\/widgets.js\" charset=\"utf-8\"><\/script><\/p>\n","protected":false},"excerpt":{"rendered":"Video: fan\u00e1tico se abalanz\u00f3 sobre Ariana Grande en el estreno de &#8216;Wicked&#8217; en Singapur; as\u00ed la defendi\u00f3 Cynthia&hellip;\n","protected":false},"author":2,"featured_media":235329,"comment_status":"","ping_status":"","sticky":false,"template":"","format":"standard","meta":{"footnotes":""},"categories":[174],"tags":[30465,255,60961,146,147,25,24,256,1748,23,2338],"class_list":{"0":"post-235328","1":"post","2":"type-post","3":"status-publish","4":"format-standard","5":"has-post-thumbnail","7":"category-famosos","8":"tag-ariana-grande","9":"tag-celebrities","10":"tag-cynthia-erivo","11":"tag-entertainment","12":"tag-entretenimiento","13":"tag-es","14":"tag-espana","15":"tag-famosos","16":"tag-singapur","17":"tag-spain","18":"tag-video"},"share_on_mastodon":{"url":"https:\/\/pubeurope.com\/@es\/115547489683258678","error":""},"_links":{"self":[{"href":"https:\/\/www.europesays.com\/es\/wp-json\/wp\/v2\/posts\/235328","targetHints":{"allow":["GET"]}}],"collection":[{"href":"https:\/\/www.europesays.com\/es\/wp-json\/wp\/v2\/posts"}],"about":[{"href":"https:\/\/www.europesays.com\/es\/wp-json\/wp\/v2\/types\/post"}],"author":[{"embeddable":true,"href":"https:\/\/www.europesays.com\/es\/wp-json\/wp\/v2\/users\/2"}],"replies":[{"embeddable":true,"href":"https:\/\/www.europesays.com\/es\/wp-json\/wp\/v2\/comments?post=235328"}],"version-history":[{"count":0,"href":"https:\/\/www.europesays.com\/es\/wp-json\/wp\/v2\/posts\/235328\/revisions"}],"wp:featuredmedia":[{"embeddable":true,"href":"https:\/\/www.europesays.com\/es\/wp-json\/wp\/v2\/media\/235329"}],"wp:attachment":[{"href":"https:\/\/www.europesays.com\/es\/wp-json\/wp\/v2\/media?parent=235328"}],"wp:term":[{"taxonomy":"category","embeddable":true,"href":"https:\/\/www.europesays.com\/es\/wp-json\/wp\/v2\/categories?post=235328"},{"taxonomy":"post_tag","embeddable":true,"href":"https:\/\/www.europesays.com\/es\/wp-json\/wp\/v2\/tags?post=235328"}],"curies":[{"name":"wp","href":"https:\/\/api.w.org\/{rel}","templated":true}]}}