{"id":235353,"date":"2025-11-14T10:27:15","date_gmt":"2025-11-14T10:27:15","guid":{"rendered":"https:\/\/www.europesays.com\/es\/235353\/"},"modified":"2025-11-14T10:27:15","modified_gmt":"2025-11-14T10:27:15","slug":"carlos-iii-cumple-77-anos-tras-superar-a-su-rival-adolescente-y-liberarse-del-lastre-de-sus-ultimos-anos","status":"publish","type":"post","link":"https:\/\/www.europesays.com\/es\/235353\/","title":{"rendered":"Carlos III cumple 77 a\u00f1os tras superar a su rival adolescente y liberarse del lastre de sus \u00faltimos a\u00f1os"},"content":{"rendered":"<p id=\"evI3KRXodo\" data-wc=\"203\">Carlos III celebra este 14 de noviembre s<strong>u 77\u00ba cumplea\u00f1os tras m\u00e1s de tres a\u00f1os en el trono<\/strong>. El eterno pr\u00edncipe de Gales asumi\u00f3 la Corona en un Reino Unido marcado por las secuelas del Brexit, la inestabilidad pol\u00edtica y las tensiones territoriales, mientras la Commonwealth replantea sus v\u00ednculos con la monarqu\u00eda. A todo ello se sum\u00f3 la obligaci\u00f3n de ejercer como jefe de su propia casa y la noticia de su enfermedad, un desaf\u00edo que no le ha impedido demostrar que no es un rey de transici\u00f3n, sino un monarca decidido a dejar huella en la historia. Este cumplea\u00f1os llega adem\u00e1s con un matiz muy concreto: es el primero en el que Carlos III se siente liberado de una vieja carga.<a class=\"hm-link ho-link\" href=\"https:\/\/www.hola.com\/realeza\/casa_inglesa\/20251030864760\/carlos-iii-comunicado-retira-titulos-andres\/\" data-mrf-recirculation=\"article-body-link\" rel=\"nofollow noopener\" target=\"_blank\">\u00a0El pr\u00edncipe Andr\u00e9s -ahora Andr\u00e9s Mountbatten-Windsor- no fue solo un problema de los \u00faltimos a\u00f1os<\/a>, sino la espina que arrastraban desde los inicios, cuando compet\u00edan y no en igualdad de condiciones, por la atenci\u00f3n p\u00fablica y la aprobaci\u00f3n de sus padres, Isabel II y el duque de Edimburgo. <strong>Si\u00a0<\/strong><strong>el 2023 fue el a\u00f1o de su Coronaci\u00f3n y el 2024 el de su lucha contra el c\u00e1ncer, este 2025 ha sido para Carlos III el a\u00f1o de reafirmar su autoridad familiar.\u00a0<\/strong><\/p>\n<p> <img src=\"https:\/\/www.europesays.com\/es\/wp-content\/uploads\/2025\/11\/d72fc9abffb6-gettyimages-2245824002.jpg\"   width=\"682\" height=\"1024\" loading=\"lazy\" decoding=\"async\" alt=\"El rey Carlos III en los actos por el D\u00eda Nacional del Recuerdo en Londres este 9 de noviembre de 2025\" fetchpriority=\"auto\" class=\"image ho-image\"\/>\u00a9 Getty ImagesEl rey Carlos III en los actos por el D\u00eda Nacional del Recuerdo en Londres este 9 de noviembre de 2025<\/p>\n<p id=\"e8QEbd61A5\" data-wc=\"95\">Los recientes acontecimientos en torno a Andr\u00e9s -la retirada de sus t\u00edtulos y la orden de abandonar Royal Lodge- han puesto de manifiesto que las decisiones que Isabel II evit\u00f3 tomar en 2019 terminaron convirti\u00e9ndose en un problema heredado por Carlos III. Entonces, cuando la vinculaci\u00f3n de su hijo favorito con Jeffrey Epstein ya estaba da\u00f1ando la imagen de la monarqu\u00eda, la reina opt\u00f3 por la prudencia y no dio el paso definitivo. <strong>Esa falta de resoluci\u00f3n dej\u00f3 abierta una herida que, a\u00f1os despu\u00e9s, el nuevo soberano se ha visto obligado a cerrar con firmeza.<\/strong><\/p>\n<p> <img src=\"https:\/\/www.europesays.com\/es\/wp-content\/uploads\/2025\/11\/148ae3afa9a0-dlu481412080.jpg\"   width=\"1024\" height=\"791\" loading=\"lazy\" decoding=\"async\" alt=\"La Familia Real brit\u00e1nica, en los jardines de Balmoral en septiembre de 1960\" fetchpriority=\"auto\" class=\"image ho-image\"\/>\u00a9 Getty ImagesLa Familia Real brit\u00e1nica, en los jardines de Balmoral en septiembre de 1960<\/p>\n<p> <img src=\"https:\/\/www.europesays.com\/es\/wp-content\/uploads\/2025\/11\/935637b2f2e3-gettyimages-1190027958.jpg\"   width=\"1024\" height=\"676\" loading=\"lazy\" decoding=\"async\" alt=\"El pr\u00edncipe Andres, el rey Carlos III y la reina Isabel II en el Trooping the Colour de 2019\" fetchpriority=\"auto\" class=\"image ho-image\"\/>\u00a9 Getty ImagesEl pr\u00edncipe Andres, el rey Carlos III y la reina Isabel II en el Trooping the Colour de 2019<\/p>\n<p id=\"epwmvT1bCJx\" data-wc=\"135\">La publicaci\u00f3n de correos electr\u00f3nicos entre Andr\u00e9s y Epstein, el magnate y delincuente sexual fallecido en prisi\u00f3n en 2019, fue la gota que colm\u00f3 el vaso y precipit\u00f3 la decisi\u00f3n. Carlos III, consciente de que su autoridad se resent\u00eda cada vez que ped\u00eda a su hermano que aceptara una residencia m\u00e1s modesta y este se negaba, decidi\u00f3 dar un golpe de efecto completo: retirarle el t\u00edtulo de pr\u00edncipe, el tratamiento de Alteza Real y forzar su salida de Royal Lodge. Con ello, <strong>el monarca no solo recupera el control sobre su propia casa, sino que env\u00eda un mensaje claro de que su reinado no tolera privilegios que comprometan la credibilidad de la instituci\u00f3n.\u00a0<\/strong>Pero la cosa no termina aqu\u00ed, ya que, de alguna forma, el rey ha cerrado un episodio que arrastraba desde hace tiempo.\u00a0<\/p>\n<p> <img src=\"https:\/\/www.europesays.com\/es\/wp-content\/uploads\/2025\/11\/80df398bbcad-gettyimages-1388720577.jpg\"   width=\"1080\" height=\"1800\" loading=\"lazy\" decoding=\"async\" alt=\"En marzo de 2022, Isabel II mostr\u00f3 el apoyo a su hijo llegando a solas con \u00e9l a la Abad\u00eda de Westminster a una celebraci\u00f3n de la m\u00e1xima relevancia\" fetchpriority=\"auto\" class=\"image ho-image\"\/>\u00a9 Getty ImagesEn marzo de 2022, Isabel II reafirm\u00f3 su apoyo al pr\u00edncipe Andr\u00e9s, al que ya hab\u00eda despojado de funciones oficiales tres a\u00f1os antes, con esta llegada en un acto p\u00fablico e internacional en memoria al duque de Edimburgo <\/p>\n<p id=\"eP6PF6XVUX\" data-wc=\"157\">Carlos y Andr\u00e9s se llevan 12 a\u00f1os de diferencia, as\u00ed que nada hac\u00eda presagiar que la suya iba a ser una relaci\u00f3n de rivalidad, pero as\u00ed result\u00f3. Mientras <strong>el heredero al trono cargaba con el peso de las expectativas y era cuestionado por su car\u00e1cter reservado y su dificultad para conectar con la opini\u00f3n p\u00fablica, Andr\u00e9s brillaba en su carrera militar<\/strong> y se ganaba titulares como h\u00e9roe de guerra o pieza imprescindible para el buen funcionamiento de las empresas brit\u00e1nicas en el exterior. Esa diferencia de proyecci\u00f3n aliment\u00f3 la comparaci\u00f3n constante: el pr\u00edncipe de Gales aparec\u00eda como serio, distante y a la espera, mientras su hermano menor encarnaba dinamismo, popularidad y utilidad. Esa espina, la de verse eclipsado por su hermano peque\u00f1o, todav\u00eda se clav\u00f3 m\u00e1s en las costillas del antiguo pr\u00edncipe de Gales cuando apareci\u00f3 la princesa Diana para poner en evidencia que la historia se repet\u00eda: t<strong>odos estaban dispuestos a hacerle sombra al futuro rey.<\/strong><\/p>\n<p> <img src=\"https:\/\/www.europesays.com\/es\/wp-content\/uploads\/2025\/11\/dda00410dd3e-gettyimages-2235867949.jpg\"   width=\"1024\" height=\"925\" loading=\"lazy\" decoding=\"async\" alt=\"Carlos III junto al pr\u00edncipe Andr\u00e9s\" fetchpriority=\"auto\" class=\"image ho-image\"\/>\u00a9 Getty Images<\/p>\n<p> <img src=\"https:\/\/www.europesays.com\/es\/wp-content\/uploads\/2025\/11\/42fe4dab8b58-gettyimages-2235867864.jpg\"   width=\"1024\" height=\"787\" loading=\"lazy\" decoding=\"async\" alt=\"Dos im\u00e1genes de la que podr\u00eda ser la \u00faltima aparici\u00f3n de Andr\u00e9s con la Familia Real brit\u00e1nica, sucedi\u00f3 el 16 de septiembre en el funeral de la duquesa de Kent, d\u00edas antes de que se filtraran los correos electr\u00f3nicos que obligaron a  l rey Carlos III a dar a su hermano una estocada final\" fetchpriority=\"auto\" class=\"image ho-image\"\/>\u00a9 Getty ImagesDos im\u00e1genes de la que podr\u00eda ser la \u00faltima aparici\u00f3n de Andr\u00e9s con la Familia Real brit\u00e1nica, sucedi\u00f3 el 16 de septiembre en el funeral de la duquesa de Kent, d\u00edas antes de que se filtraran los correos electr\u00f3nicos que obligaron a l rey Carlos III a dar a su hermano una estocada final<\/p>\n<p id=\"e11bt-3dEX\" data-wc=\"102\">La autoridad sobre su familia, inseparable de la jerarqu\u00eda real, era precisamente el asunto que se le hab\u00eda resistido hasta ahora a Carlos III en una casa donde tambi\u00e9n sus hijos, los pr\u00edncipes Guillermo y Harry, hab\u00edan comenzado a tomar sus propias decisiones. Durante d\u00e9cadas, el eterno heredero convivi\u00f3 con la sombra de un hermano protegido por su madre y blindado frente a las cr\u00edticas, lo que debilitaba su capacidad de imponer disciplina. Hoy, sin embargo, <strong>el panorama ha cambiado: la retirada de t\u00edtulos y honores a Andr\u00e9s y su expulsi\u00f3n de Royal Lodge han marcado un golpe de autoridad sin precedentes.<\/strong><\/p>\n<p> <img src=\"https:\/\/www.europesays.com\/es\/wp-content\/uploads\/2025\/11\/57e41feb168f-gettyimages-2234322456.jpg\"   width=\"682\" height=\"1024\" loading=\"lazy\" decoding=\"async\" alt=\"&#10;\" fetchpriority=\"auto\" class=\"image ho-image\"\/>\u00a9 Getty ImagesEl pr\u00edncipe Harry realiz\u00f3 en septiembre un viaje a Londres  en el que se reuni\u00f3 con su padre y no levant\u00f3 ninguna pol\u00e9mica<\/p>\n<p id=\"e0pyhvwWwV\" data-wc=\"126\">Con el pr\u00edncipe Harry, en cambio, el panorama es m\u00e1s misterioso, aunque sus casos tampoco se pueden comparar, por mucho que durante un tiempo a la instituci\u00f3n le interes\u00f3 meterlo en el mismo saco que al antiguo pr\u00edncipe Andr\u00e9s. Quiz\u00e1 sea pronto para analizar las decisiones tomadas por Carlos III con respecto a Harry en este \u00faltimo a\u00f1o, sin embargo, pero los movimientos apunan a una tregua t\u00e1cita: <strong>tras a\u00f1os de enfrentamientos p\u00fablicos, el duque de Sussex no ha protagonizado nuevos gestos de ruptura y se mantiene en un silencio que, m\u00e1s que reconciliaci\u00f3n, supone un reconocimiento impl\u00edcito de la autoridad paterna.<\/strong> Dos caminos distintos \u2014la sanci\u00f3n dr\u00e1stica y la disciplina silenciosa\u2014 que reflejan c\u00f3mo Carlos III ha logrado imponer su mando en la familia Windsor.\u00a0<\/p>\n","protected":false},"excerpt":{"rendered":"Carlos III celebra este 14 de noviembre su 77\u00ba cumplea\u00f1os tras m\u00e1s de tres a\u00f1os en el trono.&hellip;\n","protected":false},"author":2,"featured_media":235354,"comment_status":"","ping_status":"","sticky":false,"template":"","format":"standard","meta":{"footnotes":""},"categories":[174],"tags":[255,146,147,25,24,256,52087,1027,1029,22286,23],"class_list":{"0":"post-235353","1":"post","2":"type-post","3":"status-publish","4":"format-standard","5":"has-post-thumbnail","7":"category-famosos","8":"tag-celebrities","9":"tag-entertainment","10":"tag-entretenimiento","11":"tag-es","12":"tag-espana","13":"tag-famosos","14":"tag-principe-andres","15":"tag-realeza","16":"tag-realeza-espanola","17":"tag-rey-carlos-iii","18":"tag-spain"},"share_on_mastodon":{"url":"https:\/\/pubeurope.com\/@es\/115547580053780517","error":""},"_links":{"self":[{"href":"https:\/\/www.europesays.com\/es\/wp-json\/wp\/v2\/posts\/235353","targetHints":{"allow":["GET"]}}],"collection":[{"href":"https:\/\/www.europesays.com\/es\/wp-json\/wp\/v2\/posts"}],"about":[{"href":"https:\/\/www.europesays.com\/es\/wp-json\/wp\/v2\/types\/post"}],"author":[{"embeddable":true,"href":"https:\/\/www.europesays.com\/es\/wp-json\/wp\/v2\/users\/2"}],"replies":[{"embeddable":true,"href":"https:\/\/www.europesays.com\/es\/wp-json\/wp\/v2\/comments?post=235353"}],"version-history":[{"count":0,"href":"https:\/\/www.europesays.com\/es\/wp-json\/wp\/v2\/posts\/235353\/revisions"}],"wp:featuredmedia":[{"embeddable":true,"href":"https:\/\/www.europesays.com\/es\/wp-json\/wp\/v2\/media\/235354"}],"wp:attachment":[{"href":"https:\/\/www.europesays.com\/es\/wp-json\/wp\/v2\/media?parent=235353"}],"wp:term":[{"taxonomy":"category","embeddable":true,"href":"https:\/\/www.europesays.com\/es\/wp-json\/wp\/v2\/categories?post=235353"},{"taxonomy":"post_tag","embeddable":true,"href":"https:\/\/www.europesays.com\/es\/wp-json\/wp\/v2\/tags?post=235353"}],"curies":[{"name":"wp","href":"https:\/\/api.w.org\/{rel}","templated":true}]}}