{"id":235361,"date":"2025-11-14T10:32:10","date_gmt":"2025-11-14T10:32:10","guid":{"rendered":"https:\/\/www.europesays.com\/es\/235361\/"},"modified":"2025-11-14T10:32:10","modified_gmt":"2025-11-14T10:32:10","slug":"peliculas-y-series-de-estreno-en-netflix-hbo-max-prime-video-y-disney-en-el-fin-de-semana-14-de-noviembre","status":"publish","type":"post","link":"https:\/\/www.europesays.com\/es\/235361\/","title":{"rendered":"Pel\u00edculas y series de estreno en Netflix, HBO Max, Prime Video y Disney+ en el fin de semana (14 de noviembre)"},"content":{"rendered":"<p class=\"c-paragraph\">Tras una intensa jornada de atareado trabajo aterrizamos en el fin de semana, momento para desconectar un poco y, entre otras cosas, entretenernos con las novedades que se nos ofrecen en\u00a0<a href=\"https:\/\/www.hobbyconsolas.com\/reportajes\/netflix-espana-planes-precio-compartir-cuenta-catalogo-1150345\" title=\"Netflix Espa\u00f1a: planes, precio, compartir cuenta, cat\u00e1logo y m\u00e1s\" rel=\"nofollow noopener\" target=\"_blank\">Netflix<\/a>,\u00a0<a href=\"https:\/\/www.hobbyconsolas.com\/reportajes\/hbo-max-espana-planes-precio-compartir-cuenta-catalogo-1160429\" title=\"HBO Max Espa\u00f1a: planes, precio, compartir cuenta, cat\u00e1logo y m\u00e1s\" rel=\"nofollow noopener\" target=\"_blank\">HBO Max<\/a>,\u00a0<a href=\"https:\/\/www.hobbyconsolas.com\/reportajes\/amazon-prime-video-espana-como-funciona-precio-catalogo-1157805\" title=\"Amazon Prime Video Espa\u00f1a: c\u00f3mo funciona, precio, qu\u00e9 incluye, cat\u00e1logo y m\u00e1s\" rel=\"nofollow noopener\" target=\"_blank\">Prime Video<\/a>\u00a0y\u00a0<a href=\"https:\/\/www.hobbyconsolas.com\/reportajes\/disney-plus-espana-planes-precio-compartir-cuenta-catalogo-1163416\" title=\"Disney+ Espa\u00f1a: planes, precio, compartir cuenta, cat\u00e1logo y m\u00e1s\" rel=\"nofollow noopener\" target=\"_blank\">Disney+<\/a>.<\/p>\n<p class=\"c-paragraph\">Con algunas plataformas destacando m\u00e1s que otras, esta semana encontramos varias <b>series<\/b> y <b>pel\u00edculas<\/b> de inter\u00e9s con las que estar entretenidos estos d\u00edas.<\/p>\n<p class=\"c-paragraph\">Como de costumbre, en Hobby Cine te facilitamos el plan casero recopilando las <b>mejores pel\u00edculas y series de estreno en Netflix, HBO Max, Prime Video y Disney+ para ver en el fin de semana del 14 de noviembre de 2025<\/b>.<\/p>\n<p>Un nuevo thriller espa\u00f1ol aterriza en Netflix<\/p>\n<p class=\"c-paragraph\">Arrancamos los <b>estrenos de Netflix<\/b> con <a href=\"https:\/\/www.hobbyconsolas.com\/hobbycine\/netflix-lanza-primer-adelanto-cuco-cristal-una-nueva-serie-intriga-basada-novela-javier-castillo_6884255_0.html\" title=\"Netflix lanza el primer adelanto de El cuco de cristal, una nueva serie de intriga basada en la novela de Javier Castillo\" rel=\"nofollow noopener\" target=\"_blank\">El cuco de cristal<\/a>, una serie de intriga espa\u00f1ola basada en la novela de Javier Castillo que protagonizan Catalina Sopelana, \u00c1lex Garc\u00eda, Itziar Itu\u00f1o, Iv\u00e1n Massagu\u00e9, Tom\u00e1s del Estal y Alfons Nieto.<\/p>\n<p class=\"c-paragraph\">Su trama sigue la historia de Clara Merlo, una m\u00e9dico residente de primer a\u00f1o que\u00a0<b>sufre un infarto fulminante que la obliga a un trasplante de coraz\u00f3n<\/b>. Tras salvar su vida, le entra la curiosidad por conocer qui\u00e9n fue su donante, lo que hace que se enfrasque en una exhaustiva investigaci\u00f3n que le lleva a un peque\u00f1o pueblo de lo m\u00e1s enigm\u00e1tico.<\/p>\n<p class=\"c-paragraph\">Sin embargo, cuando llega al lugar, <b>Clara descubre que el coraz\u00f3n que ahora lleva pertenece a un joven involucrado en una tragedia que a\u00fan no ha sido resuelta<\/b>, lo que marcar\u00e1 el inicio de una serie de acontecimientos que pondr\u00e1n al descubierto un pasado que muchos cre\u00edan sepultado para siempre. Esta es <a href=\"https:\/\/www.hobbyconsolas.com\/hobbycine\/critica-cuco-cristal-adaptacion-novela-javier-castillo-para-netflix_6897000_0.html\" title=\"Cr\u00edtica de El cuco de cristal, la adaptaci\u00f3n de la novela de Javier Castillo para Netflix\" rel=\"nofollow noopener\" target=\"_blank\">nuestra cr\u00edtica de El cuco de cristal<\/a>.<\/p>\n<p class=\"c-paragraph\">Otra de las\u00a0<a href=\"https:\/\/www.hobbyconsolas.com\/listas\/7-series-te-haran-reflexionar-tener-conversaciones-interesantes-amistades-1397487\" title=\"7 series que te har\u00e1n reflexionar y tener conversaciones interesantes con tus amistades\" rel=\"nofollow noopener\" target=\"_blank\">series<\/a>\u00a0a destacar en la plataforma\u00a0es El \u00faltimo samur\u00e1i en pie, un drama de acci\u00f3n basado en el manga de Shogo Imamura que cuenta con Junichi Okada al frente del reparto.<\/p>\n<p class=\"c-paragraph\">\u00ab<b>Samur\u00e1is altamente cualificados se re\u00fanen para participar en una peligrosa batalla real<\/b>. Les atrae la oferta de 100.000 millones de yenes para el gran premio. Cada uno de los participantes recibe una etiqueta de madera\u00bb, explica su sinopsis.<\/p>\n<p>Estrenos variados en HBO Max<\/p>\n<p class=\"c-paragraph\">Dentro de las <b>novedades de HBO Max<\/b> encontramos La marquesa de Merteuil, una serie hist\u00f3rica dirigida por Jessica Palud que protagonizan No\u00e9e Abita, Diane Kruger, Anamaria Vartolomei, Vincent Lacoste y Lucas Bravo, entre otros.<\/p>\n<p class=\"c-paragraph\">Su trama gira en torno a Isabelle de Merteuil, una mujer que pierde su honor y rango tras ser humillada por Valmont. Es por ello que, <b>llena de ira, se embarca en un vertiginoso ascenso desde el submundo libertino hasta la corte de Luis XV<\/b>, desafiando toda moralidad y poder.<\/p>\n<p class=\"c-paragraph\">En el terreno de las\u00a0<a href=\"https:\/\/www.hobbyconsolas.com\/listas\/grandes-peliculas-casi-dirige-ridley-scott-pero-terminaron-manos-otros-directores-1397812\" title=\"8 grandes pel\u00edculas que casi dirige Ridley Scott, pero terminaron en manos de otros directores\" rel=\"nofollow noopener\" target=\"_blank\">pel\u00edculas<\/a>\u00a0tenemos para este fin de semana <a href=\"https:\/\/www.hobbyconsolas.com\/hobbycine\/antes-christopher-nolan-interstellar-iba-ser-dirigida-por-steven-spielberg-habria-sido-muy-diferente_6883559_0.html\" title=\"Antes de Christopher Nolan, Interstellar iba a ser dirigida por Steven Spielberg, y habr\u00eda sido muy diferente\" rel=\"nofollow noopener\" target=\"_blank\">Interstellar<\/a>, una de las cintas m\u00e1s aclamadas de Christopher Nolan que cuenta con un elenco de lujo liderado por Matthew McConaughey y Anne Hathaway.<\/p>\n<p class=\"c-paragraph\">La trama de la cinta nos lleva a un futuro no muy lejano, donde un grupo de exploradores espaciales hacen uso de un agujero de gusano con la intenci\u00f3n de\u00a0<b>localizar un nuevo planeta habitable para la humanidad antes de que la vida en el planeta Tierra llegue a su fin<\/b>. Te dejamos aqu\u00ed <a href=\"https:\/\/www.hobbyconsolas.com\/reviews\/critica-interstellar-nueva-pelicula-ciencia-ficcion-nolan-90084\" title=\"Cr\u00edtica de Interstellar, la nueva pel\u00edcula de ciencia-ficci\u00f3n de Nolan\" rel=\"nofollow noopener\" target=\"_blank\">nuestra cr\u00edtica de Interstellar<\/a>.<\/p>\n<p>Lo nuevo de Batman llega a Prime Video<\/p>\n<p class=\"c-paragraph\">Llegamos a las <b>novedades de Prime Video<\/b> con Bat-Fam, una nueva serie de animaci\u00f3n que sirve de secuela de la pel\u00edcula Merry Little Batman.<\/p>\n<p class=\"c-paragraph\">\u00ab<b>Damian y Bruce Wayne, junto con su familia de inadaptados, se enfrentan a los retos de la vida cotidiana mientras protegen las calles de Gotham<\/b>\u00ab, comparte su sinopsis oficial.<\/p>\n<p class=\"c-paragraph\">Tambi\u00e9n tenemos en la plataforma Malicia, un interesante thriller dirigido por Mike Barker y Leonora Lonsdale que cuenta en su reparto con, entre otros, Jack Whitehall, David Duchovny, Carice van Houten, Christine Adams y Raza Jaffrey.<\/p>\n<p class=\"c-paragraph\">Su trama gira en torno a Adam, un carism\u00e1tico tutor que enseguida se gana la confianza de la adinerada familia Tanner mientras est\u00e1n de vacaciones en Grecia.<\/p>\n<p class=\"c-paragraph\">Sin embargo, cuando la ni\u00f1era de la familia cae gravemente enferma, <b>Adam maniobra para instalarse en su casa de Londres, y su verdadera naturaleza vengativa pronto empieza a salir a la luz<\/b>.<\/p>\n<p class=\"c-paragraph\">En cuanto a las pel\u00edculas, destacamos para este fin de semana en Prime Video Bel\u00e9n, un drama juicial basado en hechos reales que dirige y protagoniza Dolores Fonzi.<\/p>\n<p class=\"c-paragraph\">La cinta aborda la historia real que tuvo lugar en Tuculm\u00e1n, Argentina, en 2014, cuando una joven ingresa en un hospital con un severo dolor abdominal sin ser consciente que est\u00e1 embarazada.<\/p>\n<p class=\"c-paragraph\">Cuando despierta, la muchacha descubre que se encuentra esposada a la camilla y rodeada de polic\u00edas, siendo acusada de haberse provocado un aborto. <b>Tras dos a\u00f1os en prisi\u00f3n preventiva, es sentenciada a ocho a\u00f1os de prisi\u00f3n por homicidio agravado por el v\u00ednculo<\/b>.<\/p>\n<p class=\"c-paragraph\">Una abogada tucumana luchar\u00e1 por su libertad junto al apoyo de miles de mujeres y organizaciones, quienes se unir\u00e1n para cambiar el curso de la historia.<\/p>\n<p>Llega a Disney+ la secuela de una de sus comedias m\u00e1s m\u00edticas<\/p>\n<p class=\"c-paragraph\">Esta semana encontramos en los <b>estrenos de Disney+<\/b> Ponte en mi lugar de nuevo, secuela de la m\u00edtica comedia de 2003 que, a su vez, es un remake de la cinta de 1976 Viernes loco.<\/p>\n<p class=\"c-paragraph\">De nuevo con Jamie Lee Curtis y Lindsay Lohan, la pel\u00edcula transcurre a\u00f1os despu\u00e9s de la alocada crisis de identidad que sufrieron Tess y Anna cuando intercambiaron sus cuerpos a consecuencia de un hechizo.<\/p>\n<p class=\"c-paragraph\">Sin embargo, la pesadilla regresa a ellas cuando descubren que el hechizo puede golpear dos veces. <b>Pero en esta ocasi\u00f3n no se vuelven a intercambiar sus cuerpos, sino que ser\u00e1 la hija adolescente de Anna y su futura hijastra quienes acaben ocupando el lugar de Tess y Anna, y viceversa<\/b>.<\/p>\n<p class=\"c-paragraph\">Aqu\u00ed terminamos nuestro repaso a <b>las mejores pel\u00edculas y series de estreno en Netflix, HBO Max, Prime Video y Disney+ para ver en el fin de semana del 14 de noviembre de 2025<\/b>. \u00bfCon cu\u00e1les de estas novedades disfrutar\u00e1s en estos d\u00edas de descanso?<\/p>\n","protected":false},"excerpt":{"rendered":"Tras una intensa jornada de atareado trabajo aterrizamos en el fin de semana, momento para desconectar un poco&hellip;\n","protected":false},"author":2,"featured_media":235362,"comment_status":"","ping_status":"","sticky":false,"template":"","format":"standard","meta":{"footnotes":""},"categories":[169],"tags":[177,146,147,25,24,1055,176,11943,175,152,753,805,23],"class_list":{"0":"post-235361","1":"post","2":"type-post","3":"status-publish","4":"format-standard","5":"has-post-thumbnail","7":"category-cine","8":"tag-cine","9":"tag-entertainment","10":"tag-entretenimiento","11":"tag-es","12":"tag-espana","13":"tag-estreno","14":"tag-film","15":"tag-hbo","16":"tag-movies","17":"tag-netflix","18":"tag-peliculas","19":"tag-series","20":"tag-spain"},"share_on_mastodon":{"url":"https:\/\/pubeurope.com\/@es\/115547599398158385","error":""},"_links":{"self":[{"href":"https:\/\/www.europesays.com\/es\/wp-json\/wp\/v2\/posts\/235361","targetHints":{"allow":["GET"]}}],"collection":[{"href":"https:\/\/www.europesays.com\/es\/wp-json\/wp\/v2\/posts"}],"about":[{"href":"https:\/\/www.europesays.com\/es\/wp-json\/wp\/v2\/types\/post"}],"author":[{"embeddable":true,"href":"https:\/\/www.europesays.com\/es\/wp-json\/wp\/v2\/users\/2"}],"replies":[{"embeddable":true,"href":"https:\/\/www.europesays.com\/es\/wp-json\/wp\/v2\/comments?post=235361"}],"version-history":[{"count":0,"href":"https:\/\/www.europesays.com\/es\/wp-json\/wp\/v2\/posts\/235361\/revisions"}],"wp:featuredmedia":[{"embeddable":true,"href":"https:\/\/www.europesays.com\/es\/wp-json\/wp\/v2\/media\/235362"}],"wp:attachment":[{"href":"https:\/\/www.europesays.com\/es\/wp-json\/wp\/v2\/media?parent=235361"}],"wp:term":[{"taxonomy":"category","embeddable":true,"href":"https:\/\/www.europesays.com\/es\/wp-json\/wp\/v2\/categories?post=235361"},{"taxonomy":"post_tag","embeddable":true,"href":"https:\/\/www.europesays.com\/es\/wp-json\/wp\/v2\/tags?post=235361"}],"curies":[{"name":"wp","href":"https:\/\/api.w.org\/{rel}","templated":true}]}}