{"id":235363,"date":"2025-11-14T10:33:11","date_gmt":"2025-11-14T10:33:11","guid":{"rendered":"https:\/\/www.europesays.com\/es\/235363\/"},"modified":"2025-11-14T10:33:11","modified_gmt":"2025-11-14T10:33:11","slug":"asi-son-los-delanteros-a-los-que-sigue-el-fc-barcelona","status":"publish","type":"post","link":"https:\/\/www.europesays.com\/es\/235363\/","title":{"rendered":"As\u00ed son los delanteros a los que sigue el FC Barcelona"},"content":{"rendered":"<p class=\"ft-text\">El <strong>FC<\/strong> <strong>Barcelona <\/strong>lleva meses trabajando en un posible sustituto para <strong>Robert Lewandowski<\/strong>. A pesar de que no se ha tomado todav\u00eda una decisi\u00f3n con el polaco, el delantero finaliza su vinculaci\u00f3n contractual como blaugrana el <strong>30 de junio<\/strong>, momento en el que estar\u00e1 a punto de cumplir <strong>38 a\u00f1os<\/strong>. Esta situaci\u00f3n, sumada a que su ficha es una de las m\u00e1s elevadas del vestuario, <a class=\"ft-link ft-link--decoration\" href=\"https:\/\/www.sport.es\/es\/noticias\/barca\/barca-busca-9-123669817\" rel=\"nofollow noopener\" target=\"_blank\">empujan al club culer a separar los caminos con su &#8216;9&#8217;<\/a>.<\/p>\n<p class=\"ft-text\">Ahora bien, <strong>para el ex del Bayern de M\u00fanich la prioridad es clara: renovar con el Bar\u00e7a<\/strong>. Las lesiones musculares le han mermado en este arranque de temporada, pero sigue dejando detalles de aut\u00e9ntico &#8216;killer&#8217;, como el hat trick que anot\u00f3 frente al Celta. Son ya siete los goles que ha anotado en este curso en las nueve apariciones en que se ha vestido de blaugrana.<\/p>\n<p class=\"ft-text\">Por otra parte, tambi\u00e9n est\u00e1 <strong>Ferran Torres<\/strong>, quien demostr\u00f3 el curso pasado <strong>de manera sobresaliente que puede actuar como relevo de Lewandowski<\/strong> en la punta del ataque. Eso s\u00ed, si el polaco se despide de la capital catalana, el Bar\u00e7a deber\u00e1 acudir al mercado para fichar a otro delantero.<\/p>\n<p class=\"ft-text\">A continuaci\u00f3n, repasamos las estad\u00edsticas de los cuatro delanteros que tiene el FC Barcelona monitorizados:<\/p>\n<p>Juli\u00e1n \u00c1lvarez<img decoding=\"async\" src=\"https:\/\/www.europesays.com\/es\/wp-content\/uploads\/2025\/11\/7aa9fc15-e3e8-4cb7-825f-c60018f1a868_alta-libre-aspect-ratio_default_0.jpg\" width=\"1200\" height=\"675\" alt=\"Juli\u00e1n \u00c1lvarez, autor del primer tanto contra el Union SG\" class=\"ft-helper-img-rd\" loading=\"lazy\"\/><\/p>\n<p class=\"ft-helper-fontColor-quaternary ft-helper-fontSize-body-S ft-helper-spacer-t-xxs\">Juli\u00e1n \u00c1lvarez, autor del primer tanto contra el Union SG  \/ EFE<\/p>\n<p class=\"ft-text\"><strong>La prioridad n\u00famero uno del FC Barcelona para reforzar su delantera: por rendimiento, edad, proyecci\u00f3n, conocimiento de LaLiga&#8230; <\/strong>Pero no por precio de traspaso. El Atl\u00e9tico de Madrid no lo pondr\u00e1 nada f\u00e1cil en una hipot\u00e9tica negociaci\u00f3n, a pesar de que el sue\u00f1o del argentino desde peque\u00f1o es jugar en el Bar\u00e7a. La venta del 55% del accionariado del club colchonero al fondo estadounidense\u00a0Apollo Sports Capital dificultan la operaci\u00f3n: el dinero ya no ser\u00e1 un problema para los rojiblancos.<\/p>\n<p class=\"ft-text\"><strong>Equipo<\/strong>: Atl\u00e9tico de Madrid<\/p>\n<p class=\"ft-text\"><strong>Edad<\/strong>: 25 a\u00f1os<\/p>\n<p class=\"ft-text\"><strong>Altura<\/strong>: 1,70 metros<\/p>\n<p class=\"ft-text\"><strong>Contrato<\/strong>: 30\/06\/2030<\/p>\n<p class=\"ft-text\"><strong>Valor de mercado<\/strong>: 100 millones de euros<\/p>\n<p class=\"ft-text\"><strong>2024\/25<\/strong>: Partidos (57) \/ Goles (29) \/ Asistencias (8)<\/p>\n<p class=\"ft-text\"><strong>2025\/26<\/strong>: Partidos (15) \/ Goles (9) \/ Asistencias (4)<\/p>\n<p>Harry Kane<img decoding=\"async\" src=\"https:\/\/www.europesays.com\/es\/wp-content\/uploads\/2025\/11\/d360da82-cce3-43ee-9e50-9c87968142b9_alta-libre-aspect-ratio_default_0.jpg\" width=\"1200\" height=\"675\" alt=\"Harry Kane ya es cuarto en la clasificaci\u00f3n de la Bota de Oro 2025\/26 y se prepara para asaltar la primera posici\u00f3n\" class=\"ft-helper-img-rd\" loading=\"lazy\"\/><\/p>\n<p class=\"ft-helper-fontColor-quaternary ft-helper-fontSize-body-S ft-helper-spacer-t-xxs\">Harry Kane ya es cuarto en la clasificaci\u00f3n de la Bota de Oro 2025\/26 y se prepara para asaltar la primera posici\u00f3n  \/ Associated Press\/LaPresse<\/p>\n<p class=\"ft-text\"><strong>Es el perfil que m\u00e1s se asemeja a Robert Lewandowski<\/strong>: largo recorrido internacional, se le caen los goles del bolsillo, de gran embergadura y podr\u00eda adaptarse sin dificultades al esquema de Hansi Flick. Eso s\u00ed, como un perfil veterano como el suyo no rejuvenecer\u00eda a la plantilla como se est\u00e1 haciendo en los \u00faltimos mercados de fichajes. De los cuatro candidatos es el que finaliza su contrato con mayor celeridad, por lo que el Bayern deber\u00e1 decidir en los pr\u00f3ximos meses<strong> si le renueva o le vende en verano para evitar una salida en 2027<\/strong> como agente libre.<\/p>\n<p class=\"ft-text\"><strong>Equipo<\/strong>: Bayern de M\u00fanich<\/p>\n<p class=\"ft-text\"><strong>Edad<\/strong>: 32 a\u00f1os<\/p>\n<p class=\"ft-text\"><strong>Altura<\/strong>: 1,88 metros<\/p>\n<p class=\"ft-text\"><strong>Contrato<\/strong>: 30\/06\/2027<\/p>\n<p class=\"ft-text\"><strong>Valor de mercado<\/strong>: 75 millones de euros<\/p>\n<p class=\"ft-text\"><strong>2024\/25<\/strong>: Partidos (51) \/ Goles (41) \/ Asistencias (14)<\/p>\n<p class=\"ft-text\"><strong>2025\/26<\/strong>: Partidos (17) \/ Goles (23) \/ Asistencias (3)<\/p>\n<p>Etta Eyong<img decoding=\"async\" src=\"https:\/\/www.europesays.com\/es\/wp-content\/uploads\/2025\/11\/ce6a9bd6-50c9-4334-ab2d-1e952ec41d2c_alta-libre-aspect-ratio_default_0.jpg\" width=\"1200\" height=\"675\" alt=\"Etta Eyong suma cinco goles y una asistencia en nueve partidos con el Levante UD\" class=\"ft-helper-img-rd\" loading=\"lazy\"\/><\/p>\n<p class=\"ft-helper-fontColor-quaternary ft-helper-fontSize-body-S ft-helper-spacer-t-xxs\">Etta Eyong suma cinco goles y una asistencia en nueve partidos con el Levante UD  \/ LEVANTE UD<\/p>\n<p class=\"ft-text\">Es la opci\u00f3n &#8216;low cost&#8217; que contempla la direcci\u00f3n deportiva que, de hecho, ya trat\u00f3 su fichaje sobre la bocina en agosto, pero no acab\u00f3 pujando del todo. El Villarreal apost\u00f3 por la opci\u00f3n del Levante a cambio de 3 millones de euros, aunque incluy\u00f3 varias cl\u00e1usulas en su contrato que indican un nuevo traspaso este verano. Si el futbolista se vende por una cantidad de entre 3 a 7,5 millones de euros, el Villarreal se quedar\u00e1 con el 80% de la plusval\u00eda mientras que el Levante acceder\u00e1 a solo el 20%.\u00a0<strong>Si la venta es de 7,5 millones a 15 millones, la revalorizaci\u00f3n se reparte a partes iguales, mientras que si el traspaso es superior a 15 millones, el Levante se quedar\u00e1 con el 80% del incremento del precio. <\/strong>Pero hay m\u00e1s. Si el Levante rechaza una oferta de 15 millones o superior, el club granota est\u00e1 obligado a pagarle la plusval\u00eda que hubiese generado esa venta aunque el Levante retenga al futbolista.\u00a0<\/p>\n<p class=\"ft-text\"><strong>Equipo<\/strong>: Levante<\/p>\n<p class=\"ft-text\"><strong>Edad<\/strong>: 22 a\u00f1os<\/p>\n<p class=\"ft-text\"><strong>Altura<\/strong>: 1,81 metros<\/p>\n<p class=\"ft-text\"><strong>Contrato<\/strong>: 30\/06\/2029<\/p>\n<p class=\"ft-text\"><strong>Valor de mercado<\/strong>: 20 millones de euros<\/p>\n<p class=\"ft-text\"><strong>2024\/25<\/strong>: Partidos (35) \/ Goles (20) \/ Asistencias (6)<\/p>\n<p class=\"ft-text\"><strong>2025\/26<\/strong>: Partidos (12) \/ Goles (6) \/ Asistencias (3)<\/p>\n<p>Serhou Guirassy<img decoding=\"async\" src=\"https:\/\/www.europesays.com\/es\/wp-content\/uploads\/2025\/11\/64db4317-e11b-4151-a3cb-580349aabd68_alta-libre-aspect-ratio_default_0.jpg\" width=\"1200\" height=\"800\" alt=\"Serhou Guirassy, del Borussia Dortmund, celebra su gol en el partido de la Bundesliga ante el Augsburgo\" class=\"ft-helper-img-rd\" loading=\"lazy\"\/><\/p>\n<p class=\"ft-helper-fontColor-quaternary ft-helper-fontSize-body-S ft-helper-spacer-t-xxs\">Serhou Guirassy, del Borussia Dortmund, celebra su gol en el partido de la Bundesliga ante el Augsburgo  \/ ANNA SZILAGYI \/ EFE<\/p>\n<p class=\"ft-text\">Quiz\u00e1s, el nombre que ha sonado con menos fuerza de esta escueta lista de delanteros que monitoriza el Bar\u00e7a. Sin embargo, desde Alemania deslizan que es un perfil que interesa mucho a la direcci\u00f3n deportiva, sobre todo, despu\u00e9s de ver su rendimiento en la Champions League el curso pasado: fue el <strong>m\u00e1ximo goleador con 13 tantos<\/strong> -empatado con Raphinha- y anot\u00f3 un <strong>hat trick contra los blaugranas en la vuelta de los cuartos<\/strong> de final de la m\u00e1xima competici\u00f3n europea de clubes.<\/p>\n<p class=\"ft-text\"><strong>Equipo<\/strong>: Borussia Dortmund<\/p>\n<p class=\"ft-text\"><strong>Edad<\/strong>: 29 a\u00f1os<\/p>\n<p class=\"ft-text\"><strong>Altura<\/strong>: 1,87 metros<\/p>\n<p class=\"ft-text\"><strong>Contrato<\/strong>: 30\/06\/2028<\/p>\n<p class=\"ft-text\"><strong>Valor de mercado<\/strong>: 45 millones de euros<\/p>\n<p class=\"ft-text\"><strong>2024\/25<\/strong>: Partidos (50) \/ Goles (38) \/ Asistencias (9)<\/p>\n<p class=\"ft-text\"><strong>2025\/26<\/strong>: Partidos (15) \/ Goles (7) \/ Asistencias (4)<\/p>\n","protected":false},"excerpt":{"rendered":"El FC Barcelona lleva meses trabajando en un posible sustituto para Robert Lewandowski. A pesar de que no&hellip;\n","protected":false},"author":2,"featured_media":235364,"comment_status":"","ping_status":"","sticky":false,"template":"","format":"standard","meta":{"footnotes":""},"categories":[93],"tags":[2296,4848,168,25,24,18136,22784,41971,1262,2877,23,167],"class_list":{"0":"post-235363","1":"post","2":"type-post","3":"status-publish","4":"format-standard","5":"has-post-thumbnail","7":"category-deportes","8":"tag-barca","9":"tag-delanteros","10":"tag-deportes","11":"tag-es","12":"tag-espana","13":"tag-harry-kane","14":"tag-julian-alvarez","15":"tag-serhou-guirassy","16":"tag-sigue","17":"tag-son","18":"tag-spain","19":"tag-sports"},"share_on_mastodon":{"url":"https:\/\/pubeurope.com\/@es\/115547604069008517","error":""},"_links":{"self":[{"href":"https:\/\/www.europesays.com\/es\/wp-json\/wp\/v2\/posts\/235363","targetHints":{"allow":["GET"]}}],"collection":[{"href":"https:\/\/www.europesays.com\/es\/wp-json\/wp\/v2\/posts"}],"about":[{"href":"https:\/\/www.europesays.com\/es\/wp-json\/wp\/v2\/types\/post"}],"author":[{"embeddable":true,"href":"https:\/\/www.europesays.com\/es\/wp-json\/wp\/v2\/users\/2"}],"replies":[{"embeddable":true,"href":"https:\/\/www.europesays.com\/es\/wp-json\/wp\/v2\/comments?post=235363"}],"version-history":[{"count":0,"href":"https:\/\/www.europesays.com\/es\/wp-json\/wp\/v2\/posts\/235363\/revisions"}],"wp:featuredmedia":[{"embeddable":true,"href":"https:\/\/www.europesays.com\/es\/wp-json\/wp\/v2\/media\/235364"}],"wp:attachment":[{"href":"https:\/\/www.europesays.com\/es\/wp-json\/wp\/v2\/media?parent=235363"}],"wp:term":[{"taxonomy":"category","embeddable":true,"href":"https:\/\/www.europesays.com\/es\/wp-json\/wp\/v2\/categories?post=235363"},{"taxonomy":"post_tag","embeddable":true,"href":"https:\/\/www.europesays.com\/es\/wp-json\/wp\/v2\/tags?post=235363"}],"curies":[{"name":"wp","href":"https:\/\/api.w.org\/{rel}","templated":true}]}}