{"id":235376,"date":"2025-11-14T10:40:15","date_gmt":"2025-11-14T10:40:15","guid":{"rendered":"https:\/\/www.europesays.com\/es\/235376\/"},"modified":"2025-11-14T10:40:15","modified_gmt":"2025-11-14T10:40:15","slug":"la-afiliacion-de-extranjeros-a-la-seguridad-social-supera-en-octubre-los-31-millones-de-ocupados","status":"publish","type":"post","link":"https:\/\/www.europesays.com\/es\/235376\/","title":{"rendered":"La afiliaci\u00f3n de extranjeros a la Seguridad Social supera en octubre los 3,1 millones de ocupados"},"content":{"rendered":"<p>La Seguridad Social ha registrado 3.100.999 afiliados extranjeros en octubre si se descuenta el efecto calendario. Por primera vez, la cifra de trabajadores procedentes de otros pa\u00edses supera los 3,1 millones, tras sumar m\u00e1s de 200.000 ocupados en los \u00faltimos doce meses (206.837), lo que supone un +7,15% de variaci\u00f3n interanual.<\/p>\n<p>En la serie original, afiliaci\u00f3n media, el n\u00famero de trabajadores de otros pa\u00edses es de 3.101.500, lo que supone un crecimiento del +7,2% interanual, casi cinco puntos por encima del conjunto de la afiliaci\u00f3n en total, que ha experimentado un incremento de +2,4% en el \u00faltimo a\u00f1o.<\/p>\n<p><img decoding=\"async\" src=\"https:\/\/www.europesays.com\/es\/wp-content\/uploads\/2025\/11\/141125-afiliacion-extranjeros-octubre1.jpg\" alt=\"Afiliados extranjeros, nacionales y totales octubre 2025\" title=\"Afiliados extranjeros, nacionales y totales octubre 2025\"\/><\/p>\n<p>Entre las comunidades aut\u00f3nomas que lideran el crecimiento destacan Asturias (21,7%), Galicia (15,5%), Extremadura (15,4%) y Castilla y Le\u00f3n (11,5%), que, salvo Extremadura, fueron a su vez las que tuvieron la edad media m\u00e1s elevada en Espa\u00f1a en 2024, seg\u00fan el Instituto Nacional de Estad\u00edstica (INE).<\/p>\n<p>En todo caso, el n\u00famero de afiliados extranjeros, que de media representa el 14,2% del total de afiliados; en los territorios mencionados suponen el 7,4% en Asturias; el 7,1% en Galicia, y el 10,4% en Castilla y Le\u00f3n, unas cifras que reflejan su papel esencial en la sostenibilidad de estos territorios.<\/p>\n<p>Por otra parte, las mujeres representan ya el 43,1% del total de trabajadores for\u00e1neos, con 1.335.803 afiliadas extranjeras al Sistema.<\/p>\n<p>Desde 2019, el empleo extranjero en ocupaciones altamente cualificadas ha crecido un 30%. Tambi\u00e9n hay casi medio mill\u00f3n de aut\u00f3nomos extranjeros, generadores de empleo y riqueza.<\/p>\n<p>R\u00e9gimen general<\/p>\n<p><img decoding=\"async\" src=\"https:\/\/www.europesays.com\/es\/wp-content\/uploads\/2025\/11\/141125-afiliacion-extranjeros-octubre2.jpg\" alt=\"Afiliados extranjeros, R\u00e9gimen General\" title=\"Afiliados extranjeros, R\u00e9gimen General\"\/>Pool Moncloa<\/p>\n<p>En consonancia con lo que ocurre con los trabajadores nativos, un 83,9% de los afiliados extranjeros se encuadran en el R\u00e9gimen General de la Seguridad Social, con 2.601.143 trabajadores.<\/p>\n<p>Tienen un peso especialmente relevante en el sector de la Hosteler\u00eda, donde suponen uno de cada tres ocupados (29,2% de los afiliados), pero tambi\u00e9n en Agricultura (25,4%), Construcci\u00f3n (23%) y tanto en Actividades Administrativas como en Transporte, donde son casi el 18% de los trabajadores.<\/p>\n<p>Como indicador de la diversificaci\u00f3n de ocupaciones por parte del colectivo, puede apreciarse su crecimiento cada vez en m\u00e1s sectores. Entre las actividades con mayor presencia de trabajadores for\u00e1neos, destacan Transporte, donde ha crecido un 32,9% su presencia en el \u00faltimo a\u00f1o, Suministro de Agua (14,7%), Construcci\u00f3n, (12,5%), Agricultura (10,5%) e Industria Manufacturera (9,2%), Actividades Financieras (8,7%), Administraci\u00f3n P\u00fablica (8,5%), Actividades Sanitarias (7,8%), Comercio (7,6%), y Actividades Administrativas y Servicios Auxiliares (7,5%).<\/p>\n<p>Pero, adem\u00e1s, crecen de forma importante los sectores de m\u00e1s valor a\u00f1adido como las Actividades Financieras (8,7%), Informaci\u00f3n y Comunicaciones (5,9%) y Actividades Profesionales y Cient\u00edfico-T\u00e9cnicas (5,5%).<\/p>\n<p>Si atendemos al pa\u00eds de origen de los trabajadores, Marruecos, con 365.089 cotizantes, es el pa\u00eds que m\u00e1s trabajadores aporta, seguido de Ruman\u00eda (340.449) y Colombia (251.084).<\/p>\n<p>Crecimiento r\u00e9cord de aut\u00f3nomos extranjeros<\/p>\n<p>La afiliaci\u00f3n de trabajadores por cuenta propia de otros pa\u00edses ha alcanzado en octubre un nuevo m\u00e1ximo: 494.246 personas, un 6,6% m\u00e1s que hace un a\u00f1o. Su crecimiento est\u00e1 muy por encima de la media del conjunto de afiliados, cuyo crecimiento ha sido del 1,1%.<\/p>\n<p>Este crecimiento es a\u00fan m\u00e1s relevante en sectores altamente cualificados: en el \u00faltimo a\u00f1o, el n\u00famero de trabajadores extranjeros por cuenta propia ha aumentado un 27% en Informaci\u00f3n y Comunicaciones; en Suministro de Energ\u00eda, un 23,6%; un 18,8% en Actividades Profesionales, Cient\u00edficas y T\u00e9cnicas; y el 13,8% en Actividades Financieras y de Seguros.<\/p>\n<p><img decoding=\"async\" src=\"https:\/\/www.europesays.com\/es\/wp-content\/uploads\/2025\/11\/141125-afiliacion-extranjeros-octubre3.jpg\" alt=\"Aut\u00f3nomos (RETA+SETA) por nacionalidad\" title=\"Aut\u00f3nomos (RETA+SETA) por nacionalidad\"\/><\/p>\n<p>El CES confirma el papel estructural de la migraci\u00f3n en el mercado laboral espa\u00f1ol<\/p>\n<p>El informe sobre la realidad migratoria en Espa\u00f1a, elaborado por el Consejo Econ\u00f3mico y Social (CES) y presentado a la ministra de Incluisi\u00f3n, Seguridad Social y Migraciones, Elma Saiz, confirma el papel esencial de la poblaci\u00f3n migrante en el sostenimiento del empleo, el crecimiento y las pensiones.<\/p>\n<p>\u00abEl informe del CES nos recordaba esta semana que Espa\u00f1a necesitar\u00e1 2,4 millones de empleos en la pr\u00f3xima d\u00e9cada para mantener su nivel productivo. Los trabajadores de otros pa\u00edses ser\u00e1n decisivos para responder a ese reto y garantizar un futuro de prosperidad compartida, cohesi\u00f3n y justicia social\u00bb, ha afirmado la ministra.<\/p>\n<p>El documento estima que Espa\u00f1a necesitar\u00e1 incorporar 2,4 millones de personas al mercado laboral en la pr\u00f3xima d\u00e9cada para mantener su capacidad productiva, una necesidad que ya se refleja en los datos de afiliaci\u00f3n conocidos hoy: m\u00e1s de 3,1 millones de personas extranjeras trabajan en nuestro pa\u00eds, el 14,2% del total.<\/p>\n<p>El CES destaca los impactos positivos de la inmigraci\u00f3n sobre el crecimiento y la productividad, y valora las reformas del Reglamento de Extranjer\u00eda de 2022 y 2024 como impulso decisivo para favorecer la integraci\u00f3n y aprovechar el talento de las personas migrantes en nuestro pa\u00eds.<\/p>\n<p><\/p>\n","protected":false},"excerpt":{"rendered":"La Seguridad Social ha registrado 3.100.999 afiliados extranjeros en octubre si se descuenta el efecto calendario. Por primera&hellip;\n","protected":false},"author":2,"featured_media":235377,"comment_status":"","ping_status":"","sticky":false,"template":"","format":"standard","meta":{"footnotes":""},"categories":[5],"tags":[517,17,18,25,24,13,14,11,17322,19,20,9,10,15,16,2330,29767,23,12,21,22],"class_list":{"0":"post-235376","1":"post","2":"type-post","3":"status-publish","4":"format-standard","5":"has-post-thumbnail","7":"category-titulares","8":"tag-actualidad","9":"tag-breaking-news","10":"tag-breakingnews","11":"tag-es","12":"tag-espana","13":"tag-featured-news","14":"tag-featurednews","15":"tag-headlines","16":"tag-inclusion","17":"tag-latest-news","18":"tag-latestnews","19":"tag-news","20":"tag-noticias","21":"tag-noticias-destacadas","22":"tag-noticiasdestacadas","23":"tag-prensa","24":"tag-seguridad-social-y-migraciones","25":"tag-spain","26":"tag-titulares","27":"tag-ultimas-noticias","28":"tag-ultimasnoticias"},"share_on_mastodon":{"url":"https:\/\/pubeurope.com\/@es\/115547631030569713","error":""},"_links":{"self":[{"href":"https:\/\/www.europesays.com\/es\/wp-json\/wp\/v2\/posts\/235376","targetHints":{"allow":["GET"]}}],"collection":[{"href":"https:\/\/www.europesays.com\/es\/wp-json\/wp\/v2\/posts"}],"about":[{"href":"https:\/\/www.europesays.com\/es\/wp-json\/wp\/v2\/types\/post"}],"author":[{"embeddable":true,"href":"https:\/\/www.europesays.com\/es\/wp-json\/wp\/v2\/users\/2"}],"replies":[{"embeddable":true,"href":"https:\/\/www.europesays.com\/es\/wp-json\/wp\/v2\/comments?post=235376"}],"version-history":[{"count":0,"href":"https:\/\/www.europesays.com\/es\/wp-json\/wp\/v2\/posts\/235376\/revisions"}],"wp:featuredmedia":[{"embeddable":true,"href":"https:\/\/www.europesays.com\/es\/wp-json\/wp\/v2\/media\/235377"}],"wp:attachment":[{"href":"https:\/\/www.europesays.com\/es\/wp-json\/wp\/v2\/media?parent=235376"}],"wp:term":[{"taxonomy":"category","embeddable":true,"href":"https:\/\/www.europesays.com\/es\/wp-json\/wp\/v2\/categories?post=235376"},{"taxonomy":"post_tag","embeddable":true,"href":"https:\/\/www.europesays.com\/es\/wp-json\/wp\/v2\/tags?post=235376"}],"curies":[{"name":"wp","href":"https:\/\/api.w.org\/{rel}","templated":true}]}}