{"id":235378,"date":"2025-11-14T10:48:08","date_gmt":"2025-11-14T10:48:08","guid":{"rendered":"https:\/\/www.europesays.com\/es\/235378\/"},"modified":"2025-11-14T10:48:08","modified_gmt":"2025-11-14T10:48:08","slug":"los-pau-del-cb-es-castell-los-ultimos-dos-mvp-de-la-balear","status":"publish","type":"post","link":"https:\/\/www.europesays.com\/es\/235378\/","title":{"rendered":"Los Pau del CB Es Castell, los \u00faltimos dos MVP de la Balear"},"content":{"rendered":"<p>Los Pau del Club B\u00e0squet Es Castell est\u00e1n que se salen en este arranque de temporada. Tanto<strong> Pau Bagur como Pau Taltavull,<\/strong> que est\u00e1n toda la campa\u00f1a 2025-26 a caballo entre las din\u00e1micas del primer equipo de Tercera FEB de Ra\u00fal Jodra y el filial de Liga Escribano Balear de Xavi Carreras, han sido protagonistas de la competici\u00f3n balear y suyos han sido<strong> los dos \u00faltimos galardones de MVP (Jugador M\u00e1s Valioso) del Grupo B de la liga balear.<\/strong><\/p>\n<p>En esta pasada Jornada 5, en el encuentro de rivalidad insular ante el CB Jovent (94-79), <strong>Bagur se march\u00f3 a los 33 puntos y 22 de valoraci\u00f3n<\/strong> y la semana pasada en la derrota contra el CB Andratx (97-88), <strong>Taltavull anot\u00f3 la friolera de 41 puntos<\/strong>. Este \u00faltimo, nacido el 2004, forma parte de la din\u00e1mica del primer equipo y est\u00e1 a disposici\u00f3n de Jodra desde el primer d\u00eda de pretemporada para dar intensidad y capacidad anotadora.<\/p>\n<p>Por su parte, <strong>Bagur (2005) se convert\u00eda en verano en la quinta renovaci\u00f3n para la temporada 25-26.<\/strong> El joven jugador menorqu\u00edn, que afronta su tercera campa\u00f1a en el club, tambi\u00e9n compagina su participaci\u00f3n con el primer equipo con minutos en el filial que compite en la Liga Escribano, reforzando as\u00ed su proyecci\u00f3n y desarrollo deportivo.<\/p>\n<p>                            <img loading=\"lazy\" decoding=\"async\" class=\"img-fluid w-100\" width=\"270\" height=\"180\" src=\"https:\/\/www.europesays.com\/es\/wp-content\/uploads\/2025\/11\/3555967.jpeg\" alt=\"\"\/>                        <\/p>\n<p>                        El joven Oriol Mas, otro menorqu\u00edn en debutar en Tercera FEB y desde casa<\/p>\n","protected":false},"excerpt":{"rendered":"Los Pau del Club B\u00e0squet Es Castell est\u00e1n que se salen en este arranque de temporada. Tanto Pau&hellip;\n","protected":false},"author":2,"featured_media":235379,"comment_status":"","ping_status":"","sticky":false,"template":"","format":"standard","meta":{"footnotes":""},"categories":[269],"tags":[299,298,12268,168,25,24,23,167],"class_list":{"0":"post-235378","1":"post","2":"type-post","3":"status-publish","4":"format-standard","5":"has-post-thumbnail","7":"category-baloncesto","8":"tag-baloncesto","9":"tag-basketball","10":"tag-cb-es-castell","11":"tag-deportes","12":"tag-es","13":"tag-espana","14":"tag-spain","15":"tag-sports"},"share_on_mastodon":{"url":"https:\/\/pubeurope.com\/@es\/115547662522381571","error":""},"_links":{"self":[{"href":"https:\/\/www.europesays.com\/es\/wp-json\/wp\/v2\/posts\/235378","targetHints":{"allow":["GET"]}}],"collection":[{"href":"https:\/\/www.europesays.com\/es\/wp-json\/wp\/v2\/posts"}],"about":[{"href":"https:\/\/www.europesays.com\/es\/wp-json\/wp\/v2\/types\/post"}],"author":[{"embeddable":true,"href":"https:\/\/www.europesays.com\/es\/wp-json\/wp\/v2\/users\/2"}],"replies":[{"embeddable":true,"href":"https:\/\/www.europesays.com\/es\/wp-json\/wp\/v2\/comments?post=235378"}],"version-history":[{"count":0,"href":"https:\/\/www.europesays.com\/es\/wp-json\/wp\/v2\/posts\/235378\/revisions"}],"wp:featuredmedia":[{"embeddable":true,"href":"https:\/\/www.europesays.com\/es\/wp-json\/wp\/v2\/media\/235379"}],"wp:attachment":[{"href":"https:\/\/www.europesays.com\/es\/wp-json\/wp\/v2\/media?parent=235378"}],"wp:term":[{"taxonomy":"category","embeddable":true,"href":"https:\/\/www.europesays.com\/es\/wp-json\/wp\/v2\/categories?post=235378"},{"taxonomy":"post_tag","embeddable":true,"href":"https:\/\/www.europesays.com\/es\/wp-json\/wp\/v2\/tags?post=235378"}],"curies":[{"name":"wp","href":"https:\/\/api.w.org\/{rel}","templated":true}]}}