{"id":235407,"date":"2025-11-14T11:09:08","date_gmt":"2025-11-14T11:09:08","guid":{"rendered":"https:\/\/www.europesays.com\/es\/235407\/"},"modified":"2025-11-14T11:09:08","modified_gmt":"2025-11-14T11:09:08","slug":"la-propuesta-de-carlos-alcaraz-para-que-todos-los-tenistas-acudan-a-la-copa-davis","status":"publish","type":"post","link":"https:\/\/www.europesays.com\/es\/235407\/","title":{"rendered":"La propuesta de Carlos Alcaraz para que todos los tenistas acudan a la Copa Davis"},"content":{"rendered":"<p class=\"L6-news-detail__text\"><b>Carlos Alcaraz<\/b> s\u00ed estar\u00e1 con Espa\u00f1a en la Copa Davis. Su gran rival, <b><a title=\"Jannik Sinner\" href=\"https:\/\/www.lasexta.com\/noticias\/deportes\/tenis\/legendario-entrenador-lanza-comparacion-definitiva-alcaraz-sinner-nivel-mental_202511146916d929360d0840bcdc9e18.html\" target=\"_blank\" rel=\"nofollow noopener\">Jannik Sinner<\/a><\/b>, se ha borrado. Y el nuevo n\u00famero 1 del mundo del tenis cree que deber\u00eda haber un cambio de formato para que los grandes tenistas acudan siempre a la cita al final del calendario.<\/p>\n<p class=\"L6-news-detail__text\">Carlos, desde las ATP Finals, ha pedido una <b>Copa Davis<\/b> cada dos a\u00f1os para que el calendario est\u00e9 m\u00e1s liberado.<\/p>\n<p class=\"L6-news-detail__text\">\u00abSi soy sincero, creo que la Copa Davis es uno de esos torneos a los que no est\u00e1s acostumbrado a sentir y jugar porque <b>compites para tu pa\u00eds<\/b>, est\u00e1s jugando con tus compa\u00f1eros de equipo. Es totalmente diferente. Creo que <b>es una de las cosas m\u00e1s privilegiadas<\/b> que puedes hacer en nuestro deporte, representar a tu pa\u00eds\u00bb, ha dicho el tenista murciano despu\u00e9s de su tercera victoria en las ATP Finals.<\/p>\n<p class=\"L6-news-detail__text\">Pide cambios en el formato: \u00abEstoy de acuerdo en que tienen que hacer algo en este evento, porque<b> creo que jugar cada a\u00f1o, quiero decir, no es tan bueno como podr\u00eda ser si se jugara cada dos o tres a\u00f1os\u00bb.<\/b><\/p>\n<p class=\"L6-news-detail__text\"><b>\u00abCreo que si el torneo se jugara cada dos o tres a\u00f1os, el compromiso de los jugadores ser\u00eda a\u00fan mayor<\/b>, porque es \u00fanico, es diferente\u00bb, indica Carlos.<\/p>\n<p class=\"L6-news-detail__text\">Ha mostrado sus ganas de jugar y de ganar con el equipo espa\u00f1ol, capitaneado por <b>David Ferrer:<\/b> \u00abYo voy a jugar este a\u00f1o. Tengo muchas ganas de ganar la Copa Davis alg\u00fan d\u00eda, porque para m\u00ed es un torneo muy importante. Jannik la ha ganado dos veces&#8230;\u00bb.<\/p>\n<p class=\"L6-support-news-video__title\">Entrevista &#8216;El Chiringuito&#8217;<\/p>\n<p>            <a href=\"https:\/\/www.lasexta.com\/noticias\/deportes\/futbol\/luis-rubiales-chiringuito-pido-perdon-jenni-hermoso_202511126914351c4d14723b1ecc180a.html\" class=\"L6-news__link\" rel=\"nofollow noopener\" target=\"_blank\"><br \/>\n                Luis Rubiales, en &#8216;El Chiringuito&#8217;: \u00abNo pido perd\u00f3n a Jenni Hermoso\u00bb<\/p>\n<p class=\"recirculation-video-desc\">El que fuera presidente de la RFEF rompe su silencio en &#8216;El Chiringuito&#8217; y se ratifica en todo lo que cont\u00f3 sobre Jenni Hermoso.<\/p>\n<p>            <\/a><\/p>\n","protected":false},"excerpt":{"rendered":"Carlos Alcaraz s\u00ed estar\u00e1 con Espa\u00f1a en la Copa Davis. Su gran rival, Jannik Sinner, se ha borrado.&hellip;\n","protected":false},"author":2,"featured_media":235408,"comment_status":"","ping_status":"","sticky":false,"template":"","format":"standard","meta":{"footnotes":""},"categories":[274],"tags":[168,25,24,23,167,327,326],"class_list":{"0":"post-235407","1":"post","2":"type-post","3":"status-publish","4":"format-standard","5":"has-post-thumbnail","7":"category-tenis","8":"tag-deportes","9":"tag-es","10":"tag-espana","11":"tag-spain","12":"tag-sports","13":"tag-tenis","14":"tag-tennis"},"share_on_mastodon":{"url":"https:\/\/pubeurope.com\/@es\/115547745048672451","error":""},"_links":{"self":[{"href":"https:\/\/www.europesays.com\/es\/wp-json\/wp\/v2\/posts\/235407","targetHints":{"allow":["GET"]}}],"collection":[{"href":"https:\/\/www.europesays.com\/es\/wp-json\/wp\/v2\/posts"}],"about":[{"href":"https:\/\/www.europesays.com\/es\/wp-json\/wp\/v2\/types\/post"}],"author":[{"embeddable":true,"href":"https:\/\/www.europesays.com\/es\/wp-json\/wp\/v2\/users\/2"}],"replies":[{"embeddable":true,"href":"https:\/\/www.europesays.com\/es\/wp-json\/wp\/v2\/comments?post=235407"}],"version-history":[{"count":0,"href":"https:\/\/www.europesays.com\/es\/wp-json\/wp\/v2\/posts\/235407\/revisions"}],"wp:featuredmedia":[{"embeddable":true,"href":"https:\/\/www.europesays.com\/es\/wp-json\/wp\/v2\/media\/235408"}],"wp:attachment":[{"href":"https:\/\/www.europesays.com\/es\/wp-json\/wp\/v2\/media?parent=235407"}],"wp:term":[{"taxonomy":"category","embeddable":true,"href":"https:\/\/www.europesays.com\/es\/wp-json\/wp\/v2\/categories?post=235407"},{"taxonomy":"post_tag","embeddable":true,"href":"https:\/\/www.europesays.com\/es\/wp-json\/wp\/v2\/tags?post=235407"}],"curies":[{"name":"wp","href":"https:\/\/api.w.org\/{rel}","templated":true}]}}