{"id":235419,"date":"2025-11-14T11:17:10","date_gmt":"2025-11-14T11:17:10","guid":{"rendered":"https:\/\/www.europesays.com\/es\/235419\/"},"modified":"2025-11-14T11:17:10","modified_gmt":"2025-11-14T11:17:10","slug":"telecinco-emitira-tambien-el-debate-de-las-tentaciones-tras-verse-en-primicia-en-la-plataforma-mediaset-infinity","status":"publish","type":"post","link":"https:\/\/www.europesays.com\/es\/235419\/","title":{"rendered":"Telecinco emitir\u00e1 tambi\u00e9n &#8216;El debate de las tentaciones&#8217; tras verse en primicia en la plataforma Mediaset Infinity"},"content":{"rendered":"<p class=\"article-text\">\n        Tras dos semanas de emisiones y seis entregas ofrecidas, <strong>La isla de las tentaciones 9<\/strong> arranca sus debates con una novedad de programaci\u00f3n. Despu\u00e9s de anunciar que <strong>El debate de las tentaciones<\/strong> se ver\u00eda en exclusiva en<strong> Mediaset Infinity<\/strong>, el grupo de comunicaci\u00f3n anuncia que lo emitir\u00e1 <strong>tambi\u00e9n en Telecinco<\/strong> los lunes en late night.\n    <\/p>\n<p>    <a href=\"https:\/\/www.eldiario.es\/vertele\/noticias\/isla-tentaciones-9-sorprendio-nueva-veterana-pareja-sufrio-confesion-dura-novio_1_12763415.html\" data-mrf-recirculation=\"saber-mas\" data-dl-event=\"saber-mas\" rel=\"nofollow noopener\" target=\"_blank\"><\/p>\n<p class=\"know-more__title\">&#8216;La isla de las tentaciones 9&#8217; sorprendi\u00f3 con su nueva (y veterana) pareja y sufri\u00f3 la confesi\u00f3n m\u00e1s dura de un novio<\/p>\n<p>            <img decoding=\"async\" class=\"lazy\" loading=\"lazy\" data-src=\"https:\/\/static.eldiario.es\/clip\/6d68961b-4649-4968-b84a-2c335419ceea_16-9-aspect-ratio_default_0.jpg\" src=\"data:image\/svg+xml,%3Csvg xmlns=\" http:=\"\" viewbox=\"0 0 880 495\" alt=\"'La isla de las tentaciones 9' sorprendi\u00f3 con su nueva (y veterana) pareja y sufri\u00f3 la confesi\u00f3n m\u00e1s dura de un novio\"\/><\/p>\n<p>                        <\/a><\/p>\n<p class=\"article-text\">\n        As\u00ed lo desvel\u00f3 este jueves <strong>Jorge Javier V\u00e1zquez <\/strong>en la gala de <a href=\"https:\/\/www.eldiario.es\/vertele\/audiencias-tv\/jueves-13-noviembre-2025-futuro-imperfecto-gana-baja-gh-20-marca-minimo-historico-duro-dia-reality_1_12767079.html\" target=\"_blank\" data-mrf-recirculation=\"links-noticia\" class=\"link\" rel=\"nofollow noopener\">Gran Hermano 20<\/a>, donde inform\u00f3 a la audiencia que los debates de La isla presentados por <strong>Sandra Barneda<\/strong> tendr\u00e1n doble ventana en Mediaset. La primera ser\u00e1 los <strong>viernes <\/strong>-desde este mismo 14 de noviembre- en la <strong>plataforma<\/strong>, donde se subir\u00e1n a las <strong>13:00 horas para todos los usuarios<\/strong>. Esa modalidad de emisi\u00f3n <a href=\"https:\/\/www.eldiario.es\/vertele\/noticias\/isla-tentaciones-9-dia-estreno-telecinco-expandiendose-tres-noches-ademas-debate_1_12717239.html\" target=\"_blank\" data-mrf-recirculation=\"links-noticia\" class=\"link\" rel=\"nofollow noopener\">ya se conoc\u00eda<\/a>, si bien ahora se ha confirmado su llamativa hora de lanzamiento.\n    <\/p>\n<p class=\"article-text\">\n        La segunda ventana es la novedad, y es que Telecinco alargar\u00e1 los <strong>lunes<\/strong> la noche de La isla de las tentaciones y, tras la entrega de estreno, programar\u00e1 tambi\u00e9n El debate de las tentaciones. Si no cambia la duraci\u00f3n del programa, la cita en plat\u00f3 <strong>comenzar\u00e1 a emitirse alrededor de las doce y media de la madrugada<\/strong>. Esta misma estrategia ya se sigui\u00f3 en la s\u00e9ptima edici\u00f3n, como <a href=\"https:\/\/www.eldiario.es\/vertele\/noticias\/el-debate-de-las-tentaciones-emision-telecinco-horario-dia-mitele-plus_1_10873397.html\" target=\"_blank\" data-mrf-recirculation=\"links-noticia\" class=\"link\" rel=\"nofollow noopener\">publicamos entonces<\/a>.\n    <\/p>\n<p class=\"article-text\">\n        Seg\u00fan ha confirmado <a href=\"https:\/\/www.eldiario.es\/vertele\/\" target=\"_blank\" data-mrf-recirculation=\"links-noticia\" class=\"link\" rel=\"nofollow noopener\">verTele<\/a>, <strong>el debate de Telecinco ser\u00e1 el mismo<\/strong> estrenado en primicia por Mediaset Infinity tres d\u00edas antes. La gala de plat\u00f3 tendr\u00e1 <strong>una m\u00ednima edici\u00f3n <\/strong>para actualizarse, ya que se ver\u00e1 despu\u00e9s de una nueva entrega. No obstante, no incluir\u00e1 im\u00e1genes nuevas. Ninguna de las emisiones, ni la de la plataforma ni la del lineal, ser\u00e1 en directo.\n    <\/p>\n<p>            <img decoding=\"async\" class=\"lazy\" loading=\"lazy\" data-src=\"https:\/\/static.eldiario.es\/clip\/80012610-64ab-4851-af93-c10b3039363d_16-9-discover-aspect-ratio_default_0.jpg\" src=\"data:image\/svg+xml,%3Csvg xmlns=\" http:=\"\" viewbox=\"0 0 1200 675\" alt=\"Sandra Barneda y Claudia en 'La isla de las tentaciones 9'\"\/><\/p>\n<p class=\"article-text\">\n        El debate de las tentaciones llega tras<strong> un intens\u00edsimo arranque de la edici\u00f3n<\/strong>, que ha deparado las primeras infidelidades, m\u00faltiples activaciones de la luz de la tentaci\u00f3n y el grave incumplimiento de las normas del formato con la expulsi\u00f3n de una de las parejas.\n    <\/p>\n<p>    As\u00ed ser\u00e1 el primer &#8216;Debate de las tentaciones&#8217; de la edici\u00f3n<\/p>\n<p class=\"article-text\">\n        El programa producido en colaboraci\u00f3n con <strong>Cuarzo Producciones<\/strong> (Banijay Iberia) contar\u00e1 en su primera entrega con la<strong> presencia en el plat\u00f3<\/strong> de las cuatro chicas protagonistas <strong>Almudena, Claudia, Helena y Sandra<\/strong>, adem\u00e1s de <strong>Nieves<\/strong>, que recordemos que fue <a href=\"https:\/\/www.eldiario.es\/vertele\/noticias\/isla-tentaciones-9-vivio-primer-beso-incontrolable-mostro-desenlace-nieves-lorenzo_1_12760150.html\" target=\"_blank\" data-mrf-recirculation=\"links-noticia\" class=\"link\" rel=\"nofollow noopener\">expulsada junto a su pareja<\/a>, Lorenzo, tras el incumplimiento de las normas en la ceremonia de los collares y despu\u00e9s de abandonar juntos la Hoguera de las Consecuencias.\n    <\/p>\n<p class=\"article-text\">\n        Adem\u00e1s, el espacio conducido por Sandra Barneda adelantar\u00e1 im\u00e1genes de la impactante <strong>reacci\u00f3n de Gilbert tras ver a Claudia<\/strong> cayendo en la tentaci\u00f3n con Gerard, de la llegada de la nueva pareja &#8211;<a href=\"https:\/\/www.eldiario.es\/vertele\/noticias\/isla-tentaciones-9-sorprendio-nueva-veterana-pareja-sufrio-confesion-dura-novio_1_12763415.html\" target=\"_blank\" data-mrf-recirculation=\"links-noticia\" class=\"link\" rel=\"nofollow noopener\">\u00c1lvaro y Mayeli<\/a>&#8211; que se incorporar\u00e1 a las villas y el primer minuto del s\u00e9ptimo programa de La isla de las tentaciones, con Sandra y Andrea como protagonistas. Tambi\u00e9n revelar\u00e1 <strong>una nueva infidelidad en Villa Monta\u00f1a<\/strong>.\n    <\/p>\n<p>    <a href=\"https:\/\/www.eldiario.es\/vertele\/audiencias-tv\/jueves-13-noviembre-2025-futuro-imperfecto-gana-baja-gh-20-marca-minimo-historico-duro-dia-reality_1_12767079.html\" data-mrf-recirculation=\"saber-mas-abajo\" data-dl-event=\"saber-mas-abajo\" rel=\"nofollow noopener\" target=\"_blank\"><\/p>\n<p class=\"know-more__title\">&#8216;Futuro imperfecto&#8217; (12.4%) gana a la baja a &#8216;GH 20&#8217; (11.8%), que marca m\u00ednimo hist\u00f3rico en un duro d\u00eda para el reality\n<\/p>\n<p>            <img decoding=\"async\" class=\"lazy\" loading=\"lazy\" data-src=\"https:\/\/static.eldiario.es\/clip\/4d743fab-0401-4745-bfc0-c80f964ca2fe_16-9-aspect-ratio_default_0.jpg\" src=\"data:image\/svg+xml,%3Csvg xmlns=\" http:=\"\" viewbox=\"0 0 880 495\" alt=\"'Futuro imperfecto' (12.4%) gana a la baja a 'GH 20' (11.8%), que marca m\u00ednimo hist\u00f3rico en un duro d\u00eda para el reality\"\/><\/p>\n<p>                        <\/a><\/p>\n<p class=\"article-text\">\n        Todo lo que suceda durante el programa ser\u00e1 analizado por un equipo de colaboradores, integrado en esta primera entrega por<strong> Terelu Campos, Gloria Camila Ortega y Suso \u00c1lvarez<\/strong>, por los exparticipantes de anteriores <strong>Marta Pe\u00f1ate, Anita Williams, Luc\u00eda S\u00e1nchez y Manuel Gonz\u00e1lez<\/strong> y la experta en terapia de pareja <strong>Arantxa Coca<\/strong>.\n    <\/p>\n","protected":false},"excerpt":{"rendered":"Tras dos semanas de emisiones y seis entregas ofrecidas, La isla de las tentaciones 9 arranca sus debates&hellip;\n","protected":false},"author":2,"featured_media":235420,"comment_status":"","ping_status":"","sticky":false,"template":"","format":"standard","meta":{"footnotes":""},"categories":[171],"tags":[11559,8430,146,147,25,24,61172,955,1043,61171,23,692,4473,214,11535],"class_list":{"0":"post-235419","1":"post","2":"type-post","3":"status-publish","4":"format-standard","5":"has-post-thumbnail","7":"category-tv","8":"tag-debate","9":"tag-emitira","10":"tag-entertainment","11":"tag-entretenimiento","12":"tag-es","13":"tag-espana","14":"tag-infinity","15":"tag-mediaset","16":"tag-plataforma","17":"tag-primicia","18":"tag-spain","19":"tag-telecinco","20":"tag-tentaciones","21":"tag-tv","22":"tag-verse"},"share_on_mastodon":{"url":"https:\/\/pubeurope.com\/@es\/115547776331586489","error":""},"_links":{"self":[{"href":"https:\/\/www.europesays.com\/es\/wp-json\/wp\/v2\/posts\/235419","targetHints":{"allow":["GET"]}}],"collection":[{"href":"https:\/\/www.europesays.com\/es\/wp-json\/wp\/v2\/posts"}],"about":[{"href":"https:\/\/www.europesays.com\/es\/wp-json\/wp\/v2\/types\/post"}],"author":[{"embeddable":true,"href":"https:\/\/www.europesays.com\/es\/wp-json\/wp\/v2\/users\/2"}],"replies":[{"embeddable":true,"href":"https:\/\/www.europesays.com\/es\/wp-json\/wp\/v2\/comments?post=235419"}],"version-history":[{"count":0,"href":"https:\/\/www.europesays.com\/es\/wp-json\/wp\/v2\/posts\/235419\/revisions"}],"wp:featuredmedia":[{"embeddable":true,"href":"https:\/\/www.europesays.com\/es\/wp-json\/wp\/v2\/media\/235420"}],"wp:attachment":[{"href":"https:\/\/www.europesays.com\/es\/wp-json\/wp\/v2\/media?parent=235419"}],"wp:term":[{"taxonomy":"category","embeddable":true,"href":"https:\/\/www.europesays.com\/es\/wp-json\/wp\/v2\/categories?post=235419"},{"taxonomy":"post_tag","embeddable":true,"href":"https:\/\/www.europesays.com\/es\/wp-json\/wp\/v2\/tags?post=235419"}],"curies":[{"name":"wp","href":"https:\/\/api.w.org\/{rel}","templated":true}]}}