{"id":235421,"date":"2025-11-14T11:18:14","date_gmt":"2025-11-14T11:18:14","guid":{"rendered":"https:\/\/www.europesays.com\/es\/235421\/"},"modified":"2025-11-14T11:18:14","modified_gmt":"2025-11-14T11:18:14","slug":"las-migas-ganan-latin-grammy-por-flamencas","status":"publish","type":"post","link":"https:\/\/www.europesays.com\/es\/235421\/","title":{"rendered":"Las Migas ganan Latin Grammy por &#8216;Flamencas&#8217;"},"content":{"rendered":"<p class=\"wp-caption-text thumb-caption-text\">El cuarteto de m\u00fasica popular espa\u00f1ola Las Migas asiste a la alfombra roja de la 26.\u00aa ceremonia anual de los Premios Grammy Latinos en el MGM Grand Garden Arena de Las Vegas, Nevada (EE.UU.). EFE\/EPA\/CRISTOBAL HERRERA-ULASHKEVICH<\/p>\n<p>Las Vegas (EE.UU.)(EFE).- Las Migas, el cuarteto de m\u00fasica popular espa\u00f1ola, afirmaron a EFE que es \u00abun regalo\u00bb ganar el Latin Grammy a mejor \u00e1lbum de m\u00fasica flamenca que lograron este jueves por \u2018Flamencas\u2019, un premio que reciben \u00abcon mucha alegr\u00eda\u00bb.<\/p>\n<p>\u00abPara nosotras este disco es realmente importante porque es nuestro regalo al mundo del flamenco\u00bb, afirmaron las artistas durante su paso por la alfombra roja previa a la gala, que se celebra en Las Vegas (EE.UU).<\/p>\n<p>Este galard\u00f3n \u00abqueremos dedicarlo a nuestra m\u00fasica a las ni\u00f1as, a las generaciones que vienen para que se dediquen a la m\u00fasica. La visibilidad de lo que estamos haciendo hoy es un gran hito m\u00e1s para esto\u00bb, agregaron.<\/p>\n<p>El flamenco actualmente \u00abest\u00e1 viviendo una \u00e9poca preciosa porque est\u00e1 llegando a lugares, est\u00e1 s\u00faper fusionado y cada uno est\u00e1 dando su visi\u00f3n del <a href=\"https:\/\/efe.com\/cultura\/2025-11-04\/rosalia-moda-estilo\/\" rel=\"nofollow noopener\" target=\"_blank\">flamenco <\/a>y all\u00e1 donde vamos lo paseamos\u00bb, indicaron.<\/p>\n","protected":false},"excerpt":{"rendered":"El cuarteto de m\u00fasica popular espa\u00f1ola Las Migas asiste a la alfombra roja de la 26.\u00aa ceremonia anual&hellip;\n","protected":false},"author":2,"featured_media":235422,"comment_status":"","ping_status":"","sticky":false,"template":"","format":"standard","meta":{"footnotes":""},"categories":[170],"tags":[115,146,147,25,24,2791,184,185,23],"class_list":{"0":"post-235421","1":"post","2":"type-post","3":"status-publish","4":"format-standard","5":"has-post-thumbnail","7":"category-musica","8":"tag-eeuu","9":"tag-entertainment","10":"tag-entretenimiento","11":"tag-es","12":"tag-espana","13":"tag-grammy","14":"tag-music","15":"tag-musica","16":"tag-spain"},"share_on_mastodon":{"url":"https:\/\/pubeurope.com\/@es\/115547780402034346","error":""},"_links":{"self":[{"href":"https:\/\/www.europesays.com\/es\/wp-json\/wp\/v2\/posts\/235421","targetHints":{"allow":["GET"]}}],"collection":[{"href":"https:\/\/www.europesays.com\/es\/wp-json\/wp\/v2\/posts"}],"about":[{"href":"https:\/\/www.europesays.com\/es\/wp-json\/wp\/v2\/types\/post"}],"author":[{"embeddable":true,"href":"https:\/\/www.europesays.com\/es\/wp-json\/wp\/v2\/users\/2"}],"replies":[{"embeddable":true,"href":"https:\/\/www.europesays.com\/es\/wp-json\/wp\/v2\/comments?post=235421"}],"version-history":[{"count":0,"href":"https:\/\/www.europesays.com\/es\/wp-json\/wp\/v2\/posts\/235421\/revisions"}],"wp:featuredmedia":[{"embeddable":true,"href":"https:\/\/www.europesays.com\/es\/wp-json\/wp\/v2\/media\/235422"}],"wp:attachment":[{"href":"https:\/\/www.europesays.com\/es\/wp-json\/wp\/v2\/media?parent=235421"}],"wp:term":[{"taxonomy":"category","embeddable":true,"href":"https:\/\/www.europesays.com\/es\/wp-json\/wp\/v2\/categories?post=235421"},{"taxonomy":"post_tag","embeddable":true,"href":"https:\/\/www.europesays.com\/es\/wp-json\/wp\/v2\/tags?post=235421"}],"curies":[{"name":"wp","href":"https:\/\/api.w.org\/{rel}","templated":true}]}}