{"id":235423,"date":"2025-11-14T11:19:17","date_gmt":"2025-11-14T11:19:17","guid":{"rendered":"https:\/\/www.europesays.com\/es\/235423\/"},"modified":"2025-11-14T11:19:17","modified_gmt":"2025-11-14T11:19:17","slug":"el-culpable-de-que-salgamos-de-los-domingos-tarareando-la-musica","status":"publish","type":"post","link":"https:\/\/www.europesays.com\/es\/235423\/","title":{"rendered":"El culpable de que salgamos de &#8216;Los domingos&#8217; tarareando la m\u00fasica"},"content":{"rendered":"<p>Pocas veces una pel\u00edcula despierta un debate social como el provocado por &#8216;Los domingos&#8217;. Estrenado el pasado 24 de octubre, el tercer largometraje de Alauda  &#8230; Ruiz de Az\u00faa sigue manteni\u00e9ndose en los puestos m\u00e1s altos de la taquilla (supera los 400.000 espectadores y va camino de los 3 millones de euros). Generando conversaciones. Los espectadores creyentes agradecen el respeto con el que se aborda la llamada de la fe que siente la protagonista, una chica bilba\u00edna de 17 a\u00f1os que provoca un terremoto familiar al anunciar que quiere hacerse monja. Los ateos y los anticlericales se identifican con el personaje de la t\u00eda, que se desespera porque su sobrina quiere encerrarse en vida en un convento.<\/p>\n<p><a href=\"http:\/\/www.elcorreo.com\/pantallas\/series\/series-estrenan-fin-semana-noviembre-20251113121743-ntrc.html#vtm_modulosEngag=mod-rel:culturas:noticia:1:cmp:1-not\" class=\"v-a-link\" aria-label=\"Imagen\" rel=\"nofollow noopener\" target=\"_blank\"><\/p>\n<p><img decoding=\"async\" loading=\"lazy\" src=\"https:\/\/www.europesays.com\/es\/wp-content\/uploads\/2025\/11\/china-suarez-k9G--366x256@RC.jpg\" class=\"v-a-img\" width=\"258\" height=\"180\" alt=\"\" data-voc-vtm-id=\"in-text-traffic\"\/><\/p>\n<p><\/a><\/p>\n<p class=\"v-p\">Todos coinciden en alabar un elemento del filme, Concha de Oro en el Festival de San Sebasti\u00e1n: la m\u00fasica. Ainara (Blanca Soroa) canta en un coro junto a sus compa\u00f1eros del colegio, de ah\u00ed que la banda sonora sea m\u00fasica coral y en especial dos versiones que los espectadores salen tarareando: &#8216;Into My Arms&#8217;, de Nick Cave and the Bad Seeds, y &#8216;Aitormena&#8217;, de Hertzainak. Dos piezas que impregnan de emoci\u00f3n la pantalla en la voz de chavales y que se deben a David Cerrej\u00f3n, un m\u00fasico madrile\u00f1o que, tras veinte a\u00f1os como mano derecha de Alberto Iglesias, debuta como compositor y firma en los cr\u00e9ditos su primera banda sonora a los 48 a\u00f1os.<\/p>\n<p>Tr\u00e1iler de &#8216;Los domingos&#8217;.<\/p>\n<p class=\"v-p\">Cerrej\u00f3n tiene una formaci\u00f3n cl\u00e1sica. Estudi\u00f3 cuatro especialidades en el Conservatorio de Madrid: piano, composici\u00f3n, direcci\u00f3n de orquesta y pedagog\u00eda musical. Se empap\u00f3 de jazz por su cuenta y fue pianista en big bands hasta que un profesor le puso en contacto con Alberto Iglesias, que buscaba un colaborador. \u00abMe qued\u00e9 de piedra, porque le admiraba much\u00edsimo\u00bb, recuerda. \u00abEmpec\u00e9 a trabajar con \u00e9l y hasta ahora\u00bb. La primera banda sonora en la que particip\u00f3 fue la de &#8216;Cometas en el cielo&#8217;, que le vali\u00f3 al compositor donostiarra su segunda nominaci\u00f3n al Oscar. Despu\u00e9s llegaron las dos pel\u00edculas sobre el Che Guevara de Steven Soderbergh, &#8216;Tambi\u00e9n la lluvia&#8217;, de Ic\u00edar Bolla\u00edn, &#8216;El topo&#8217;, de Tomas Alfredson, &#8216;Exodus: Dioses y reyes&#8217;, de Ridley Scott&#8230;<\/p>\n<p class=\"v-p\">Sin embargo, el grueso de su filmograf\u00eda tiene un protagonista: Pedro Almod\u00f3var. Cerrej\u00f3n ha trabajado en todas las bandas sonoras que Iglesias ha firmado para el manchego desde &#8216;Los abrazos rotos&#8217;: &#8216;La piel que habito&#8217;, &#8216;Los amantes pasajeros&#8217;, &#8216;Dolor y gloria&#8217;, &#8216;La habitaci\u00f3n de al lado&#8217;&#8230; La pr\u00f3xima semana viajar\u00e1 a los m\u00edticos estudios Abbey Road de Londres para grabar la m\u00fasica de &#8216;Amarga Navidad&#8217;, que se estrena el 20 de marzo. <\/p>\n<p class=\"v-p\">Ya ha visto la pel\u00edcula, claro, pero no puede soltar prenda: \u00abSolo puedo decir que es preciosa y que Alberto ha hecho un trabajo fin\u00edsimo. Le sigo admirando como m\u00fasico despu\u00e9s de veinte a\u00f1os. Pero es que como persona es un amor: sensible, tranquilo, respetuoso, emp\u00e1tico&#8230;\u00bb, alaba el m\u00fasico. Iglesias escribe la partitura y Cerrej\u00f3n interviene en el largo y complejo proceso para que esas notas acaben acompa\u00f1ando a las im\u00e1genes. \u00abSolemos tener solo dos o tres meses, como mucho, para hacer una banda sonora\u00bb, explica. \u00abEstoy en su estudio todos los d\u00edas del a\u00f1o, haya pel\u00edcula o no\u00bb.<\/p>\n<p><img decoding=\"async\" loading=\"lazy\" src=\"https:\/\/www.europesays.com\/es\/wp-content\/uploads\/2025\/11\/los-domingos-kBsB--650x455@El Correo.jpg\" class=\"v-a-img\" width=\"650\" height=\"455\" alt=\"La actriz getxotarra Blanca Soroa (en el centro en una escena del filme) canta en un coro en la vida real.\" data-voc-vtm-id=\"in-text-traffic\"\/><\/p>\n<p>La actriz getxotarra Blanca Soroa (en el centro en una escena del filme) canta en un coro en la vida real.<\/p>\n<p><img loading=\"lazy\" decoding=\"async\" src=\"https:\/\/www.europesays.com\/es\/wp-content\/uploads\/2025\/11\/los-domingos-kBsB--650x455@El Correo.jpg\" class=\"v-mdl__img-z\" width=\"650\" height=\"455\" alt=\"\"\/><\/p>\n<p class=\"v-p\">La orquestaci\u00f3n y producci\u00f3n de las grabaciones se realiza en Londres. Hay que contratar a los m\u00fasicos, optimizar la sesiones en Abbey Road o AIR Studios&#8230; \u00abSuelen ser cinco o seis d\u00edas intensos de grabaci\u00f3n, nueve horas diarias. Cada hora cuesta mucho dinero\u00bb, remarca. Los solistas y el concertino suelen ser casi siempre los mismos, reputados m\u00fasicos de estudio. \u00abEn Londres hay toda una industria de la banda sonora, muchas pel\u00edculas americanas graban su m\u00fasica all\u00ed\u00bb, descubre. \u00abLos estudios funcionan todos los d\u00edas de la semana de ocho de la ma\u00f1ana a dos de la madrugada\u00bb. Solo las vacas sagradas, como John Williams, pueden permitirse el lujo de grabar con toda una orquesta, como la Sinf\u00f3nica de Londres. \u00abEl 90% de las bandas sonoras se graba con m\u00fasicos de sesi\u00f3n\u00bb, informa Cerrej\u00f3n.<\/p>\n<p>Quevedo y Bizarrap<\/p>\n<p class=\"v-p\">Una peculiaridad de la m\u00fasica de &#8216;Los domingos&#8217; es que tuvo que estar lista antes del rodaje. El productor Manu Calvo le propuso los arreglos para dos temas que iban a interpretar un coro de j\u00f3venes. \u00abHab\u00eda visto &#8216;Cinco lobitos&#8217; y la serie &#8216;Querer&#8217; y me hab\u00edan alucinado. Alauda lo ten\u00eda todo en la cabeza ya en el guion\u00bb. A Cerrej\u00f3n le pidi\u00f3 una pieza cl\u00e1sica y este le sugiri\u00f3 el &#8216;Ave Verum&#8217;, de Mozart. Despu\u00e9s hab\u00eda que seleccionar dos temas modernos de una lista elaborada por la &#8216;music editor&#8217;, Carmen Rodr\u00edguez, que se encarga de licenciar y pedir los permisos a las editoriales y discogr\u00e1ficas. Al inicio del filme, los chicos escuchan un tema de Quevedo y Bizarrap, pero cuando est\u00e1n bailando en la discoteca, de modo extradieg\u00e9tico, el espectador solo oye m\u00fasica sacra. David Cerrej\u00f3n tuvo para elegir \u00abentre veinte temazos\u00bb, como el &#8216;Aleluya&#8217;, de Leonard Cohen, \u00abpero no todos se prestaban para arreglos de piano y coros\u00bb. <\/p>\n<p class=\"v-p\">La letra de &#8216;Into My Arms&#8217; arranca: \u00abNo creo en un Dios intervencionista, pero s\u00e9, cari\u00f1o, que t\u00fa s\u00ed\u00bb. Cerrej\u00f3n admite que la primera vez que lo escuch\u00f3 se qued\u00f3 \u00abalucinado\u00bb. Alauda Ruiz de Az\u00faa tambi\u00e9n lo tuvo claro. \u00abMe da un poco de verg\u00fcenza admitir que no conoc\u00eda el tema. Tampoco &#8216;Aitormena&#8217;, del que hay varias versiones. Est\u00e1 la balada rock que Hertzainak tocaba en los conciertos y la versi\u00f3n con cuarteto de cuerda que sacaron a comienzos de los 90. Y esa me enamor\u00f3, me agarr\u00e9 a ella. No s\u00e9 euskera, as\u00ed que lo primero que hice fue traducir la letra. Y supe que iba a funcionar\u00bb.<\/p>\n<p><img decoding=\"async\" loading=\"lazy\" src=\"https:\/\/www.europesays.com\/es\/wp-content\/uploads\/2025\/11\/blanca-soroa-kBsB--650x455@El Correo.jpg\" class=\"v-a-img\" width=\"650\" height=\"455\" alt=\"Blanca Soroa en una escena de 'Los domingos'.\" data-voc-vtm-id=\"in-text-traffic\"\/><\/p>\n<p>Blanca Soroa en una escena de &#8216;Los domingos&#8217;.<\/p>\n<p><img loading=\"lazy\" decoding=\"async\" src=\"https:\/\/www.europesays.com\/es\/wp-content\/uploads\/2025\/11\/blanca-soroa-kBsB--650x455@El Correo.jpg\" class=\"v-mdl__img-z\" width=\"650\" height=\"455\" alt=\"\"\/><\/p>\n<p class=\"v-p\">Cantaba Hertzainak: \u00abNos hemos vuelto esclavos de la rutina, cari\u00f1o, liber\u00e9monos cuanto antes\u00bb. Hay quien dice que &#8216;Aitormena&#8217; fue compuesta como despedida porque la banda planteaba la separaci\u00f3n. La composici\u00f3n de Josu Zabala supuso el bal\u00f3n de ox\u00edgeno que alarg\u00f3 su vida varios a\u00f1os m\u00e1s. Cuando suena en &#8216;Los domingos&#8217;, con Ainara pasando de la algorte\u00f1a iglesia del Redentor al convento, un escalofr\u00edo asalta al p\u00fablico.<\/p>\n<p class=\"v-p\">La banda sonora de la cinta \u2013siete canciones, 25 minutos\u2013 est\u00e1 disponible en plataformas como Spotify y Apple Music. Como curiosidad, la actriz getxotarra Blanca Soro tambi\u00e9n canta, ya que forma parte de un coro en la vida real. \u00abVaya que si canta. La cr\u00eda es un portento, se defin\u00eda como m\u00fasica y actriz\u00bb, piropea Cerrej\u00f3n. Izaskun Kintana dirigi\u00f3 los ensayos y la grabaci\u00f3n del coro en Bilbao. El pianista Gorka Aguinaga tambi\u00e9n form\u00f3 parte del equipo. No habr\u00e1 disco f\u00edsico, porque, como explica su autor, \u00abya no se venden\u00bb. \u00abLos de Alberto Iglesias se editan, pero como un asunto nost\u00e1lgico con tiradas de 500 o 800 ced\u00e9s, aunque ahora se venden m\u00e1s los vinilos\u00bb.<\/p>\n<p class=\"v-p\">Para el m\u00fasico, el \u00e9xito de &#8216;Los domingos&#8217; reside \u00aben que puedes empatizar con las dos posturas: qu\u00e9 pasa por la cabeza de la ni\u00f1a \u2013la m\u00e1s dif\u00edcil de entender\u2013 y de la t\u00eda. Es de un realismo sobrecogedor. Oyes hablar a Alauda y dice las cosas con tanta asertividad, inteligencia y prudencia&#8230;\u00bb. \u00bfEs &#8216;Los domingos&#8217; el inicio de una carrera como compositor? \u00abNunca se sabe. Mi trabajo est\u00e1 con Alberto, pero hay huecos entre pel\u00edcula y pel\u00edcula\u00bb.<\/p>\n","protected":false},"excerpt":{"rendered":"Pocas veces una pel\u00edcula despierta un debate social como el provocado por &#8216;Los domingos&#8217;. Estrenado el pasado 24&hellip;\n","protected":false},"author":2,"featured_media":235424,"comment_status":"","ping_status":"","sticky":false,"template":"","format":"standard","meta":{"footnotes":""},"categories":[169],"tags":[177,24649,10555,146,147,25,24,176,175,185,61173,23,61174],"class_list":{"0":"post-235423","1":"post","2":"type-post","3":"status-publish","4":"format-standard","5":"has-post-thumbnail","7":"category-cine","8":"tag-cine","9":"tag-culpable","10":"tag-domingos","11":"tag-entertainment","12":"tag-entretenimiento","13":"tag-es","14":"tag-espana","15":"tag-film","16":"tag-movies","17":"tag-musica","18":"tag-salgamos","19":"tag-spain","20":"tag-tarareando"},"share_on_mastodon":{"url":"https:\/\/pubeurope.com\/@es\/115547784639394076","error":""},"_links":{"self":[{"href":"https:\/\/www.europesays.com\/es\/wp-json\/wp\/v2\/posts\/235423","targetHints":{"allow":["GET"]}}],"collection":[{"href":"https:\/\/www.europesays.com\/es\/wp-json\/wp\/v2\/posts"}],"about":[{"href":"https:\/\/www.europesays.com\/es\/wp-json\/wp\/v2\/types\/post"}],"author":[{"embeddable":true,"href":"https:\/\/www.europesays.com\/es\/wp-json\/wp\/v2\/users\/2"}],"replies":[{"embeddable":true,"href":"https:\/\/www.europesays.com\/es\/wp-json\/wp\/v2\/comments?post=235423"}],"version-history":[{"count":0,"href":"https:\/\/www.europesays.com\/es\/wp-json\/wp\/v2\/posts\/235423\/revisions"}],"wp:featuredmedia":[{"embeddable":true,"href":"https:\/\/www.europesays.com\/es\/wp-json\/wp\/v2\/media\/235424"}],"wp:attachment":[{"href":"https:\/\/www.europesays.com\/es\/wp-json\/wp\/v2\/media?parent=235423"}],"wp:term":[{"taxonomy":"category","embeddable":true,"href":"https:\/\/www.europesays.com\/es\/wp-json\/wp\/v2\/categories?post=235423"},{"taxonomy":"post_tag","embeddable":true,"href":"https:\/\/www.europesays.com\/es\/wp-json\/wp\/v2\/tags?post=235423"}],"curies":[{"name":"wp","href":"https:\/\/api.w.org\/{rel}","templated":true}]}}