{"id":235436,"date":"2025-11-14T11:26:21","date_gmt":"2025-11-14T11:26:21","guid":{"rendered":"https:\/\/www.europesays.com\/es\/235436\/"},"modified":"2025-11-14T11:26:21","modified_gmt":"2025-11-14T11:26:21","slug":"avisos-amarillos-y-bajada-de-las-temperaturas","status":"publish","type":"post","link":"https:\/\/www.europesays.com\/es\/235436\/","title":{"rendered":"avisos amarillos y bajada de las temperaturas"},"content":{"rendered":"<p style=\"\">El oto\u00f1o avanza sin pausa y el tiempo que le caracteriza se est\u00e1 haciendo notable en Espa\u00f1a. En una \u00e9poca marcada por<strong> la inestabilidad <\/strong>y la bajada progresiva de las temperaturas, los \u00faltimos d\u00edas han sido protagonizados por<a href=\"https:\/\/www.abc.es\/sociedad\/aemet-avisa-llegada-fuertes-lluvias-tormentas-espana-20251112201138-nt.html\" title=\"www.abc.es\" data-voc-vtm-id=\"in-text-traffic\" data-mrf-link=\"www.abc.es\" rel=\"nofollow noopener\" target=\"_blank\"> la borrasca Claudia. <\/a><\/p>\n<p style=\"\">Este frente ha  &#8230; alcanzado su punto m\u00e1s \u00e1lgido este pasado mi\u00e9rcoles y jueves, con acumulados superiores a 80 l\/m2 y rachas de viento de hasta 100 kil\u00f3metros por hora, afectando principalmente a Canarias, donde se han registrado incidentes relacionados con <strong>desprendimientos en carreteras, rebosamiento de alcantarillas y achiques de agua en viviendas<\/strong>. <\/p>\n<p class=\"voc-p\" style=\"\">Sin embargo, llegado este viernes, 14 de noviembre, lo peor del temporal por Claudia parece haber pasado y tan solo se notar\u00e1n los restos de <strong>la borrasca, traducidos en la continuaci\u00f3n de lluvias y viento<\/strong>, pero menos intensos. As\u00ed lo avanza la Agencia Estatal de Meteorolog\u00eda (Aemet) en su pron\u00f3stico del tiempo para el fin de semana. <\/p>\n<p>\nEstas son las zonas de Espa\u00f1a en las que va a llover seg\u00fan la Aemet\n<\/p>\n<p class=\"voc-p\" style=\"\">En concreto, el organismo meteorol\u00f3gico ha indicado que durante el viernes y el s\u00e1bado <strong>\u00abcontinuar\u00e1n las lluvias y rachas de viento fuertes o muy fuertes\u00bb<\/strong>. Este 14 noviembre, la Aemet tiene activado el <strong>aviso naranja por lluvia en Extremadura y por precipitaciones y viento en Castilla y Le\u00f3n <\/strong>al inicio del d\u00eda, aviso que se convierte en amarillo para el resto de la jornada y se extiende a otras zonas en este mismo nivel. <\/p>\n<p class=\"voc-p\" style=\"\"><strong>Andaluc\u00eda occidental, Pirineo, sistema Central y oeste de Galicia, cordillera Cant\u00e1brica y Albor\u00e1n tendr\u00e1n hoy lluvias fuertes y persistentes<\/strong>, con rachas de viento muy intensas en \u00abmonta\u00f1as de Mallorca y del centro y mitad norte peninsular, as\u00ed como en el Cant\u00e1brico oriental y litorales atl\u00e1nticos\u00bb, indica el organismo.<\/p>\n<p class=\"voc-p\" style=\"\">Durante el s\u00e1bado, 15 de noviembre, se mantiene algunos <strong>avisos amarillos por lluvias, siendo las zonas m\u00e1s afectadas el Pirineo, sistema Central, oeste de Galicia y amplias zonas del cuadrante suroeste peninsular<\/strong>, donde ir\u00e1n con tormenta. Por otro lado las rachas de viento contin\u00faan muy fuertes en litorales atl\u00e1nticos y principales entornos de monta\u00f1a.<\/p>\n<blockquote class=\"twitter-tweet\">\n<p lang=\"es\" dir=\"ltr\">Viernes y s\u00e1bado : en la pen\u00ednsula continuar\u00e1n las lluvias y las rachas de viento fuertes o muy fuertes.<\/p>\n<p>Domingo: chubascos ocasionales en la pen\u00ednsula y Baleares.<\/p>\n<p>\ud83c\udf21\ufe0fTemperaturas en general propias de la \u00e9poca con ambiente h\u00famedo y desapacible. <a href=\"https:\/\/t.co\/JbikBFKSs5\" rel=\"nofollow\">pic.twitter.com\/JbikBFKSs5<\/a><\/p>\n<p>\u2014 AEMET (@AEMET_Esp) <a href=\"https:\/\/twitter.com\/AEMET_Esp\/status\/1988927618348118423?ref_src=twsrc%5Etfw\" rel=\"nofollow noopener\" target=\"_blank\">November 13, 2025<\/a><\/p><\/blockquote>\n<p class=\"voc-p\" style=\"\">De cara al 16 de noviembre, \u00faltimo d\u00eda del fin de semana, la Aemet indica lo siguiente: \u00abSe espera que la <strong>borrasca Claudia<\/strong> permanezca estacionaria centrada al noroeste de Galicia, dejando un predominio de cielos nubosos o cubiertos con <strong>precipitaciones asociadas a un frente que afectar\u00e1n a la mitad sureste en la primera parte del d\u00eda y a Baleares<\/strong> por la tarde; asimismo se esperan precipitaciones que pueden ser persistentes y<strong> puntualmente fuertes en el oeste de Galicia<\/strong>\u00bb. Un panorama similar se espera en Canarias, afectando m\u00e1s a la zona norte en las primeras horas del d\u00eda. <\/p>\n<p>\nQueda atr\u00e1s la puntual subida de las temperaturas\n<\/p>\n<p class=\"voc-p\" style=\"\">Con la borrasca Claudia en pleno esplendor durante los \u00faltimos d\u00edas de esta semana, los term\u00f3metros registraron un leve y puntual aumento de las temperaturas en varias zonas del pa\u00eds, pero esto va a ser diferente durante el viernes y el fin de semana. Aunque de manera no muy acusada, se espera un ambiente m\u00e1s fr\u00edo en varios puntos de la pen\u00ednsula. Por ejemplo,<strong> este viernes, la Aemet avisa de temperaturas en descenso en la mayor parte del pa\u00eds<\/strong>, localmente notable para las m\u00e1ximas en el Pirineo, en cuyas cumbres habr\u00e1 heladas, y en zonas de Andaluc\u00eda oriental y Castilla-La Mancha. <\/p>\n<p class=\"voc-p\" style=\"\">Seguir\u00e1n <strong>descendiendo el s\u00e1bado las m\u00e1ximas en el cuadrante nordeste, norte de las mesetas Sur y Baleares<\/strong>, as\u00ed como las m\u00ednimas en el Cant\u00e1brico, fachada oriental y tercio nordeste peninsular. Una ligera subida de las m\u00e1ximas se notar\u00e1 en Albor\u00e1n, sierras del sureste peninsular e interiores de Catalu\u00f1a. <\/p>\n<p class=\"voc-p\" style=\"\">El domingo 16 de noviembre, por su parte, los mercurios mostrar\u00e1n <strong>la bajada de las m\u00e1ximas en el Ebro e interiores del tercio oriental peninsular<\/strong>, \u00abcon aumentos en el suroeste peninsular y oeste de Albor\u00e1n. Pocos cambios en el resto. <strong>M\u00ednimas en descenso de ligero y moderado en la Pen\u00ednsula y Baleares<\/strong>, con aumento ligeros en Canarias. Heladas d\u00e9biles en los principales entornos de monta\u00f1a\u00bb, avanza la Aemet.<\/p>\n<p><script async src=\"https:\/\/platform.twitter.com\/widgets.js\" charset=\"utf-8\"><\/script><\/p>\n","protected":false},"excerpt":{"rendered":"El oto\u00f1o avanza sin pausa y el tiempo que le caracteriza se est\u00e1 haciendo notable en Espa\u00f1a. En&hellip;\n","protected":false},"author":2,"featured_media":235437,"comment_status":"","ping_status":"","sticky":false,"template":"","format":"standard","meta":{"footnotes":""},"categories":[8],"tags":[2980,8866,12389,24451,17,18,25,24,13,14,772,11,19,20,41429,23009,9,10,15,16,773,23,6195,12,21,22,7996],"class_list":{"0":"post-235436","1":"post","2":"type-post","3":"status-publish","4":"format-standard","5":"has-post-thumbnail","7":"category-espana","8":"tag-aemet","9":"tag-avanza","10":"tag-avisos","11":"tag-bajada","12":"tag-breaking-news","13":"tag-breakingnews","14":"tag-es","15":"tag-espana","16":"tag-featured-news","17":"tag-featurednews","18":"tag-fin","19":"tag-headlines","20":"tag-latest-news","21":"tag-latestnews","22":"tag-llover","23":"tag-naranjas","24":"tag-news","25":"tag-noticias","26":"tag-noticias-destacadas","27":"tag-noticiasdestacadas","28":"tag-semana","29":"tag-spain","30":"tag-temperaturas","31":"tag-titulares","32":"tag-ultimas-noticias","33":"tag-ultimasnoticias","34":"tag-zonas"},"share_on_mastodon":{"url":"https:\/\/pubeurope.com\/@es\/115547811735611836","error":""},"_links":{"self":[{"href":"https:\/\/www.europesays.com\/es\/wp-json\/wp\/v2\/posts\/235436","targetHints":{"allow":["GET"]}}],"collection":[{"href":"https:\/\/www.europesays.com\/es\/wp-json\/wp\/v2\/posts"}],"about":[{"href":"https:\/\/www.europesays.com\/es\/wp-json\/wp\/v2\/types\/post"}],"author":[{"embeddable":true,"href":"https:\/\/www.europesays.com\/es\/wp-json\/wp\/v2\/users\/2"}],"replies":[{"embeddable":true,"href":"https:\/\/www.europesays.com\/es\/wp-json\/wp\/v2\/comments?post=235436"}],"version-history":[{"count":0,"href":"https:\/\/www.europesays.com\/es\/wp-json\/wp\/v2\/posts\/235436\/revisions"}],"wp:featuredmedia":[{"embeddable":true,"href":"https:\/\/www.europesays.com\/es\/wp-json\/wp\/v2\/media\/235437"}],"wp:attachment":[{"href":"https:\/\/www.europesays.com\/es\/wp-json\/wp\/v2\/media?parent=235436"}],"wp:term":[{"taxonomy":"category","embeddable":true,"href":"https:\/\/www.europesays.com\/es\/wp-json\/wp\/v2\/categories?post=235436"},{"taxonomy":"post_tag","embeddable":true,"href":"https:\/\/www.europesays.com\/es\/wp-json\/wp\/v2\/tags?post=235436"}],"curies":[{"name":"wp","href":"https:\/\/api.w.org\/{rel}","templated":true}]}}