{"id":235438,"date":"2025-11-14T11:27:14","date_gmt":"2025-11-14T11:27:14","guid":{"rendered":"https:\/\/www.europesays.com\/es\/235438\/"},"modified":"2025-11-14T11:27:14","modified_gmt":"2025-11-14T11:27:14","slug":"el-ayuntamiento-se-ilumina-de-azul-por-el-dia-mundial-de-la-diabetes","status":"publish","type":"post","link":"https:\/\/www.europesays.com\/es\/235438\/","title":{"rendered":"El ayuntamiento se ilumina de azul por el D\u00eda Mundial de la Diabetes"},"content":{"rendered":"<ul>\n<li class=\" cmAlignjustify\"><strong>El Ayuntamiento de M\u00f3stoles se suma a esta iniciativa de la Asociaci\u00f3n de Personas con Diabetes de M\u00f3stoles (ADM) que organiza una caminata y diferentes actividades para dar visibilidad a esta enfermedad y mostrar su apoyo a las personas con diabetes y a sus familiares, y que este a\u00f1o se posponen hasta nueva fecha por la previsi\u00f3n de lluvia persistente durante todo el d\u00eda. <\/strong><\/li>\n<\/ul>\n<p class=\"cmParagraph cmAlignjustify\"><img loading=\"lazy\" decoding=\"async\" src=\"https:\/\/www.europesays.com\/es\/wp-content\/uploads\/2025\/11\/1403210-destacada fachada ayto azul 5 copia.jpg\" width=\"400\" height=\"225\" alt=\"destacada fachada ayto azul 5 copia\"\/>El Ayuntamiento de M\u00f3stoles se suma al D\u00eda Mundial de la Diabetes iluminando de azul la fachada de la Casa Consistorial los d\u00edas 14 y 15 de noviembre para dar visibilidad a esta enfermedad cr\u00f3nica, que afecta al p\u00e1ncreas, y altera los niveles de glucosa (az\u00facar) en sangre. <\/p>\n<p class=\"cmParagraph cmAlignjustify\">Adem\u00e1s, la Asociaci\u00f3n de Personas con Diabetes de M\u00f3stoles (ADM) organiza diferentes actividades en torno a este D\u00eda Mundial, que se celebra cada a\u00f1o el 14 de noviembre, y que, este a\u00f1o, debido a la previsi\u00f3n de lluvia persistente durante todo el d\u00eda tendr\u00e1n lugar en otra fecha a\u00fan por determinar. <\/p>\n<p class=\"cmParagraph cmAlignjustify\">La ADM ha desplegado un cartel en el edificio del Centro Municipal de Mayores Juan XXIII, donde la asociaci\u00f3n tiene su sede. <\/p>\n<p class=\"cmParagraph cmAlignjustify\">Las actividades programadas (pospuestas) contemplan la caminata por la diabetes que recorrer\u00e1 las calles m\u00e1s c\u00e9ntricas de M\u00f3stoles, la instalaci\u00f3n de mesas informativas, la intervenci\u00f3n del presidente de la Asociaci\u00f3n, Juan Carlos Rodr\u00edguez, hablando de la enfermedad, una exhibici\u00f3n de danza y una actuaci\u00f3n musical de un saxofonista. <\/p>\n<p class=\"cmParagraph cmAlignjustify\">La Asociaci\u00f3n de Diab\u00e9ticos de M\u00f3stoles (ADM), que comenz\u00f3 en 1990, es una asociaci\u00f3n sin \u00e1nimo de lucro, que ofrece informaci\u00f3n, apoyo y asesoramiento a personas con diabetes y a sus familiares.<\/p>\n","protected":false},"excerpt":{"rendered":"El Ayuntamiento de M\u00f3stoles se suma a esta iniciativa de la Asociaci\u00f3n de Personas con Diabetes de M\u00f3stoles&hellip;\n","protected":false},"author":2,"featured_media":235439,"comment_status":"","ping_status":"","sticky":false,"template":"","format":"standard","meta":{"footnotes":""},"categories":[5],"tags":[1201,6853,1250,17,18,6854,777,2800,5509,25,24,13,14,11,6852,1928,6850,19,20,6849,9,10,15,16,4111,6851,23,12,21,22,6855],"class_list":{"0":"post-235438","1":"post","2":"type-post","3":"status-publish","4":"format-standard","5":"has-post-thumbnail","7":"category-titulares","8":"tag-alcalde","9":"tag-atencioacuten-ciudadana","10":"tag-ayuntamiento","11":"tag-breaking-news","12":"tag-breakingnews","13":"tag-callejero","14":"tag-ciudad","15":"tag-distritos","16":"tag-empleo","17":"tag-es","18":"tag-espana","19":"tag-featured-news","20":"tag-featurednews","21":"tag-headlines","22":"tag-inversioacuten","23":"tag-joven","24":"tag-juventud","25":"tag-latest-news","26":"tag-latestnews","27":"tag-moacutestoles","28":"tag-news","29":"tag-noticias","30":"tag-noticias-destacadas","31":"tag-noticiasdestacadas","32":"tag-presupuestos","33":"tag-sede-electroacutenica","34":"tag-spain","35":"tag-titulares","36":"tag-ultimas-noticias","37":"tag-ultimasnoticias","38":"tag-webs-municipales"},"share_on_mastodon":{"url":"https:\/\/pubeurope.com\/@es\/115547815754874435","error":""},"_links":{"self":[{"href":"https:\/\/www.europesays.com\/es\/wp-json\/wp\/v2\/posts\/235438","targetHints":{"allow":["GET"]}}],"collection":[{"href":"https:\/\/www.europesays.com\/es\/wp-json\/wp\/v2\/posts"}],"about":[{"href":"https:\/\/www.europesays.com\/es\/wp-json\/wp\/v2\/types\/post"}],"author":[{"embeddable":true,"href":"https:\/\/www.europesays.com\/es\/wp-json\/wp\/v2\/users\/2"}],"replies":[{"embeddable":true,"href":"https:\/\/www.europesays.com\/es\/wp-json\/wp\/v2\/comments?post=235438"}],"version-history":[{"count":0,"href":"https:\/\/www.europesays.com\/es\/wp-json\/wp\/v2\/posts\/235438\/revisions"}],"wp:featuredmedia":[{"embeddable":true,"href":"https:\/\/www.europesays.com\/es\/wp-json\/wp\/v2\/media\/235439"}],"wp:attachment":[{"href":"https:\/\/www.europesays.com\/es\/wp-json\/wp\/v2\/media?parent=235438"}],"wp:term":[{"taxonomy":"category","embeddable":true,"href":"https:\/\/www.europesays.com\/es\/wp-json\/wp\/v2\/categories?post=235438"},{"taxonomy":"post_tag","embeddable":true,"href":"https:\/\/www.europesays.com\/es\/wp-json\/wp\/v2\/tags?post=235438"}],"curies":[{"name":"wp","href":"https:\/\/api.w.org\/{rel}","templated":true}]}}