{"id":235471,"date":"2025-11-14T11:59:28","date_gmt":"2025-11-14T11:59:28","guid":{"rendered":"https:\/\/www.europesays.com\/es\/235471\/"},"modified":"2025-11-14T11:59:28","modified_gmt":"2025-11-14T11:59:28","slug":"firma-una-nueva-alianza-para-acabar-con-las-retransmisiones-ilegales-de-futbol","status":"publish","type":"post","link":"https:\/\/www.europesays.com\/es\/235471\/","title":{"rendered":"firma una nueva alianza para acabar con las retransmisiones ilegales de f\u00fatbol"},"content":{"rendered":"<p class=\"c-paragraph\">\u00a0La UEFA ha sellado una alianza con la organizaci\u00f3n Coalici\u00f3n contra la Pirater\u00eda (CAP) para reforzar su compromiso con<b> la protecci\u00f3n de los contenidos audiovisuales en el mercado de Asia-Pac\u00edfico,<\/b> una de las regiones donde la apropiaci\u00f3n indebida de la retransmisi\u00f3n de partidos es m\u00e1s acentuada.<\/p>\n<p class=\"c-paragraph\">\u00abLa alianza regional de los principales titulares de derechos deportivos y de medios de comunicaci\u00f3n tiene como objetivo <b>frenar la pirater\u00eda digital mediante la aplicaci\u00f3n coordinada de la ley, <\/b>iniciativas de bloqueo de sitios web y la colaboraci\u00f3n estrat\u00e9gica con gobiernos e intermediarios\u00bb, se\u00f1ala la UEFA en un comunicado.<\/p>\n<p class=\"c-paragraph\">El acuerdo con la CAP se entabla despu\u00e9s de una fase de prueba en la que <b>\u00abse aplicaron con \u00e9xito medidas de bloqueo de sitios web\u00bb<\/b> en la retransmisi\u00f3n de la pasada edici\u00f3n de la final de la Liga de Campeones en Malasia e Indonesia.<\/p>\n<p class=\"c-paragraph\">La UEFA tambi\u00e9n ha entablado una colaboraci\u00f3n el Clearing House for Copyright Infringement on the Internet (CUII), <b>una entidad alemana independiente que persigue la pirater\u00eda <\/b>y que est\u00e1 compuesta por titulares de derechos deportivos, cinematogr\u00e1ficos, musicales y de videojuegos<\/p>\n","protected":false},"excerpt":{"rendered":"\u00a0La UEFA ha sellado una alianza con la organizaci\u00f3n Coalici\u00f3n contra la Pirater\u00eda (CAP) para reforzar su compromiso&hellip;\n","protected":false},"author":2,"featured_media":235472,"comment_status":"","ping_status":"","sticky":false,"template":"","format":"standard","meta":{"footnotes":""},"categories":[268],"tags":[168,25,24,3822,280,282,13654,21023,281,23,167,6674,20877],"class_list":{"0":"post-235471","1":"post","2":"type-post","3":"status-publish","4":"format-standard","5":"has-post-thumbnail","7":"category-futbol","8":"tag-deportes","9":"tag-es","10":"tag-espana","11":"tag-firma","12":"tag-football","13":"tag-futbol","14":"tag-golpe","15":"tag-pirateria","16":"tag-soccer","17":"tag-spain","18":"tag-sports","19":"tag-uefa","20":"tag-una"},"share_on_mastodon":{"url":"https:\/\/pubeurope.com\/@es\/115547941321967859","error":""},"_links":{"self":[{"href":"https:\/\/www.europesays.com\/es\/wp-json\/wp\/v2\/posts\/235471","targetHints":{"allow":["GET"]}}],"collection":[{"href":"https:\/\/www.europesays.com\/es\/wp-json\/wp\/v2\/posts"}],"about":[{"href":"https:\/\/www.europesays.com\/es\/wp-json\/wp\/v2\/types\/post"}],"author":[{"embeddable":true,"href":"https:\/\/www.europesays.com\/es\/wp-json\/wp\/v2\/users\/2"}],"replies":[{"embeddable":true,"href":"https:\/\/www.europesays.com\/es\/wp-json\/wp\/v2\/comments?post=235471"}],"version-history":[{"count":0,"href":"https:\/\/www.europesays.com\/es\/wp-json\/wp\/v2\/posts\/235471\/revisions"}],"wp:featuredmedia":[{"embeddable":true,"href":"https:\/\/www.europesays.com\/es\/wp-json\/wp\/v2\/media\/235472"}],"wp:attachment":[{"href":"https:\/\/www.europesays.com\/es\/wp-json\/wp\/v2\/media?parent=235471"}],"wp:term":[{"taxonomy":"category","embeddable":true,"href":"https:\/\/www.europesays.com\/es\/wp-json\/wp\/v2\/categories?post=235471"},{"taxonomy":"post_tag","embeddable":true,"href":"https:\/\/www.europesays.com\/es\/wp-json\/wp\/v2\/tags?post=235471"}],"curies":[{"name":"wp","href":"https:\/\/api.w.org\/{rel}","templated":true}]}}