{"id":235473,"date":"2025-11-14T12:02:08","date_gmt":"2025-11-14T12:02:08","guid":{"rendered":"https:\/\/www.europesays.com\/es\/235473\/"},"modified":"2025-11-14T12:02:08","modified_gmt":"2025-11-14T12:02:08","slug":"aprendiendo-foto-de-calle-con-las-ricoh-gr-las-reinas-de-la-street-photo","status":"publish","type":"post","link":"https:\/\/www.europesays.com\/es\/235473\/","title":{"rendered":"Aprendiendo foto de calle con las Ricoh GR, las reinas de la street photo"},"content":{"rendered":"<p>\u00bfQu\u00e9 necesitamos para mejorar nuestra fotograf\u00eda de calle? Adem\u00e1s de una c\u00e1mara como la gama <a href=\"https:\/\/www.reflecta.com\/ricoh-gr\/?utm_source=youtube&amp;utm_medium=social&amp;utm_campaign=landing_ricoh_gr&amp;utm_content=photolari\" rel=\"nofollow noopener\" target=\"_blank\"><strong>Ricoh GR<\/strong><\/a> que desde hace d\u00e9cadas est\u00e1 dise\u00f1ada pensando en esta especialidad, tambi\u00e9n es clave escuchar a quienes saben del tema.<\/p>\n<p>As\u00ed que en este v\u00eddeo -patrocinado por Ricoh- os proponemos un plan inmejorable: irnos de paseo por Barcelona junto a los fot\u00f3grafos <strong><a href=\"https:\/\/www.instagram.com\/dbonomos\/\" rel=\"nofollow noopener\" target=\"_blank\">David Tellez<\/a><\/strong> y <strong><a href=\"https:\/\/www.instagram.com\/ricoimba\/\" rel=\"nofollow noopener\" target=\"_blank\">David Rico<\/a><\/strong> para ver c\u00f3mo trabajan ellos con la nueva <strong>Ricoh GR IV<\/strong> y la <strong>Ricoh GR III X<\/strong>.<\/p>\n<p>\nPublicidad&#13;<br \/>\n  &#13;\n<\/p>\n<p><img fetchpriority=\"high\" decoding=\"async\" data-attachment-id=\"82278\" data-permalink=\"https:\/\/photolari.com\/aprendiendo-foto-de-calle-con-las-ricoh-gr-las-reinas-de-la-street-photo\/ricoh-gr-iv_08\/\" data-orig-file=\"https:\/\/www.europesays.com\/es\/wp-content\/uploads\/2025\/11\/ricoh-gr-iv-08.jpg\" data-orig-size=\"1200,800\" data-comments-opened=\"1\" data-image-meta=\"{&quot;aperture&quot;:&quot;5.6&quot;,&quot;credit&quot;:&quot;&quot;,&quot;camera&quot;:&quot;Canon EOS R6&quot;,&quot;caption&quot;:&quot;&quot;,&quot;created_timestamp&quot;:&quot;1760015985&quot;,&quot;copyright&quot;:&quot;&quot;,&quot;focal_length&quot;:&quot;79&quot;,&quot;iso&quot;:&quot;1000&quot;,&quot;shutter_speed&quot;:&quot;0.025&quot;,&quot;title&quot;:&quot;&quot;,&quot;orientation&quot;:&quot;1&quot;}\" data-image-title=\"Ricoh GR IV_08\" data-image-description=\"\" data-image-caption=\"\" data-medium-file=\"https:\/\/photolari.com\/wp-content\/uploads\/2025\/10\/ricoh-gr-iv-08-300x200.jpg\" data-large-file=\"https:\/\/photolari.com\/wp-content\/uploads\/2025\/10\/ricoh-gr-iv-08-1030x687.jpg\" class=\"alignnone size-full wp-image-82278\" src=\"https:\/\/www.europesays.com\/es\/wp-content\/uploads\/2025\/11\/ricoh-gr-iv-08.jpg\" alt=\"Ricoh GR IV_08\" width=\"1200\" height=\"800\"  \/><\/p>\n<p><img loading=\"lazy\" decoding=\"async\" data-attachment-id=\"82274\" data-permalink=\"https:\/\/photolari.com\/aprendiendo-foto-de-calle-con-las-ricoh-gr-las-reinas-de-la-street-photo\/ricoh-gr-iv_04\/\" data-orig-file=\"https:\/\/www.europesays.com\/es\/wp-content\/uploads\/2025\/11\/ricoh-gr-iv-04.jpg\" data-orig-size=\"1200,800\" data-comments-opened=\"1\" data-image-meta=\"{&quot;aperture&quot;:&quot;8&quot;,&quot;credit&quot;:&quot;&quot;,&quot;camera&quot;:&quot;Canon EOS R6&quot;,&quot;caption&quot;:&quot;&quot;,&quot;created_timestamp&quot;:&quot;1760015342&quot;,&quot;copyright&quot;:&quot;&quot;,&quot;focal_length&quot;:&quot;93&quot;,&quot;iso&quot;:&quot;400&quot;,&quot;shutter_speed&quot;:&quot;0.004&quot;,&quot;title&quot;:&quot;&quot;,&quot;orientation&quot;:&quot;1&quot;}\" data-image-title=\"Ricoh GR IV_04\" data-image-description=\"\" data-image-caption=\"\" data-medium-file=\"https:\/\/photolari.com\/wp-content\/uploads\/2025\/10\/ricoh-gr-iv-04-300x200.jpg\" data-large-file=\"https:\/\/photolari.com\/wp-content\/uploads\/2025\/10\/ricoh-gr-iv-04-1030x687.jpg\" class=\"alignnone size-full wp-image-82274\" src=\"https:\/\/www.europesays.com\/es\/wp-content\/uploads\/2025\/11\/ricoh-gr-iv-04.jpg\" alt=\"Ricoh GR IV_04\" width=\"1200\" height=\"800\"  \/><\/p>\n<p>Una aut\u00e9ntica master class de street photography para descubrir los mejores ajustes de disparo o ver c\u00f3mo afrontan ellos una escena. Adem\u00e1s, aprovechamos para repasar las prestaciones m\u00e1s destacadas de una c\u00e1mara que no s\u00f3lo puede presumir de ser la APS-C m\u00e1s compacta del mercado, sino tambi\u00e9n de estar concebidas, tanto en su versi\u00f3n de 28 como de 40 mm, para ofrecer el dise\u00f1o, agilidad, rendimiento y discreci\u00f3n que son tan importantes en la fotograf\u00eda de calle.<\/p>\n<p>As\u00ed lo confirman las mejoras de esta \u00faltima generaci\u00f3n en el estabilizador de imagen, el enfoque autom\u00e1tico, la velocidad de encendido o el dise\u00f1o todav\u00eda m\u00e1s compacto gracias al redise\u00f1o de la \u00f3ptica. Todo ello sin olvidarnos de la <strong>aplicaci\u00f3n GR World<\/strong> que permite pasar de forma muy sencillas las fotos de la c\u00e1mara al smartphone.<\/p>\n<p><strong>Este es un contenido patrocinado por Reflecta, importador oficial de Pentax-Ricoh en Espa\u00f1a.<\/strong><\/p>\n<p>\n\tRelacionado\n<\/p>\n<p>    <script async src=\"\/\/www.instagram.com\/embed.js\"><\/script><\/p>\n","protected":false},"excerpt":{"rendered":"\u00bfQu\u00e9 necesitamos para mejorar nuestra fotograf\u00eda de calle? Adem\u00e1s de una c\u00e1mara como la gama Ricoh GR que&hellip;\n","protected":false},"author":2,"featured_media":235474,"comment_status":"","ping_status":"","sticky":false,"template":"","format":"standard","meta":{"footnotes":""},"categories":[173],"tags":[229,233,231,230,61178,232,234,146,147,25,24,61179,61180,23],"class_list":{"0":"post-235473","1":"post","2":"type-post","3":"status-publish","4":"format-standard","5":"has-post-thumbnail","7":"category-arte-y-diseno","8":"tag-arte","9":"tag-arte-y-diseno","10":"tag-arts","11":"tag-arts-and-design","12":"tag-camaras-compactas","13":"tag-design","14":"tag-diseno","15":"tag-entertainment","16":"tag-entretenimiento","17":"tag-es","18":"tag-espana","19":"tag-fotografia-de-calle","20":"tag-ricoh","21":"tag-spain"},"share_on_mastodon":{"url":"https:\/\/pubeurope.com\/@es\/115547953438595605","error":""},"_links":{"self":[{"href":"https:\/\/www.europesays.com\/es\/wp-json\/wp\/v2\/posts\/235473","targetHints":{"allow":["GET"]}}],"collection":[{"href":"https:\/\/www.europesays.com\/es\/wp-json\/wp\/v2\/posts"}],"about":[{"href":"https:\/\/www.europesays.com\/es\/wp-json\/wp\/v2\/types\/post"}],"author":[{"embeddable":true,"href":"https:\/\/www.europesays.com\/es\/wp-json\/wp\/v2\/users\/2"}],"replies":[{"embeddable":true,"href":"https:\/\/www.europesays.com\/es\/wp-json\/wp\/v2\/comments?post=235473"}],"version-history":[{"count":0,"href":"https:\/\/www.europesays.com\/es\/wp-json\/wp\/v2\/posts\/235473\/revisions"}],"wp:featuredmedia":[{"embeddable":true,"href":"https:\/\/www.europesays.com\/es\/wp-json\/wp\/v2\/media\/235474"}],"wp:attachment":[{"href":"https:\/\/www.europesays.com\/es\/wp-json\/wp\/v2\/media?parent=235473"}],"wp:term":[{"taxonomy":"category","embeddable":true,"href":"https:\/\/www.europesays.com\/es\/wp-json\/wp\/v2\/categories?post=235473"},{"taxonomy":"post_tag","embeddable":true,"href":"https:\/\/www.europesays.com\/es\/wp-json\/wp\/v2\/tags?post=235473"}],"curies":[{"name":"wp","href":"https:\/\/api.w.org\/{rel}","templated":true}]}}