{"id":235505,"date":"2025-11-14T12:28:09","date_gmt":"2025-11-14T12:28:09","guid":{"rendered":"https:\/\/www.europesays.com\/es\/235505\/"},"modified":"2025-11-14T12:28:09","modified_gmt":"2025-11-14T12:28:09","slug":"lady-gaga-rodo-ha-nacido-una-estrella-bajo-los-efectos-del-litio-y-recibio-atencion-psiquiatrica-durante-la-gira-joanne-me-siento-afortunada-de-estar-viva","status":"publish","type":"post","link":"https:\/\/www.europesays.com\/es\/235505\/","title":{"rendered":"Lady Gaga rod\u00f3 \u2018Ha nacido una estrella\u2019 bajo los efectos del litio y recibi\u00f3 atenci\u00f3n psiqui\u00e1trica durante la gira \u2018Joanne\u2019: \u201cMe siento afortunada de estar viva\u201d | Gente"},"content":{"rendered":"<p class=\"\">La cantante<a href=\"https:\/\/elpais.com\/videos\/2025-10-31\/lady-gaga-en-barcelona-mas-que-un-concierto-un-espectaculo-inmersivo-de-lo-mejor-de-la-artista.html?autoplay=1\" target=\"_blank\" rel=\"nofollow noopener\" title=\"https:\/\/elpais.com\/videos\/2025-10-31\/lady-gaga-en-barcelona-mas-que-un-concierto-un-espectaculo-inmersivo-de-lo-mejor-de-la-artista.html?autoplay=1\"> Lady Gaga<\/a> (Nueva York, 39 a\u00f1os) ha destacado en la industria de la m\u00fasica, adem\u00e1s de por su voz, por ser \u00fanica y diferente. Pero su rareza no siempre fue celebrada, ella sufri\u00f3 bullying en la escuela, al punto de que sus compa\u00f1eros hicieron un grupo de Facebook con el nombre \u201cStefani Germanotta [su verdadero nombre], nunca ser\u00e1s famosa\u201d, para humillarla. A\u00f1os despu\u00e9s, cuando comenz\u00f3 su carrera, <a href=\"https:\/\/elpais.com\/cultura\/2025-10-29\/baila-o-muere-lady-gaga-arrasa-con-una-tenebrosamente-luminosa-opera-pop-en-el-sant-jordi.html\" target=\"_blank\" rel=\"nofollow noopener\" title=\"https:\/\/elpais.com\/cultura\/2025-10-29\/baila-o-muere-lady-gaga-arrasa-con-una-tenebrosamente-luminosa-opera-pop-en-el-sant-jordi.html\">Gaga<\/a> sufri\u00f3 una violaci\u00f3n a los 19 a\u00f1os de su productor musical, seg\u00fan ella misma ha contado en el pasado. Adem\u00e1s, <a href=\"https:\/\/elpais.com\/elpais\/2017\/09\/13\/gente\/1505283105_621169.html\" target=\"_blank\" rel=\"nofollow noopener\" title=\"https:\/\/elpais.com\/elpais\/2017\/09\/13\/gente\/1505283105_621169.html\">padece de fibromialgia<\/a>, una enfermedad sin cura que provoca dolores intensos en todo el cuerpo. Pese a ello, la cantante y actriz se ha hecho conocida por hablar y concienciar de los problemas de salud mental. Recientemente, en una entrevista con la revista <a href=\"https:\/\/www.rollingstone.com\/music\/music-features\/lady-gaga-mayhem-tour-grammys-cover-story-interview-1235460150\/\" target=\"_blank\" rel=\"nofollow noopener\" title=\"https:\/\/www.rollingstone.com\/music\/music-features\/lady-gaga-mayhem-tour-grammys-cover-story-interview-1235460150\/\">Rolling Stone<\/a> publicada este jueves, ha revelado uno de los momentos m\u00e1s dif\u00edciles de su trayectoria, en el que, seg\u00fan describe, lidiaba con problemas de salud mental: \u201cGrab\u00e9 Ha nacido una estrella bajo los efectos del litio\u00bb. <a href=\"https:\/\/elpais.com\/ciencia\/materia-gris\/2025-09-12\/enfermedad-de-alzheimer-el-litio-da-esperanza.html\" target=\"_blank\" rel=\"noreferrer nofollow noopener\" title=\"https:\/\/elpais.com\/ciencia\/materia-gris\/2025-09-12\/enfermedad-de-alzheimer-el-litio-da-esperanza.html\">El litio <\/a>es un metal alcalino muy poco denso que ha demostrado su eficacia en el tratamiento de la man\u00eda y la depresi\u00f3n, es decir, como estabilizador del estado de \u00e1nimo.<\/p>\n<p class=\"\">Mientras <a href=\"https:\/\/elpais.com\/cultura\/2025-07-17\/la-lady-gaga-mas-gotica-y-brutal-arranca-en-las-vegas-nueva-gira-convirtiendo-su-vida-en-una-opera.html\" target=\"_blank\" rel=\"nofollow noopener\" title=\"https:\/\/elpais.com\/cultura\/2025-07-17\/la-lady-gaga-mas-gotica-y-brutal-arranca-en-las-vegas-nueva-gira-convirtiendo-su-vida-en-una-opera.html\">Gaga<\/a> estaba en uno de sus mejores momentos profesionales \u2014fue elegida como la responsable del medio tiempo en el Super Bowl y reconocida con m\u00faltiples premios Globos de Oro y un Oscar por su pel\u00edcula con Bradley Cooper\u2014, su salud mental se deterioraba cada vez m\u00e1s. Fue entre el final del rodaje del filme y la gira mundial de su \u00e1lbum Joanne, que empez\u00f3 en agosto de 2017, cuando se dio cuenta de que necesitaba ayuda, y asegura que experiment\u00f3 un brote psic\u00f3tico. \u201cHubo un d\u00eda en el que mi hermana me dijo: \u2018Ya no reconozco a mi hermana\u201d, cuenta en la entrevista. \u201cY cancel\u00e9 la gira. Un d\u00eda me ingres\u00e9 en el hospital para recibir atenci\u00f3n psiqui\u00e1trica. Necesitaba un respiro. No pod\u00eda hacer nada&#8230; Me derrumb\u00e9 por completo. Fue realmente aterrador. Hubo un momento en que pens\u00e9 que no podr\u00eda recuperarme&#8230; Me siento muy afortunada de estar viva. S\u00e9 que puede sonar dram\u00e1tico, pero sabemos c\u00f3mo puede terminar esto\u201d.<\/p>\n<p>M\u00e1s informaci\u00f3n<\/p>\n<p class=\"\"><a href=\"https:\/\/elpais.com\/us\/entretenimiento\/2025-06-02\/lady-gaga-se-une-a-wednesday-como-la-profesora-rosaline-rotwood.html\" target=\"_blank\" rel=\"nofollow noopener\" title=\"https:\/\/elpais.com\/us\/entretenimiento\/2025-06-02\/lady-gaga-se-une-a-wednesday-como-la-profesora-rosaline-rotwood.html\">La cantante y actriz<\/a> ahora se encuentra bien, se ve a s\u00ed misma como \u201cuna persona completa y saludable\u201d y mucho de ello se lo atribuye a su prometido, <a href=\"https:\/\/elpais.com\/elpais\/2020\/02\/03\/gente\/1580743954_806560.html\" target=\"_blank\" rel=\"nofollow noopener\" title=\"https:\/\/elpais.com\/elpais\/2020\/02\/03\/gente\/1580743954_806560.html\">Michael Polansky<\/a>, quien no la ve como la gran Gaga, sino como Stefani. \u201cEstar enamorada de alguien que se preocupa por mi verdadero yo marc\u00f3 una gran diferencia\u201d, comenta quien antes ya hab\u00eda estado comprometida con el actor Taylor Kinney. Pero lo que realmente le ayud\u00f3 fue descubrirse a s\u00ed misma: \u201c\u00bfC\u00f3mo aprendes a ser t\u00fa misma con alguien, cuando no sabes c\u00f3mo ser t\u00fa misma con nadie?\u201d, reflexiona.<\/p>\n<p class=\"\">La artista no es Gaga ni Stefani, sino una fusi\u00f3n de ambas y ha aprendido que aunque \u201csufrir es bueno para el arte, no es nada bueno para ella\u201d. \u201cLady Gaga es la persona que hizo a Lady Gaga\u201d, y explica: \u201cCreo que simplemente me siento m\u00e1s relajada con todo esto. O sea, yo soy Lady Gaga. \u00bfSabes?, \u00bfesa idea de que tiene que ser algo espec\u00edfico? Creo que es una vieja historia que me contaba a m\u00ed misma. Y ya no me importa c\u00f3mo me llamen. Soy simplemente yo\u201d, concluye en la entrevista. <\/p>\n<p class=\"\">El pasado marzo, lanz\u00f3 el \u00e1lbum Mayhem, un disco que <a href=\"https:\/\/elpais.com\/cultura\/2025-11-07\/kendrick-lamar-lady-gaga-bad-bunny-y-sabrina-carpenter-principales-nominados-a-los-grammy-de-2026.html\" target=\"_blank\" rel=\"nofollow noopener\" title=\"https:\/\/elpais.com\/cultura\/2025-11-07\/kendrick-lamar-lady-gaga-bad-bunny-y-sabrina-carpenter-principales-nominados-a-los-grammy-de-2026.html\">ha sido nominado en siete categor\u00edas de los premios Grammy<\/a>, incluyendo la de \u00e1lbum del a\u00f1o. Este ha sido el trabajo m\u00e1s personal de Gaga, y as\u00ed lo explic\u00f3 en <a href=\"https:\/\/www.instagram.com\/ladygaga\/\" target=\"_blank\" rel=\"nofollow noopener\" title=\"https:\/\/www.instagram.com\/ladygaga\/\">su perfil<\/a> de Instagram: \u201cEste \u00e1lbum fue mi manera de averiguar c\u00f3mo respirar en medio de una tormenta \u2014en realidad, solo sigues inhalando todo el viento mientras rezas para que la tormenta se detenga. MAYHEM es mi caos personal\u2014 nacido de la intuici\u00f3n, a veces clara y otras veces completamente rota, pero siempre creado con el deseo de fortalecer mi propia voz\u201c, compart\u00eda con sus m\u00e1s de 60 millones de seguidores. Y a\u00f1ad\u00eda: \u201cHe hablado mucho de MAYHEM como una colecci\u00f3n de sue\u00f1os g\u00f3ticos y, en cierto modo, Lady Gaga fue el primero de ellos. Ella siempre ha sido una expresi\u00f3n de mi realidad humana. \u00bfA qu\u00e9 suena sentirse como si te alejaras flotando de ti mismo? \u00bfA qu\u00e9 suena volver a entrar en tu cuerpo? \u00bfY si solo quieres desvanecerte dentro de alguien m\u00e1s para sanarlo todo y quiz\u00e1 no volver nunca? \u00bfY si no quiero definirme? \u00bfY si lo intentara?\u201d.<\/p>\n<p><script async src=\"\/\/www.instagram.com\/embed.js\"><\/script><\/p>\n","protected":false},"excerpt":{"rendered":"La cantante Lady Gaga (Nueva York, 39 a\u00f1os) ha destacado en la industria de la m\u00fasica, adem\u00e1s de&hellip;\n","protected":false},"author":2,"featured_media":235506,"comment_status":"","ping_status":"","sticky":false,"template":"","format":"standard","meta":{"footnotes":""},"categories":[170],"tags":[3061,146,147,25,24,256,260,4643,16159,184,185,753,4474,23,61183],"class_list":{"0":"post-235505","1":"post","2":"type-post","3":"status-publish","4":"format-standard","5":"has-post-thumbnail","7":"category-musica","8":"tag-cantantes","9":"tag-entertainment","10":"tag-entretenimiento","11":"tag-es","12":"tag-espana","13":"tag-famosos","14":"tag-gente","15":"tag-lady-gaga","16":"tag-litio","17":"tag-music","18":"tag-musica","19":"tag-peliculas","20":"tag-salud-mental","21":"tag-spain","22":"tag-sustancias-dopantes"},"share_on_mastodon":{"url":"https:\/\/pubeurope.com\/@es\/115548055476072357","error":""},"_links":{"self":[{"href":"https:\/\/www.europesays.com\/es\/wp-json\/wp\/v2\/posts\/235505","targetHints":{"allow":["GET"]}}],"collection":[{"href":"https:\/\/www.europesays.com\/es\/wp-json\/wp\/v2\/posts"}],"about":[{"href":"https:\/\/www.europesays.com\/es\/wp-json\/wp\/v2\/types\/post"}],"author":[{"embeddable":true,"href":"https:\/\/www.europesays.com\/es\/wp-json\/wp\/v2\/users\/2"}],"replies":[{"embeddable":true,"href":"https:\/\/www.europesays.com\/es\/wp-json\/wp\/v2\/comments?post=235505"}],"version-history":[{"count":0,"href":"https:\/\/www.europesays.com\/es\/wp-json\/wp\/v2\/posts\/235505\/revisions"}],"wp:featuredmedia":[{"embeddable":true,"href":"https:\/\/www.europesays.com\/es\/wp-json\/wp\/v2\/media\/235506"}],"wp:attachment":[{"href":"https:\/\/www.europesays.com\/es\/wp-json\/wp\/v2\/media?parent=235505"}],"wp:term":[{"taxonomy":"category","embeddable":true,"href":"https:\/\/www.europesays.com\/es\/wp-json\/wp\/v2\/categories?post=235505"},{"taxonomy":"post_tag","embeddable":true,"href":"https:\/\/www.europesays.com\/es\/wp-json\/wp\/v2\/tags?post=235505"}],"curies":[{"name":"wp","href":"https:\/\/api.w.org\/{rel}","templated":true}]}}