{"id":235530,"date":"2025-11-14T12:50:13","date_gmt":"2025-11-14T12:50:13","guid":{"rendered":"https:\/\/www.europesays.com\/es\/235530\/"},"modified":"2025-11-14T12:50:13","modified_gmt":"2025-11-14T12:50:13","slug":"antena-3-un-hombre-se-lia-a-punetazos-con-un-equipo-de-espejo-publico-me-corta-el-cuerpo","status":"publish","type":"post","link":"https:\/\/www.europesays.com\/es\/235530\/","title":{"rendered":"Antena 3: Un hombre se l\u00eda a pu\u00f1etazos con un equipo de &#8216;Espejo P\u00fablico&#8217;: \u00abMe corta el cuerpo\u00bb"},"content":{"rendered":"<p style=\"\">La agresividad nunca lleva a ning\u00fan lado y, desde luego, que la violencia hace que se pierda cualquier raz\u00f3n. Pues bien, este viernes un equipo de &#8216;<strong>Espejo P\u00fablico<\/strong>&#8216; (Antena 3) mientras realizaba un reportaje ha visto c\u00f3mo un individuo sin mediar media palabra ha  &#8230; salido como una fiera a agredirles. \u00abA <strong>pu\u00f1etazos<\/strong>\u00bb, ha se\u00f1alado el reportero del <a href=\"https:\/\/www.abc.es\/play\/television\/noticias\/juan-val-pronuncia-rodeos-sobre-millon-euros-20251113133137-nt.html\" target=\"_self\" data-voc-vtm-id=\"in-text-traffic\" title=\"matinal\" data-mrf-link=\"www.abc.es\" rel=\"nofollow noopener\">matinal<\/a> a Susanna Griso, presentadora del espacio, que atend\u00eda at\u00f3nita a la impactante escena.<\/p>\n<p class=\"voc-p\" style=\"\">&#8216;<strong>Espejo P\u00fablico<\/strong>&#8216; se encontraba en su secci\u00f3n de actualidad y ofrec\u00eda a la audiencia un reportaje acerca de c\u00f3mo propietarios de chal\u00e9s alquilaban garajes a estudiantes por aproximadamente 1.300 euros. Sin embargo, antes de emitir la pieza informativa, el reportero del programa de Antena 3, Javi Fuente, advert\u00eda a <a href=\"https:\/\/www.abc.es\/play\/television\/noticias\/susanna-griso-senala-rotunda-piensan-ruptura-javis-20251113092720-nt.html\" target=\"_self\" data-voc-vtm-id=\"in-text-traffic\" title=\"Susanna Griso\" data-mrf-link=\"www.abc.es\" rel=\"nofollow noopener\">Susanna Griso<\/a> de la <strong>agresi\u00f3n<\/strong> que hab\u00eda sufrido tanto \u00e9l como el c\u00e1mara del espacio. <\/p>\n<p class=\"voc-p\" style=\"\">El reportero del <a href=\"https:\/\/www.abc.es\/play\/television\/noticias\/destapa-gran-mentira-andy-lucas-anos-ambicion-20251112130923-nt.html\" target=\"_self\" data-voc-vtm-id=\"in-text-traffic\" title=\"matinal\" data-mrf-link=\"www.abc.es\" rel=\"nofollow noopener\">matinal<\/a> relataba que se acerc\u00f3 a una de las viviendas para preguntar si quer\u00edan hablar y se llevaron la negativa del propietario, entonces acudieron a otro vecino que los atendi\u00f3 \u00abamablemente\u00bb. \u00abNos dijo: &#8216;mira, yo lo tengo habilitado pero no lo alquilo&#8217;. Entonces, este vecino sali\u00f3 encendid\u00edsimo: &#8216;Estos periodistas son unos sinverg\u00fcenzas&#8217;. Y, claro, en este fragor de la batalla, mientras nuestro compa\u00f1ero c\u00e1mara estaba grabando, se produjo un momento de tensi\u00f3n que van a ver. La verdad que a m\u00ed estos temas me cortan el cuerpo, no deben pasar nunca y hablando se entiende la gente, pero no a <strong>pu\u00f1etazos<\/strong>\u00bb, se\u00f1alaba el periodista de &#8216;<strong>Espejo P\u00fablico<\/strong>&#8216; antes de emitir las violentas im\u00e1genes de la agresi\u00f3n.<\/p>\n<p class=\"voc-p\" style=\"\">\u00ab\u00a1Vete a tomar por culo, hombre! \u00bfQu\u00e9 pasa porque vivan aqu\u00ed estudiantes?\u00bb, espetaba el individuo al equipo del matinal de Antena 3. \u00abQue te meto una <strong>hostia<\/strong> que te tumbo\u00bb, le amenazaba el vecino a los periodistas antes de arrancarse a golpear al c\u00e1mara de &#8216;<strong>Espejo P\u00fablico<\/strong>&#8216;. <\/p>\n<p class=\"voc-p\" style=\"\">Una imagen que indign\u00f3 a Susanna Griso y que no dud\u00f3 en sentenciar: \u00abPero, \u00bfqu\u00e9 respuesta es esa? \u00a1Qu\u00e9 <strong>impresentable!<\/strong>\u00bb, zanj\u00f3 la <a href=\"https:\/\/www.abc.es\/play\/television\/noticias\/saltan-alarmas-cayetano-rivera-nuevas-companias-preocupacion-20251110120440-nt.html\" target=\"_self\" data-voc-vtm-id=\"in-text-traffic\" title=\"presentadora\" data-mrf-link=\"www.abc.es\" rel=\"nofollow noopener\">presentadora<\/a> de &#8216;<strong>Espejo P\u00fablico<\/strong>&#8216;.<\/p>\n","protected":false},"excerpt":{"rendered":"La agresividad nunca lleva a ning\u00fan lado y, desde luego, que la violencia hace que se pierda cualquier&hellip;\n","protected":false},"author":2,"featured_media":235531,"comment_status":"","ping_status":"","sticky":false,"template":"","format":"standard","meta":{"footnotes":""},"categories":[171],"tags":[4708,873,146,147,622,25,24,5174,366,30947,1421,7621,23,214],"class_list":{"0":"post-235530","1":"post","2":"type-post","3":"status-publish","4":"format-standard","5":"has-post-thumbnail","7":"category-tv","8":"tag-corta","9":"tag-cuerpo","10":"tag-entertainment","11":"tag-entretenimiento","12":"tag-equipo","13":"tag-es","14":"tag-espana","15":"tag-espejo","16":"tag-hombre","17":"tag-lia","18":"tag-publico","19":"tag-punetazos","20":"tag-spain","21":"tag-tv"},"share_on_mastodon":{"url":"https:\/\/pubeurope.com\/@es\/115548142021772851","error":""},"_links":{"self":[{"href":"https:\/\/www.europesays.com\/es\/wp-json\/wp\/v2\/posts\/235530","targetHints":{"allow":["GET"]}}],"collection":[{"href":"https:\/\/www.europesays.com\/es\/wp-json\/wp\/v2\/posts"}],"about":[{"href":"https:\/\/www.europesays.com\/es\/wp-json\/wp\/v2\/types\/post"}],"author":[{"embeddable":true,"href":"https:\/\/www.europesays.com\/es\/wp-json\/wp\/v2\/users\/2"}],"replies":[{"embeddable":true,"href":"https:\/\/www.europesays.com\/es\/wp-json\/wp\/v2\/comments?post=235530"}],"version-history":[{"count":0,"href":"https:\/\/www.europesays.com\/es\/wp-json\/wp\/v2\/posts\/235530\/revisions"}],"wp:featuredmedia":[{"embeddable":true,"href":"https:\/\/www.europesays.com\/es\/wp-json\/wp\/v2\/media\/235531"}],"wp:attachment":[{"href":"https:\/\/www.europesays.com\/es\/wp-json\/wp\/v2\/media?parent=235530"}],"wp:term":[{"taxonomy":"category","embeddable":true,"href":"https:\/\/www.europesays.com\/es\/wp-json\/wp\/v2\/categories?post=235530"},{"taxonomy":"post_tag","embeddable":true,"href":"https:\/\/www.europesays.com\/es\/wp-json\/wp\/v2\/tags?post=235530"}],"curies":[{"name":"wp","href":"https:\/\/api.w.org\/{rel}","templated":true}]}}